{"id":751,"date":"2024-01-10T12:30:56","date_gmt":"2024-01-10T11:30:56","guid":{"rendered":"https:\/\/socjolab.pl\/?p=751"},"modified":"2024-02-07T12:10:07","modified_gmt":"2024-02-07T11:10:07","slug":"esg","status":"publish","type":"post","link":"https:\/\/socjolab.pl\/?p=751","title":{"rendered":"ESG to CSR 2.0?"},"content":{"rendered":"\n<p>Koncepcja ESG promuje zr\u00f3wnowa\u017cony rozw\u00f3j, uwzgl\u0119dniaj\u0105c r\u00f3wnocze\u015bnie aspekty \u015brodowiskowe, spo\u0142eczne i zarz\u0105dcze. D\u0105\u017cenie do r\u00f3wnowagi mi\u0119dzy tymi trzema obszarami sprzyja bardziej trwa\u0142emu rozwojowi gospodarczemu, spo\u0142ecznemu i \u015brodowiskowemu.<\/p>\n\n\n\n<p>Firma, kt\u00f3ra skutecznie zarz\u0105dza kwestiami ESG, mo\u017ce minimalizowa\u0107 ryzyko zwi\u0105zanego z potencjalnymi konsekwencjami zwi\u0105zanymi z problemami \u015brodowiskowymi, spo\u0142ecznymi czy korporacyjnymi. Zarz\u0105dzanie tymi obszarami pomaga unika\u0107 dzia\u0142a\u0144 prawnych, strat reputacyjnych i innych ryzyk, kt\u00f3re mog\u0105 wp\u0142yn\u0105\u0107 na warto\u015b\u0107 firmy. Przedsi\u0119biorstwa anga\u017cuj\u0105ce si\u0119 w sprawy spo\u0142eczne, takie jak r\u00f3wno\u015b\u0107, sprawiedliwo\u015b\u0107 spo\u0142eczna, zdrowie i edukacja, mog\u0105 przyczyni\u0107 si\u0119 do poprawy jako\u015bci \u017cycia w spo\u0142ecze\u0144stwie. To z kolei mo\u017ce przyci\u0105ga\u0107 klient\u00f3w, pracownik\u00f3w i inwestor\u00f3w, kt\u00f3rzy s\u0105 coraz bardziej zainteresowani firmami o pozytywnym wp\u0142ywie spo\u0142ecznym.<\/p>\n\n\n\n<p><strong>ESG to skr\u00f3t od trzech kluczowych kategorii kryteri\u00f3w,<\/strong> wed\u0142ug kt\u00f3rych ocenia si\u0119 przedsi\u0119biorstwa pod k\u0105tem zr\u00f3wnowa\u017conego rozwoju i spo\u0142ecznej odpowiedzialno\u015bci. Oto co oznaczaj\u0105 poszczeg\u00f3lne litery:<\/p>\n\n\n\n<ol class=\"wp-block-list\">\n<li><strong>Environmental (\u015arodowiskowe):<\/strong> Odnosi si\u0119 do dzia\u0142a\u0144 i praktyk przedsi\u0119biorstw zwi\u0105zanych z ochron\u0105 \u015brodowiska. W sk\u0142ad tego obszaru wchodzi mi\u0119dzy innymi zarz\u0105dzanie emisjami gaz\u00f3w cieplarnianych, efektywno\u015b\u0107 energetyczna, gospodarka odpadami, ochrona przyrody i zu\u017cycie zasob\u00f3w naturalnych.<\/li>\n\n\n\n<li><strong>Social (Spo\u0142eczne):<\/strong> Dotyczy aspekt\u00f3w spo\u0142ecznych i relacji z interesariuszami. W obszarze spo\u0142ecznym uwzgl\u0119dniane s\u0105 kwestie zwi\u0105zane z pracownikami, relacjami z lokaln\u0105 spo\u0142eczno\u015bci\u0105, bezpiecze\u0144stwem pracy, r\u00f3wno\u015bci\u0105 p\u0142ci, dost\u0119pem do edukacji i zdrowia, a tak\u017ce szacunkiem dla praw cz\u0142owieka.<\/li>\n\n\n\n<li><strong>Governance (Zarz\u0105dzanie):<\/strong> Obejmuje ocen\u0119 struktur zarz\u0105dzania w przedsi\u0119biorstwie, w tym zasady etyki, przejrzysto\u015b\u0107, niezale\u017cno\u015b\u0107 zarz\u0105du, odpowiedzialno\u015b\u0107 korporacyjn\u0105, a tak\u017ce spos\u00f3b funkcjonowania organ\u00f3w nadzorczych.<\/li>\n<\/ol>\n\n\n<div class=\"wp-block-image\">\n<figure class=\"aligncenter size-large is-resized\"><img fetchpriority=\"high\" decoding=\"async\" width=\"1024\" height=\"516\" src=\"https:\/\/socjolab.pl\/wp-content\/uploads\/2024\/01\/image-1024x516.png\" alt=\"\" class=\"wp-image-752\" style=\"width:655px;height:auto\" srcset=\"https:\/\/socjolab.pl\/wp-content\/uploads\/2024\/01\/image-1024x516.png 1024w, https:\/\/socjolab.pl\/wp-content\/uploads\/2024\/01\/image-300x151.png 300w, https:\/\/socjolab.pl\/wp-content\/uploads\/2024\/01\/image-768x387.png 768w, https:\/\/socjolab.pl\/wp-content\/uploads\/2024\/01\/image-1536x774.png 1536w, https:\/\/socjolab.pl\/wp-content\/uploads\/2024\/01\/image.png 1600w\" sizes=\"(max-width: 1024px) 100vw, 1024px\" \/><\/figure>\n<\/div>\n\n\n<p><strong>5 stycznia 2023&nbsp;r. wesz\u0142a w&nbsp;\u017cycie d\u0142ugo oczekiwana unijna dyrektywa CSRD, kt\u00f3ra&nbsp;rozszerzy\u0142a obowi\u0105zki sprawozdawcze dotycz\u0105ce wp\u0142ywu przedsi\u0119biorstw na&nbsp;ludzi i&nbsp;\u015brodowisko.<\/strong><\/p>\n\n\n\n<p>W&nbsp;pierwszej kolejno\u015bci nowe obowi\u0105zki w&nbsp;zakresie raportowania ESG zostan\u0105 na\u0142o\u017cone na&nbsp;najwi\u0119ksze podmioty, kt\u00f3re ju\u017c wcze\u015bniej, na&nbsp;podstawie przepis\u00f3w dyrektywy NFRD i&nbsp;implementuj\u0105cej je&nbsp;ustawy o&nbsp;rachunkowo\u015bci, by\u0142y zobowi\u0105zane do&nbsp;sk\u0142adania sprawozda\u0144 niefinansowych. Kolejno, obowi\u0105zki informacyjne obejm\u0105 wszystkie pozosta\u0142e du\u017ce jednostki (w&nbsp;tym jednostki dominuj\u0105ce du\u017cych grup kapita\u0142owych), czyli takie, kt\u00f3re spe\u0142niaj\u0105 przynajmniej dwa z&nbsp;nast\u0119puj\u0105cych warunk\u00f3w: <\/p>\n\n\n\n<ul class=\"wp-block-list\">\n<li>zatrudniaj\u0105 ponad 250 pracownik\u00f3w, <\/li>\n\n\n\n<li>generuj\u0105 40 mln EUR obrot\u00f3w, lub<\/li>\n\n\n\n<li>maj\u0105 20 mln EUR ca\u0142kowitych aktyw\u00f3w. <\/li>\n<\/ul>\n\n\n\n<p>Na&nbsp;ko\u0144cu dyrektywa CSRD zobowi\u0105\u017ce do&nbsp;sprawozdawczo\u015bci w&nbsp;obszarze ESG ma\u0142e i&nbsp;\u015brednie sp\u00f3\u0142ki gie\u0142dowe. Raportowa\u0107 w&nbsp;tym zakresie b\u0119d\u0105 musia\u0142y tak\u017ce niekt\u00f3re podmioty spoza Unii Europejskiej \u2013 dyrektywa na\u0142o\u017cy ten obowi\u0105zek na&nbsp;jednostki z&nbsp;pa\u0144stw trzecich, kt\u00f3re: Generuj\u0105 w&nbsp;UE obr\u00f3t przekraczaj\u0105cy 150 mln EUR oraz Posiadaj\u0105 oddzia\u0142 na&nbsp;terytorium UE.<\/p>\n\n\n\n<p>Wprowadzenie zasad ESG w obszar HR nie tylko wp\u0142ywa na korporacyjne warto\u015bci, ale tak\u017ce kszta\u0142tuje kluczowe wska\u017aniki efektywno\u015bci HR. Organizacje, kt\u00f3re skutecznie integruj\u0105 ESG w zarz\u0105dzaniu personelem, <strong>buduj\u0105 zr\u00f3wnowa\u017con\u0105 kultur\u0119, przyci\u0105gaj\u0105 najlepsze talenty, poprawiaj\u0105 efektywno\u015b\u0107 zespo\u0142\u00f3w, a tak\u017ce zyskuj\u0105 pozytywny wizerunek zar\u00f3wno w\u015br\u00f3d pracownik\u00f3w, jak i spo\u0142ecze\u0144stwa.<\/strong> To podej\u015bcie staje si\u0119 nie tylko elementem strategii biznesowej, ale r\u00f3wnie\u017c kluczowym sk\u0142adnikiem sukcesu organizacyjnego w erze zr\u00f3wnowa\u017conego rozwoju.<\/p>\n\n\n\n<p>Szerzej na temat dzia\u0142a\u0144 CSR przeczytasz w innym wpisie, <a href=\"https:\/\/socjolab.pl\/?p=621\">tutaj<\/a><\/p>\n","protected":false},"excerpt":{"rendered":"<p>Koncepcja ESG promuje zr\u00f3wnowa\u017cony rozw\u00f3j, uwzgl\u0119dniaj\u0105c r\u00f3wnocze\u015bnie aspekty \u015brodowiskowe, spo\u0142eczne i zarz\u0105dcze. D\u0105\u017cenie do r\u00f3wnowagi mi\u0119dzy tymi trzema obszarami sprzyja bardziej trwa\u0142emu rozwojowi gospodarczemu, spo\u0142ecznemu&hellip;&nbsp;<a href=\"https:\/\/socjolab.pl\/?p=751\" class=\"\" rel=\"bookmark\">Dowiedz si\u0119 wi\u0119cej &raquo;<span class=\"screen-reader-text\">ESG to CSR 2.0?<\/span><\/a><\/p>\n","protected":false},"author":1,"featured_media":753,"comment_status":"open","ping_status":"open","sticky":false,"template":"","format":"standard","meta":{"neve_meta_sidebar":"","neve_meta_container":"","neve_meta_enable_content_width":"","neve_meta_content_width":0,"neve_meta_title_alignment":"","neve_meta_author_avatar":"","neve_post_elements_order":"","neve_meta_disable_header":"","neve_meta_disable_footer":"","neve_meta_disable_title":"","footnotes":""},"categories":[12],"tags":[37,43,44,45],"class_list":["post-751","post","type-post","status-publish","format-standard","has-post-thumbnail","hentry","category-wiedza","tag-csr","tag-esg","tag-raportowanie","tag-spoleczna-odpowiedzialnosc-biznesu"],"yoast_head":"<!-- This site is optimized with the Yoast SEO plugin v26.8 - https:\/\/yoast.com\/product\/yoast-seo-wordpress\/ -->\n<title>ESG to CSR 2.0? - SOCJOLAB<\/title>\n<meta name=\"description\" content=\"Obowi\u0105zek ESG dla firm dzia\u0142aj\u0105cych w obszarze CSR? Dla kogo jest wymogiem i od kiedy?\" \/>\n<meta name=\"robots\" content=\"index, follow, max-snippet:-1, max-image-preview:large, max-video-preview:-1\" \/>\n<link rel=\"canonical\" href=\"https:\/\/socjolab.pl\/?p=751\" \/>\n<meta property=\"og:locale\" content=\"pl_PL\" \/>\n<meta property=\"og:type\" content=\"article\" \/>\n<meta property=\"og:title\" content=\"ESG to CSR 2.0? - SOCJOLAB\" \/>\n<meta property=\"og:description\" content=\"Obowi\u0105zek ESG dla firm dzia\u0142aj\u0105cych w obszarze CSR? Dla kogo jest wymogiem i od kiedy?\" \/>\n<meta property=\"og:url\" content=\"https:\/\/socjolab.pl\/?p=751\" \/>\n<meta property=\"og:site_name\" content=\"SOCJOLAB\" \/>\n<meta property=\"article:published_time\" content=\"2024-01-10T11:30:56+00:00\" \/>\n<meta property=\"article:modified_time\" content=\"2024-02-07T11:10:07+00:00\" \/>\n<meta property=\"og:image\" content=\"https:\/\/socjolab.pl\/wp-content\/uploads\/2024\/01\/wzory-graficzne-socjolab.jpg\" \/>\n\t<meta property=\"og:image:width\" content=\"1920\" \/>\n\t<meta property=\"og:image:height\" content=\"1080\" \/>\n\t<meta property=\"og:image:type\" content=\"image\/jpeg\" \/>\n<meta name=\"author\" content=\"admin\" \/>\n<meta name=\"twitter:card\" content=\"summary_large_image\" \/>\n<meta name=\"twitter:label1\" content=\"Napisane przez\" \/>\n\t<meta name=\"twitter:data1\" content=\"admin\" \/>\n\t<meta name=\"twitter:label2\" content=\"Szacowany czas czytania\" \/>\n\t<meta name=\"twitter:data2\" content=\"4 minuty\" \/>\n<script type=\"application\/ld+json\" class=\"yoast-schema-graph\">{\"@context\":\"https:\/\/schema.org\",\"@graph\":[{\"@type\":\"Article\",\"@id\":\"https:\/\/socjolab.pl\/?p=751#article\",\"isPartOf\":{\"@id\":\"https:\/\/socjolab.pl\/?p=751\"},\"author\":{\"name\":\"admin\",\"@id\":\"https:\/\/socjolab.pl\/#\/schema\/person\/fe6eb68d8df4a70ddc05510de89286c4\"},\"headline\":\"ESG to CSR 2.0?\",\"datePublished\":\"2024-01-10T11:30:56+00:00\",\"dateModified\":\"2024-02-07T11:10:07+00:00\",\"mainEntityOfPage\":{\"@id\":\"https:\/\/socjolab.pl\/?p=751\"},\"wordCount\":633,\"commentCount\":0,\"publisher\":{\"@id\":\"https:\/\/socjolab.pl\/#organization\"},\"image\":{\"@id\":\"https:\/\/socjolab.pl\/?p=751#primaryimage\"},\"thumbnailUrl\":\"https:\/\/socjolab.pl\/wp-content\/uploads\/2024\/01\/wzory-graficzne-socjolab.jpg\",\"keywords\":[\"CSR\",\"ESG\",\"raportowanie\",\"spo\u0142eczna odpowiedzialno\u015b\u0107 biznesu\"],\"articleSection\":[\"wiedza\"],\"inLanguage\":\"pl-PL\",\"potentialAction\":[{\"@type\":\"CommentAction\",\"name\":\"Comment\",\"target\":[\"https:\/\/socjolab.pl\/?p=751#respond\"]}]},{\"@type\":\"WebPage\",\"@id\":\"https:\/\/socjolab.pl\/?p=751\",\"url\":\"https:\/\/socjolab.pl\/?p=751\",\"name\":\"ESG to CSR 2.0? - SOCJOLAB\",\"isPartOf\":{\"@id\":\"https:\/\/socjolab.pl\/#website\"},\"primaryImageOfPage\":{\"@id\":\"https:\/\/socjolab.pl\/?p=751#primaryimage\"},\"image\":{\"@id\":\"https:\/\/socjolab.pl\/?p=751#primaryimage\"},\"thumbnailUrl\":\"https:\/\/socjolab.pl\/wp-content\/uploads\/2024\/01\/wzory-graficzne-socjolab.jpg\",\"datePublished\":\"2024-01-10T11:30:56+00:00\",\"dateModified\":\"2024-02-07T11:10:07+00:00\",\"description\":\"Obowi\u0105zek ESG dla firm dzia\u0142aj\u0105cych w obszarze CSR? Dla kogo jest wymogiem i od kiedy?\",\"breadcrumb\":{\"@id\":\"https:\/\/socjolab.pl\/?p=751#breadcrumb\"},\"inLanguage\":\"pl-PL\",\"potentialAction\":[{\"@type\":\"ReadAction\",\"target\":[\"https:\/\/socjolab.pl\/?p=751\"]}]},{\"@type\":\"ImageObject\",\"inLanguage\":\"pl-PL\",\"@id\":\"https:\/\/socjolab.pl\/?p=751#primaryimage\",\"url\":\"https:\/\/socjolab.pl\/wp-content\/uploads\/2024\/01\/wzory-graficzne-socjolab.jpg\",\"contentUrl\":\"https:\/\/socjolab.pl\/wp-content\/uploads\/2024\/01\/wzory-graficzne-socjolab.jpg\",\"width\":1920,\"height\":1080,\"caption\":\"socjolab esg scr\"},{\"@type\":\"BreadcrumbList\",\"@id\":\"https:\/\/socjolab.pl\/?p=751#breadcrumb\",\"itemListElement\":[{\"@type\":\"ListItem\",\"position\":1,\"name\":\"Strona g\u0142\u00f3wna\",\"item\":\"https:\/\/socjolab.pl\/\"},{\"@type\":\"ListItem\",\"position\":2,\"name\":\"ESG to CSR 2.0?\"}]},{\"@type\":\"WebSite\",\"@id\":\"https:\/\/socjolab.pl\/#website\",\"url\":\"https:\/\/socjolab.pl\/\",\"name\":\"SOCJOLAB\",\"description\":\"szkolenia, doradztwo\",\"publisher\":{\"@id\":\"https:\/\/socjolab.pl\/#organization\"},\"potentialAction\":[{\"@type\":\"SearchAction\",\"target\":{\"@type\":\"EntryPoint\",\"urlTemplate\":\"https:\/\/socjolab.pl\/?s={search_term_string}\"},\"query-input\":{\"@type\":\"PropertyValueSpecification\",\"valueRequired\":true,\"valueName\":\"search_term_string\"}}],\"inLanguage\":\"pl-PL\"},{\"@type\":\"Organization\",\"@id\":\"https:\/\/socjolab.pl\/#organization\",\"name\":\"CENTRUM SZKOLENIOWE\",\"url\":\"https:\/\/socjolab.pl\/\",\"logo\":{\"@type\":\"ImageObject\",\"inLanguage\":\"pl-PL\",\"@id\":\"https:\/\/socjolab.pl\/#\/schema\/logo\/image\/\",\"url\":\"https:\/\/socjolab.pl\/wp-content\/uploads\/2024\/03\/Bezowy-Pomaranczowy-Niebieski-i-Zielony-Nieregularne-Bazgroly-Zestaw-do-Swietowania-dla-Firmy-Post-na-Facebooka.jpg\",\"contentUrl\":\"https:\/\/socjolab.pl\/wp-content\/uploads\/2024\/03\/Bezowy-Pomaranczowy-Niebieski-i-Zielony-Nieregularne-Bazgroly-Zestaw-do-Swietowania-dla-Firmy-Post-na-Facebooka.jpg\",\"width\":940,\"height\":788,\"caption\":\"CENTRUM SZKOLENIOWE\"},\"image\":{\"@id\":\"https:\/\/socjolab.pl\/#\/schema\/logo\/image\/\"}},{\"@type\":\"Person\",\"@id\":\"https:\/\/socjolab.pl\/#\/schema\/person\/fe6eb68d8df4a70ddc05510de89286c4\",\"name\":\"admin\",\"image\":{\"@type\":\"ImageObject\",\"inLanguage\":\"pl-PL\",\"@id\":\"https:\/\/socjolab.pl\/#\/schema\/person\/image\/\",\"url\":\"https:\/\/secure.gravatar.com\/avatar\/1a6fbe7312a100f8cf31e6944992876bdc9944a2b29107ef260fd2aa72a26376?s=96&d=mm&r=g\",\"contentUrl\":\"https:\/\/secure.gravatar.com\/avatar\/1a6fbe7312a100f8cf31e6944992876bdc9944a2b29107ef260fd2aa72a26376?s=96&d=mm&r=g\",\"caption\":\"admin\"},\"sameAs\":[\"http:\/\/socjolab.pl\"],\"url\":\"https:\/\/socjolab.pl\/?author=1\"}]}<\/script>\n<!-- \/ Yoast SEO plugin. -->","yoast_head_json":{"title":"ESG to CSR 2.0? - SOCJOLAB","description":"Obowi\u0105zek ESG dla firm dzia\u0142aj\u0105cych w obszarze CSR? Dla kogo jest wymogiem i od kiedy?","robots":{"index":"index","follow":"follow","max-snippet":"max-snippet:-1","max-image-preview":"max-image-preview:large","max-video-preview":"max-video-preview:-1"},"canonical":"https:\/\/socjolab.pl\/?p=751","og_locale":"pl_PL","og_type":"article","og_title":"ESG to CSR 2.0? - SOCJOLAB","og_description":"Obowi\u0105zek ESG dla firm dzia\u0142aj\u0105cych w obszarze CSR? Dla kogo jest wymogiem i od kiedy?","og_url":"https:\/\/socjolab.pl\/?p=751","og_site_name":"SOCJOLAB","article_published_time":"2024-01-10T11:30:56+00:00","article_modified_time":"2024-02-07T11:10:07+00:00","og_image":[{"width":1920,"height":1080,"url":"https:\/\/socjolab.pl\/wp-content\/uploads\/2024\/01\/wzory-graficzne-socjolab.jpg","type":"image\/jpeg"}],"author":"admin","twitter_card":"summary_large_image","twitter_misc":{"Napisane przez":"admin","Szacowany czas czytania":"4 minuty"},"schema":{"@context":"https:\/\/schema.org","@graph":[{"@type":"Article","@id":"https:\/\/socjolab.pl\/?p=751#article","isPartOf":{"@id":"https:\/\/socjolab.pl\/?p=751"},"author":{"name":"admin","@id":"https:\/\/socjolab.pl\/#\/schema\/person\/fe6eb68d8df4a70ddc05510de89286c4"},"headline":"ESG to CSR 2.0?","datePublished":"2024-01-10T11:30:56+00:00","dateModified":"2024-02-07T11:10:07+00:00","mainEntityOfPage":{"@id":"https:\/\/socjolab.pl\/?p=751"},"wordCount":633,"commentCount":0,"publisher":{"@id":"https:\/\/socjolab.pl\/#organization"},"image":{"@id":"https:\/\/socjolab.pl\/?p=751#primaryimage"},"thumbnailUrl":"https:\/\/socjolab.pl\/wp-content\/uploads\/2024\/01\/wzory-graficzne-socjolab.jpg","keywords":["CSR","ESG","raportowanie","spo\u0142eczna odpowiedzialno\u015b\u0107 biznesu"],"articleSection":["wiedza"],"inLanguage":"pl-PL","potentialAction":[{"@type":"CommentAction","name":"Comment","target":["https:\/\/socjolab.pl\/?p=751#respond"]}]},{"@type":"WebPage","@id":"https:\/\/socjolab.pl\/?p=751","url":"https:\/\/socjolab.pl\/?p=751","name":"ESG to CSR 2.0? - SOCJOLAB","isPartOf":{"@id":"https:\/\/socjolab.pl\/#website"},"primaryImageOfPage":{"@id":"https:\/\/socjolab.pl\/?p=751#primaryimage"},"image":{"@id":"https:\/\/socjolab.pl\/?p=751#primaryimage"},"thumbnailUrl":"https:\/\/socjolab.pl\/wp-content\/uploads\/2024\/01\/wzory-graficzne-socjolab.jpg","datePublished":"2024-01-10T11:30:56+00:00","dateModified":"2024-02-07T11:10:07+00:00","description":"Obowi\u0105zek ESG dla firm dzia\u0142aj\u0105cych w obszarze CSR? Dla kogo jest wymogiem i od kiedy?","breadcrumb":{"@id":"https:\/\/socjolab.pl\/?p=751#breadcrumb"},"inLanguage":"pl-PL","potentialAction":[{"@type":"ReadAction","target":["https:\/\/socjolab.pl\/?p=751"]}]},{"@type":"ImageObject","inLanguage":"pl-PL","@id":"https:\/\/socjolab.pl\/?p=751#primaryimage","url":"https:\/\/socjolab.pl\/wp-content\/uploads\/2024\/01\/wzory-graficzne-socjolab.jpg","contentUrl":"https:\/\/socjolab.pl\/wp-content\/uploads\/2024\/01\/wzory-graficzne-socjolab.jpg","width":1920,"height":1080,"caption":"socjolab esg scr"},{"@type":"BreadcrumbList","@id":"https:\/\/socjolab.pl\/?p=751#breadcrumb","itemListElement":[{"@type":"ListItem","position":1,"name":"Strona g\u0142\u00f3wna","item":"https:\/\/socjolab.pl\/"},{"@type":"ListItem","position":2,"name":"ESG to CSR 2.0?"}]},{"@type":"WebSite","@id":"https:\/\/socjolab.pl\/#website","url":"https:\/\/socjolab.pl\/","name":"SOCJOLAB","description":"szkolenia, doradztwo","publisher":{"@id":"https:\/\/socjolab.pl\/#organization"},"potentialAction":[{"@type":"SearchAction","target":{"@type":"EntryPoint","urlTemplate":"https:\/\/socjolab.pl\/?s={search_term_string}"},"query-input":{"@type":"PropertyValueSpecification","valueRequired":true,"valueName":"search_term_string"}}],"inLanguage":"pl-PL"},{"@type":"Organization","@id":"https:\/\/socjolab.pl\/#organization","name":"CENTRUM SZKOLENIOWE","url":"https:\/\/socjolab.pl\/","logo":{"@type":"ImageObject","inLanguage":"pl-PL","@id":"https:\/\/socjolab.pl\/#\/schema\/logo\/image\/","url":"https:\/\/socjolab.pl\/wp-content\/uploads\/2024\/03\/Bezowy-Pomaranczowy-Niebieski-i-Zielony-Nieregularne-Bazgroly-Zestaw-do-Swietowania-dla-Firmy-Post-na-Facebooka.jpg","contentUrl":"https:\/\/socjolab.pl\/wp-content\/uploads\/2024\/03\/Bezowy-Pomaranczowy-Niebieski-i-Zielony-Nieregularne-Bazgroly-Zestaw-do-Swietowania-dla-Firmy-Post-na-Facebooka.jpg","width":940,"height":788,"caption":"CENTRUM SZKOLENIOWE"},"image":{"@id":"https:\/\/socjolab.pl\/#\/schema\/logo\/image\/"}},{"@type":"Person","@id":"https:\/\/socjolab.pl\/#\/schema\/person\/fe6eb68d8df4a70ddc05510de89286c4","name":"admin","image":{"@type":"ImageObject","inLanguage":"pl-PL","@id":"https:\/\/socjolab.pl\/#\/schema\/person\/image\/","url":"https:\/\/secure.gravatar.com\/avatar\/1a6fbe7312a100f8cf31e6944992876bdc9944a2b29107ef260fd2aa72a26376?s=96&d=mm&r=g","contentUrl":"https:\/\/secure.gravatar.com\/avatar\/1a6fbe7312a100f8cf31e6944992876bdc9944a2b29107ef260fd2aa72a26376?s=96&d=mm&r=g","caption":"admin"},"sameAs":["http:\/\/socjolab.pl"],"url":"https:\/\/socjolab.pl\/?author=1"}]}},"_links":{"self":[{"href":"https:\/\/socjolab.pl\/index.php?rest_route=\/wp\/v2\/posts\/751","targetHints":{"allow":["GET"]}}],"collection":[{"href":"https:\/\/socjolab.pl\/index.php?rest_route=\/wp\/v2\/posts"}],"about":[{"href":"https:\/\/socjolab.pl\/index.php?rest_route=\/wp\/v2\/types\/post"}],"author":[{"embeddable":true,"href":"https:\/\/socjolab.pl\/index.php?rest_route=\/wp\/v2\/users\/1"}],"replies":[{"embeddable":true,"href":"https:\/\/socjolab.pl\/index.php?rest_route=%2Fwp%2Fv2%2Fcomments&post=751"}],"version-history":[{"count":2,"href":"https:\/\/socjolab.pl\/index.php?rest_route=\/wp\/v2\/posts\/751\/revisions"}],"predecessor-version":[{"id":985,"href":"https:\/\/socjolab.pl\/index.php?rest_route=\/wp\/v2\/posts\/751\/revisions\/985"}],"wp:featuredmedia":[{"embeddable":true,"href":"https:\/\/socjolab.pl\/index.php?rest_route=\/wp\/v2\/media\/753"}],"wp:attachment":[{"href":"https:\/\/socjolab.pl\/index.php?rest_route=%2Fwp%2Fv2%2Fmedia&parent=751"}],"wp:term":[{"taxonomy":"category","embeddable":true,"href":"https:\/\/socjolab.pl\/index.php?rest_route=%2Fwp%2Fv2%2Fcategories&post=751"},{"taxonomy":"post_tag","embeddable":true,"href":"https:\/\/socjolab.pl\/index.php?rest_route=%2Fwp%2Fv2%2Ftags&post=751"}],"curies":[{"name":"wp","href":"https:\/\/api.w.org\/{rel}","templated":true}]}}