{"id":2101,"date":"2026-02-20T09:55:00","date_gmt":"2026-02-20T08:55:00","guid":{"rendered":"https:\/\/socjolab.pl\/?p=2101"},"modified":"2026-02-09T10:01:36","modified_gmt":"2026-02-09T09:01:36","slug":"lider-odpornosci","status":"publish","type":"post","link":"https:\/\/socjolab.pl\/?p=2101","title":{"rendered":"Lider w czasach niepokoju"},"content":{"rendered":"\n<p>Jak zarz\u0105dza\u0107 zespo\u0142em w \u201eneurotycznym\u201d \u015bwiecie?<\/p>\n\n\n\n<p>W poprzednim wpisie zdiagnozowali\u015bmy zjawisko <strong><a href=\"https:\/\/socjolab.pl\/?p=2097\" type=\"link\" id=\"https:\/\/socjolab.pl\/?p=2097\">spo\u0142ecze\u0144stwa neurotycznego<\/a><\/strong> \u2013 zbiorowo\u015bci \u017cyj\u0105cej w chronicznym stresie, podatnej na polaryzacj\u0119 i dezinformacj\u0119. Dla lider\u00f3w, mened\u017cer\u00f3w i w\u0142a\u015bcicieli firm ta diagnoza ma fundamentalne znaczenie: <strong>Wasi pracownicy nie zostawiaj\u0105 swoich l\u0119k\u00f3w przed drzwiami biura.<\/strong> <\/p>\n\n\n\n<p>W \u015bwiecie zdominowanym przez reaktywno\u015b\u0107, rola lidera ewoluuje. Nie wystarczy ju\u017c zarz\u0105dza\u0107 procesami; dzi\u015b trzeba zarz\u0105dza\u0107 <strong>bezpiecze\u0144stwem psychologicznym<\/strong>.<\/p>\n\n\n\n<p><\/p>\n\n\n\n<h3 class=\"wp-block-heading\">Biologia l\u0119ku: Neurony lustrzane w akcji<\/h3>\n\n\n\n<p>U podstaw zaka\u017cenia emocjonalnego le\u017c\u0105 nasze <strong>neurony lustrzane<\/strong>. To one pozwalaj\u0105 nam wsp\u00f3\u0142odczuwa\u0107, ale w warunkach stresu spo\u0142ecznego staj\u0105 si\u0119 &#8222;autostrad\u0105 dla l\u0119ku&#8221;. Kiedy widzimy osob\u0119 spanikowan\u0105 lub skrajnie zirytowan\u0105, nasz m\u00f3zg symuluje ten stan, przygotowuj\u0105c nas do reakcji obronnej. W neurotycznym spo\u0142ecze\u0144stwie ten mechanizm jest w stanie ci\u0105g\u0142ego pobudzenia.<\/p>\n\n\n\n<h3 class=\"wp-block-heading\">Cyfrowe echo: Zaka\u017cenie 2.0<\/h3>\n\n\n\n<p>Dawniej zaka\u017cenie emocjonalne wymaga\u0142o fizycznej obecno\u015bci. Dzi\u015b media spo\u0142eczno\u015bciowe pe\u0142ni\u0105 rol\u0119 gigantycznego wzmacniacza.<\/p>\n\n\n\n<ul class=\"wp-block-list\">\n<li><strong>Algorytmy premiuj\u0105ce emocje:<\/strong> Mechanizmy platform cyfrowych promuj\u0105 tre\u015bci wywo\u0142uj\u0105ce silne, negatywne emocje (z\u0142o\u015b\u0107, strach), bo to one najskuteczniej przykuwaj\u0105 uwag\u0119.<\/li>\n\n\n\n<li><strong>Brak filtra racjonalnego:<\/strong> Kr\u00f3tka forma komunikatu (tweet, szybki post) sprawia, \u017ce emocja dociera do nas szybciej ni\u017c kontekst czy fakty. Stajemy si\u0119 odbiornikami cudzego niepokoju, zanim zd\u0105\u017cymy go zweryfikowa\u0107.<\/li>\n<\/ul>\n\n\n\n<h3 class=\"wp-block-heading\">Zjawisko wewn\u0105trz organizacji<\/h3>\n\n\n\n<p>W zespole zaka\u017cenie emocjonalne cz\u0119sto nast\u0119puje kaskadowo \u2013 od g\u00f3ry do do\u0142u. Je\u015bli lider jest &#8222;nosicielem&#8221; l\u0119ku, jego mowa cia\u0142a, ton g\u0142osu i tempo podejmowania decyzji wysy\u0142aj\u0105 do zespo\u0142u sygna\u0142: <em>Jeste\u015bmy w niebezpiecze\u0144stwie<\/em>.<\/p>\n\n\n\n<ul class=\"wp-block-list\">\n<li><strong>Efekt domina:<\/strong> Wystarczy jedna osoba o silnej osobowo\u015bci i wysokim poziomie neurotyczno\u015bci, by sparali\u017cowa\u0107 kreatywno\u015b\u0107 ca\u0142ego dzia\u0142u.<\/li>\n\n\n\n<li><strong>Kultura narzekania:<\/strong> Chroniczne narzekanie to forma zaka\u017cenia, kt\u00f3ra obni\u017ca poziom dopaminy u wszystkich s\u0142uchaczy, drastycznie redukuj\u0105c motywacj\u0119.<\/li>\n<\/ul>\n\n\n\n<h3 class=\"wp-block-heading\">Jak przerwa\u0107 \u0142a\u0144cuch zaka\u017ce\u0144? (Perspektywa Socjolab)<\/h3>\n\n\n\n<p>Zrozumienie tego mechanizmu to klucz do budowania <strong>odporno\u015bci organizacyjnej<\/strong>. W ramach naszych szkole\u0144 uczymy metod &#8222;higieny emocjonalnej&#8221;:<\/p>\n\n\n\n<ol start=\"1\" class=\"wp-block-list\">\n<li><strong>Samo\u015bwiadomo\u015b\u0107 emocjonalna:<\/strong> Umiej\u0119tno\u015b\u0107 zadania sobie pytania: <em>&#8222;Czy ten stres jest m\u00f3j, czy po prostu 'z\u0142apa\u0142em&#8217; go od kogo\u015b innego?&#8221;<\/em>.<\/li>\n\n\n\n<li><strong>Lider jako izolator:<\/strong> Techniki tonowania nastroj\u00f3w, kt\u00f3re pozwalaj\u0105 liderowi przyjmowa\u0107 trudne emocje zespo\u0142u, ale nie podawa\u0107 ich dalej w formie paniki.<\/li>\n\n\n\n<li><strong>Tworzenie kontr-emocji:<\/strong> \u015awiadome wprowadzanie do komunikacji element\u00f3w spokoju, humoru i orientacji na rozwi\u0105zanie, kt\u00f3re s\u0105 r\u00f3wnie zara\u017aliwe, co l\u0119k, ale maj\u0105 buduj\u0105cy wp\u0142yw na struktur\u0119 grupy.<\/li>\n<\/ol>\n\n\n\n<hr class=\"wp-block-separator has-alpha-channel-opacity\"\/>\n\n\n\n<blockquote class=\"wp-block-quote is-layout-flow wp-block-quote-is-layout-flow\">\n<p><strong>Wa\u017cna konkluzja:<\/strong> W neurotycznym spo\u0142ecze\u0144stwie emocje s\u0105 zara\u017aliwe jak wirus, dlatego liderzy musz\u0105 sta\u0107 si\u0119 ekspertami od &#8222;emocjonalnej odporno\u015bci stadnej&#8221;.<\/p>\n<\/blockquote>\n\n\n\n<hr class=\"wp-block-separator has-alpha-channel-opacity\"\/>\n\n\n\n<h2 class=\"wp-block-heading\">Dlaczego tradycyjne zarz\u0105dzanie zawodzi w kryzysie zaufania?<\/h2>\n\n\n\n<p>W neurotycznym otoczeniu naturalnym odruchem cz\u0142owieka jest wycofanie, defensywno\u015b\u0107 lub agresja. Je\u015bli kultura organizacyjna opiera si\u0119 na surowym rozliczaniu b\u0142\u0119d\u00f3w, pracownicy (ju\u017c i tak obci\u0105\u017ceni l\u0119kiem spo\u0142ecznym) przestaj\u0105 zg\u0142asza\u0107 problemy. Wynik? Organizacja \u201e\u015blepieje\u201d na realne zagro\u017cenia.<\/p>\n\n\n\n<h3 class=\"wp-block-heading\">Kluczowe filary przyw\u00f3dztwa odpornego (Resilient Leadership):<\/h3>\n\n\n\n<ol start=\"1\" class=\"wp-block-list\">\n<li><strong>Transparentno\u015b\u0107 jako filtr dezinformacji<\/strong> W spo\u0142ecze\u0144stwie neurotycznym brak informacji jest natychmiast zast\u0119powany domys\u0142ami i plotk\u0105. Lider musi sta\u0107 si\u0119 rzetelnym \u017ar\u00f3d\u0142em fakt\u00f3w. Nawet je\u015bli informacja jest trudna, jej podanie buduje zaufanie silniejsze ni\u017c \u201ebezpieczne milczenie\u201d.<\/li>\n\n\n\n<li><strong>Odr\u00f3\u017cnianie fakt\u00f3w od interpretacji<\/strong> To jedna z najcenniejszych umiej\u0119tno\u015bci, kt\u00f3rej uczymy w ramach warsztat\u00f3w krytycznego my\u015blenia w <strong>Socjolab<\/strong>. Pomagamy liderom i zespo\u0142om wypracowa\u0107 nawyk pytania: <em>\u201eCzy to, co nas niepokoi, to twardy fakt, czy nasza interpretacja wynikaj\u0105ca z l\u0119ku?\u201d<\/em>.<\/li>\n\n\n\n<li><strong>Kultywowanie \u201ePsychological Safety\u201d<\/strong> Bezpiecze\u0144stwo psychologiczne to przekonanie, \u017ce w zespole mo\u017cna ryzykowa\u0107 i pope\u0142nia\u0107 b\u0142\u0119dy bez kary. W neurotycznym \u015bwiecie biuro powinno by\u0107 \u201ebezpieczn\u0105 baz\u0105\u201d \u2013 miejscem, gdzie logika wygrywa z emocjonaln\u0105 reaktywno\u015bci\u0105.<\/li>\n<\/ol>\n\n\n\n<hr class=\"wp-block-separator has-alpha-channel-opacity\"\/>\n\n\n\n<h2 class=\"wp-block-heading\">Od reaktywno\u015bci do sprawstwa: Jak odzyska\u0107 kontrol\u0119?<\/h2>\n\n\n\n<p>Spo\u0142ecze\u0144stwo neurotyczne charakteryzuje si\u0119 poczuciem utraty kontroli. Skuteczny lider oddaje t\u0119 kontrol\u0119 pracownikom tam, gdzie to mo\u017cliwe. Ma\u0142e sukcesy, jasne procedury i klarowna struktura feedbacku dzia\u0142aj\u0105 jak kotwica w burzy.<\/p>\n\n\n\n<blockquote class=\"wp-block-quote is-layout-flow wp-block-quote-is-layout-flow\">\n<p><strong>Wskaz\u00f3wka Socjolab:<\/strong> Zamiast pyta\u0107: \u201eDlaczego to nie dzia\u0142a?\u201d, zacznij pyta\u0107: \u201eJakich zasob\u00f3w potrzebujesz, aby poczu\u0107 si\u0119 pewniej w tym zadaniu?\u201d. Ta subtelna zmiana przenosi ci\u0119\u017car z l\u0119ku na rozwi\u0105zanie.<\/p>\n<\/blockquote>\n\n\n\n<hr class=\"wp-block-separator has-alpha-channel-opacity\"\/>\n\n\n\n<h2 class=\"wp-block-heading\">Jak przygotowa\u0107 organizacj\u0119 na wsp\u00f3\u0142czesne wyzwania?<\/h2>\n\n\n\n<p>Neurotyczno\u015b\u0107 otoczenia to zjawisko, z kt\u00f3rym b\u0119dziemy mierzy\u0107 si\u0119 latami. Dlatego w <strong>Socjolab<\/strong> przygotowali\u015bmy \u015bcie\u017cki wsparcia dedykowane organizacjom, kt\u00f3re chc\u0105 budowa\u0107 trwa\u0142a odporno\u015b\u0107:<\/p>\n\n\n\n<ul class=\"wp-block-list\">\n<li><strong>Warsztaty z komunikacji kryzysowej:<\/strong> Jak m\u00f3wi\u0107, by uspokaja\u0107, a nie wznieca\u0107 po\u017cary?<\/li>\n\n\n\n<li><strong>Treningi rezyliencji (odporno\u015bci psychicznej):<\/strong> Praktyczne narz\u0119dzia radzenia sobie ze stresem i przebod\u017acowaniem.<\/li>\n\n\n\n<li><strong>Analiza kultury organizacji:<\/strong> Diagnoza, czy Twoja firma nie powiela toksycznych wzorc\u00f3w neurotycznego spo\u0142ecze\u0144stwa.<\/li>\n<\/ul>\n\n\n\n<hr class=\"wp-block-separator has-alpha-channel-opacity\"\/>\n\n\n\n<h3 class=\"wp-block-heading\">Podsumowanie: Lider jako architekt zaufania<\/h3>\n\n\n\n<p>Bycie liderem w 2026 roku to nie tylko strategia rynkowa. To przede wszystkim dbanie o to, by zesp\u00f3\u0142 potrafi\u0142 racjonalnie ocenia\u0107 rzeczywisto\u015b\u0107 w \u015bwiecie, kt\u00f3ry oszala\u0142 na punkcie emocji.<\/p>\n\n\n\n<p><strong>Czy Tw\u00f3j zesp\u00f3\u0142 jest gotowy na przetrwanie w neurotycznym \u015bwiecie?<\/strong> Zapraszamy do kontaktu z ekspertami <a target=\"_blank\" rel=\"noreferrer noopener\" href=\"https:\/\/www.socjolab.pl\">Socjolab<\/a>. Pomo\u017cemy Ci przej\u015b\u0107 od reaktywnego zarz\u0105dzania do budowania organizacji opartej na faktach i wzajemnym zaufaniu.<\/p>\n","protected":false},"excerpt":{"rendered":"<p>Jak zarz\u0105dza\u0107 zespo\u0142em w \u201eneurotycznym\u201d \u015bwiecie? W poprzednim wpisie zdiagnozowali\u015bmy zjawisko spo\u0142ecze\u0144stwa neurotycznego \u2013 zbiorowo\u015bci \u017cyj\u0105cej w chronicznym stresie, podatnej na polaryzacj\u0119 i dezinformacj\u0119. Dla&hellip;&nbsp;<a href=\"https:\/\/socjolab.pl\/?p=2101\" class=\"\" rel=\"bookmark\">Dowiedz si\u0119 wi\u0119cej &raquo;<span class=\"screen-reader-text\">Lider w czasach niepokoju<\/span><\/a><\/p>\n","protected":false},"author":1,"featured_media":2102,"comment_status":"open","ping_status":"open","sticky":false,"template":"","format":"standard","meta":{"neve_meta_sidebar":"","neve_meta_container":"","neve_meta_enable_content_width":"","neve_meta_content_width":0,"neve_meta_title_alignment":"","neve_meta_author_avatar":"","neve_post_elements_order":"","neve_meta_disable_header":"","neve_meta_disable_footer":"","neve_meta_disable_title":"","footnotes":""},"categories":[1],"tags":[],"class_list":["post-2101","post","type-post","status-publish","format-standard","has-post-thumbnail","hentry","category-bez-kategorii"],"yoast_head":"<!-- This site is optimized with the Yoast SEO plugin v26.8 - https:\/\/yoast.com\/product\/yoast-seo-wordpress\/ -->\n<title>Lider w czasach niepokoju - SOCJOLAB<\/title>\n<meta name=\"description\" content=\"Lider odporno\u015bci: nie wystarczy ju\u017c zarz\u0105dza\u0107 procesami; dzi\u015b trzeba zarz\u0105dza\u0107 bezpiecze\u0144stwem psychologicznym.\" \/>\n<meta name=\"robots\" content=\"index, follow, max-snippet:-1, max-image-preview:large, max-video-preview:-1\" \/>\n<link rel=\"canonical\" href=\"https:\/\/socjolab.pl\/?p=2101\" \/>\n<meta property=\"og:locale\" content=\"pl_PL\" \/>\n<meta property=\"og:type\" content=\"article\" \/>\n<meta property=\"og:title\" content=\"Lider w czasach niepokoju - SOCJOLAB\" \/>\n<meta property=\"og:description\" content=\"Lider odporno\u015bci: nie wystarczy ju\u017c zarz\u0105dza\u0107 procesami; dzi\u015b trzeba zarz\u0105dza\u0107 bezpiecze\u0144stwem psychologicznym.\" \/>\n<meta property=\"og:url\" content=\"https:\/\/socjolab.pl\/?p=2101\" \/>\n<meta property=\"og:site_name\" content=\"SOCJOLAB\" \/>\n<meta property=\"article:published_time\" content=\"2026-02-20T08:55:00+00:00\" \/>\n<meta property=\"og:image\" content=\"https:\/\/socjolab.pl\/wp-content\/uploads\/2026\/02\/Laboratorium-spoleczne-6.jpg\" \/>\n\t<meta property=\"og:image:width\" content=\"1920\" \/>\n\t<meta property=\"og:image:height\" content=\"1080\" \/>\n\t<meta property=\"og:image:type\" content=\"image\/jpeg\" \/>\n<meta name=\"author\" content=\"admin\" \/>\n<meta name=\"twitter:card\" content=\"summary_large_image\" \/>\n<meta name=\"twitter:label1\" content=\"Napisane przez\" \/>\n\t<meta name=\"twitter:data1\" content=\"admin\" \/>\n\t<meta name=\"twitter:label2\" content=\"Szacowany czas czytania\" \/>\n\t<meta name=\"twitter:data2\" content=\"5 minut\" \/>\n<script type=\"application\/ld+json\" class=\"yoast-schema-graph\">{\"@context\":\"https:\/\/schema.org\",\"@graph\":[{\"@type\":\"Article\",\"@id\":\"https:\/\/socjolab.pl\/?p=2101#article\",\"isPartOf\":{\"@id\":\"https:\/\/socjolab.pl\/?p=2101\"},\"author\":{\"name\":\"admin\",\"@id\":\"https:\/\/socjolab.pl\/#\/schema\/person\/fe6eb68d8df4a70ddc05510de89286c4\"},\"headline\":\"Lider w czasach niepokoju\",\"datePublished\":\"2026-02-20T08:55:00+00:00\",\"mainEntityOfPage\":{\"@id\":\"https:\/\/socjolab.pl\/?p=2101\"},\"wordCount\":870,\"commentCount\":0,\"publisher\":{\"@id\":\"https:\/\/socjolab.pl\/#organization\"},\"image\":{\"@id\":\"https:\/\/socjolab.pl\/?p=2101#primaryimage\"},\"thumbnailUrl\":\"https:\/\/socjolab.pl\/wp-content\/uploads\/2026\/02\/Laboratorium-spoleczne-6.jpg\",\"inLanguage\":\"pl-PL\",\"potentialAction\":[{\"@type\":\"CommentAction\",\"name\":\"Comment\",\"target\":[\"https:\/\/socjolab.pl\/?p=2101#respond\"]}]},{\"@type\":\"WebPage\",\"@id\":\"https:\/\/socjolab.pl\/?p=2101\",\"url\":\"https:\/\/socjolab.pl\/?p=2101\",\"name\":\"Lider w czasach niepokoju - SOCJOLAB\",\"isPartOf\":{\"@id\":\"https:\/\/socjolab.pl\/#website\"},\"primaryImageOfPage\":{\"@id\":\"https:\/\/socjolab.pl\/?p=2101#primaryimage\"},\"image\":{\"@id\":\"https:\/\/socjolab.pl\/?p=2101#primaryimage\"},\"thumbnailUrl\":\"https:\/\/socjolab.pl\/wp-content\/uploads\/2026\/02\/Laboratorium-spoleczne-6.jpg\",\"datePublished\":\"2026-02-20T08:55:00+00:00\",\"description\":\"Lider odporno\u015bci: nie wystarczy ju\u017c zarz\u0105dza\u0107 procesami; dzi\u015b trzeba zarz\u0105dza\u0107 bezpiecze\u0144stwem psychologicznym.\",\"breadcrumb\":{\"@id\":\"https:\/\/socjolab.pl\/?p=2101#breadcrumb\"},\"inLanguage\":\"pl-PL\",\"potentialAction\":[{\"@type\":\"ReadAction\",\"target\":[\"https:\/\/socjolab.pl\/?p=2101\"]}]},{\"@type\":\"ImageObject\",\"inLanguage\":\"pl-PL\",\"@id\":\"https:\/\/socjolab.pl\/?p=2101#primaryimage\",\"url\":\"https:\/\/socjolab.pl\/wp-content\/uploads\/2026\/02\/Laboratorium-spoleczne-6.jpg\",\"contentUrl\":\"https:\/\/socjolab.pl\/wp-content\/uploads\/2026\/02\/Laboratorium-spoleczne-6.jpg\",\"width\":1920,\"height\":1080,\"caption\":\"rafa\u0142 guzowski\"},{\"@type\":\"BreadcrumbList\",\"@id\":\"https:\/\/socjolab.pl\/?p=2101#breadcrumb\",\"itemListElement\":[{\"@type\":\"ListItem\",\"position\":1,\"name\":\"Strona g\u0142\u00f3wna\",\"item\":\"https:\/\/socjolab.pl\/\"},{\"@type\":\"ListItem\",\"position\":2,\"name\":\"Lider w czasach niepokoju\"}]},{\"@type\":\"WebSite\",\"@id\":\"https:\/\/socjolab.pl\/#website\",\"url\":\"https:\/\/socjolab.pl\/\",\"name\":\"SOCJOLAB\",\"description\":\"szkolenia, doradztwo\",\"publisher\":{\"@id\":\"https:\/\/socjolab.pl\/#organization\"},\"potentialAction\":[{\"@type\":\"SearchAction\",\"target\":{\"@type\":\"EntryPoint\",\"urlTemplate\":\"https:\/\/socjolab.pl\/?s={search_term_string}\"},\"query-input\":{\"@type\":\"PropertyValueSpecification\",\"valueRequired\":true,\"valueName\":\"search_term_string\"}}],\"inLanguage\":\"pl-PL\"},{\"@type\":\"Organization\",\"@id\":\"https:\/\/socjolab.pl\/#organization\",\"name\":\"CENTRUM SZKOLENIOWE\",\"url\":\"https:\/\/socjolab.pl\/\",\"logo\":{\"@type\":\"ImageObject\",\"inLanguage\":\"pl-PL\",\"@id\":\"https:\/\/socjolab.pl\/#\/schema\/logo\/image\/\",\"url\":\"https:\/\/socjolab.pl\/wp-content\/uploads\/2024\/03\/Bezowy-Pomaranczowy-Niebieski-i-Zielony-Nieregularne-Bazgroly-Zestaw-do-Swietowania-dla-Firmy-Post-na-Facebooka.jpg\",\"contentUrl\":\"https:\/\/socjolab.pl\/wp-content\/uploads\/2024\/03\/Bezowy-Pomaranczowy-Niebieski-i-Zielony-Nieregularne-Bazgroly-Zestaw-do-Swietowania-dla-Firmy-Post-na-Facebooka.jpg\",\"width\":940,\"height\":788,\"caption\":\"CENTRUM SZKOLENIOWE\"},\"image\":{\"@id\":\"https:\/\/socjolab.pl\/#\/schema\/logo\/image\/\"}},{\"@type\":\"Person\",\"@id\":\"https:\/\/socjolab.pl\/#\/schema\/person\/fe6eb68d8df4a70ddc05510de89286c4\",\"name\":\"admin\",\"image\":{\"@type\":\"ImageObject\",\"inLanguage\":\"pl-PL\",\"@id\":\"https:\/\/socjolab.pl\/#\/schema\/person\/image\/\",\"url\":\"https:\/\/secure.gravatar.com\/avatar\/1a6fbe7312a100f8cf31e6944992876bdc9944a2b29107ef260fd2aa72a26376?s=96&d=mm&r=g\",\"contentUrl\":\"https:\/\/secure.gravatar.com\/avatar\/1a6fbe7312a100f8cf31e6944992876bdc9944a2b29107ef260fd2aa72a26376?s=96&d=mm&r=g\",\"caption\":\"admin\"},\"sameAs\":[\"http:\/\/socjolab.pl\"],\"url\":\"https:\/\/socjolab.pl\/?author=1\"}]}<\/script>\n<!-- \/ Yoast SEO plugin. -->","yoast_head_json":{"title":"Lider w czasach niepokoju - SOCJOLAB","description":"Lider odporno\u015bci: nie wystarczy ju\u017c zarz\u0105dza\u0107 procesami; dzi\u015b trzeba zarz\u0105dza\u0107 bezpiecze\u0144stwem psychologicznym.","robots":{"index":"index","follow":"follow","max-snippet":"max-snippet:-1","max-image-preview":"max-image-preview:large","max-video-preview":"max-video-preview:-1"},"canonical":"https:\/\/socjolab.pl\/?p=2101","og_locale":"pl_PL","og_type":"article","og_title":"Lider w czasach niepokoju - SOCJOLAB","og_description":"Lider odporno\u015bci: nie wystarczy ju\u017c zarz\u0105dza\u0107 procesami; dzi\u015b trzeba zarz\u0105dza\u0107 bezpiecze\u0144stwem psychologicznym.","og_url":"https:\/\/socjolab.pl\/?p=2101","og_site_name":"SOCJOLAB","article_published_time":"2026-02-20T08:55:00+00:00","og_image":[{"width":1920,"height":1080,"url":"https:\/\/socjolab.pl\/wp-content\/uploads\/2026\/02\/Laboratorium-spoleczne-6.jpg","type":"image\/jpeg"}],"author":"admin","twitter_card":"summary_large_image","twitter_misc":{"Napisane przez":"admin","Szacowany czas czytania":"5 minut"},"schema":{"@context":"https:\/\/schema.org","@graph":[{"@type":"Article","@id":"https:\/\/socjolab.pl\/?p=2101#article","isPartOf":{"@id":"https:\/\/socjolab.pl\/?p=2101"},"author":{"name":"admin","@id":"https:\/\/socjolab.pl\/#\/schema\/person\/fe6eb68d8df4a70ddc05510de89286c4"},"headline":"Lider w czasach niepokoju","datePublished":"2026-02-20T08:55:00+00:00","mainEntityOfPage":{"@id":"https:\/\/socjolab.pl\/?p=2101"},"wordCount":870,"commentCount":0,"publisher":{"@id":"https:\/\/socjolab.pl\/#organization"},"image":{"@id":"https:\/\/socjolab.pl\/?p=2101#primaryimage"},"thumbnailUrl":"https:\/\/socjolab.pl\/wp-content\/uploads\/2026\/02\/Laboratorium-spoleczne-6.jpg","inLanguage":"pl-PL","potentialAction":[{"@type":"CommentAction","name":"Comment","target":["https:\/\/socjolab.pl\/?p=2101#respond"]}]},{"@type":"WebPage","@id":"https:\/\/socjolab.pl\/?p=2101","url":"https:\/\/socjolab.pl\/?p=2101","name":"Lider w czasach niepokoju - SOCJOLAB","isPartOf":{"@id":"https:\/\/socjolab.pl\/#website"},"primaryImageOfPage":{"@id":"https:\/\/socjolab.pl\/?p=2101#primaryimage"},"image":{"@id":"https:\/\/socjolab.pl\/?p=2101#primaryimage"},"thumbnailUrl":"https:\/\/socjolab.pl\/wp-content\/uploads\/2026\/02\/Laboratorium-spoleczne-6.jpg","datePublished":"2026-02-20T08:55:00+00:00","description":"Lider odporno\u015bci: nie wystarczy ju\u017c zarz\u0105dza\u0107 procesami; dzi\u015b trzeba zarz\u0105dza\u0107 bezpiecze\u0144stwem psychologicznym.","breadcrumb":{"@id":"https:\/\/socjolab.pl\/?p=2101#breadcrumb"},"inLanguage":"pl-PL","potentialAction":[{"@type":"ReadAction","target":["https:\/\/socjolab.pl\/?p=2101"]}]},{"@type":"ImageObject","inLanguage":"pl-PL","@id":"https:\/\/socjolab.pl\/?p=2101#primaryimage","url":"https:\/\/socjolab.pl\/wp-content\/uploads\/2026\/02\/Laboratorium-spoleczne-6.jpg","contentUrl":"https:\/\/socjolab.pl\/wp-content\/uploads\/2026\/02\/Laboratorium-spoleczne-6.jpg","width":1920,"height":1080,"caption":"rafa\u0142 guzowski"},{"@type":"BreadcrumbList","@id":"https:\/\/socjolab.pl\/?p=2101#breadcrumb","itemListElement":[{"@type":"ListItem","position":1,"name":"Strona g\u0142\u00f3wna","item":"https:\/\/socjolab.pl\/"},{"@type":"ListItem","position":2,"name":"Lider w czasach niepokoju"}]},{"@type":"WebSite","@id":"https:\/\/socjolab.pl\/#website","url":"https:\/\/socjolab.pl\/","name":"SOCJOLAB","description":"szkolenia, doradztwo","publisher":{"@id":"https:\/\/socjolab.pl\/#organization"},"potentialAction":[{"@type":"SearchAction","target":{"@type":"EntryPoint","urlTemplate":"https:\/\/socjolab.pl\/?s={search_term_string}"},"query-input":{"@type":"PropertyValueSpecification","valueRequired":true,"valueName":"search_term_string"}}],"inLanguage":"pl-PL"},{"@type":"Organization","@id":"https:\/\/socjolab.pl\/#organization","name":"CENTRUM SZKOLENIOWE","url":"https:\/\/socjolab.pl\/","logo":{"@type":"ImageObject","inLanguage":"pl-PL","@id":"https:\/\/socjolab.pl\/#\/schema\/logo\/image\/","url":"https:\/\/socjolab.pl\/wp-content\/uploads\/2024\/03\/Bezowy-Pomaranczowy-Niebieski-i-Zielony-Nieregularne-Bazgroly-Zestaw-do-Swietowania-dla-Firmy-Post-na-Facebooka.jpg","contentUrl":"https:\/\/socjolab.pl\/wp-content\/uploads\/2024\/03\/Bezowy-Pomaranczowy-Niebieski-i-Zielony-Nieregularne-Bazgroly-Zestaw-do-Swietowania-dla-Firmy-Post-na-Facebooka.jpg","width":940,"height":788,"caption":"CENTRUM SZKOLENIOWE"},"image":{"@id":"https:\/\/socjolab.pl\/#\/schema\/logo\/image\/"}},{"@type":"Person","@id":"https:\/\/socjolab.pl\/#\/schema\/person\/fe6eb68d8df4a70ddc05510de89286c4","name":"admin","image":{"@type":"ImageObject","inLanguage":"pl-PL","@id":"https:\/\/socjolab.pl\/#\/schema\/person\/image\/","url":"https:\/\/secure.gravatar.com\/avatar\/1a6fbe7312a100f8cf31e6944992876bdc9944a2b29107ef260fd2aa72a26376?s=96&d=mm&r=g","contentUrl":"https:\/\/secure.gravatar.com\/avatar\/1a6fbe7312a100f8cf31e6944992876bdc9944a2b29107ef260fd2aa72a26376?s=96&d=mm&r=g","caption":"admin"},"sameAs":["http:\/\/socjolab.pl"],"url":"https:\/\/socjolab.pl\/?author=1"}]}},"_links":{"self":[{"href":"https:\/\/socjolab.pl\/index.php?rest_route=\/wp\/v2\/posts\/2101","targetHints":{"allow":["GET"]}}],"collection":[{"href":"https:\/\/socjolab.pl\/index.php?rest_route=\/wp\/v2\/posts"}],"about":[{"href":"https:\/\/socjolab.pl\/index.php?rest_route=\/wp\/v2\/types\/post"}],"author":[{"embeddable":true,"href":"https:\/\/socjolab.pl\/index.php?rest_route=\/wp\/v2\/users\/1"}],"replies":[{"embeddable":true,"href":"https:\/\/socjolab.pl\/index.php?rest_route=%2Fwp%2Fv2%2Fcomments&post=2101"}],"version-history":[{"count":1,"href":"https:\/\/socjolab.pl\/index.php?rest_route=\/wp\/v2\/posts\/2101\/revisions"}],"predecessor-version":[{"id":2103,"href":"https:\/\/socjolab.pl\/index.php?rest_route=\/wp\/v2\/posts\/2101\/revisions\/2103"}],"wp:featuredmedia":[{"embeddable":true,"href":"https:\/\/socjolab.pl\/index.php?rest_route=\/wp\/v2\/media\/2102"}],"wp:attachment":[{"href":"https:\/\/socjolab.pl\/index.php?rest_route=%2Fwp%2Fv2%2Fmedia&parent=2101"}],"wp:term":[{"taxonomy":"category","embeddable":true,"href":"https:\/\/socjolab.pl\/index.php?rest_route=%2Fwp%2Fv2%2Fcategories&post=2101"},{"taxonomy":"post_tag","embeddable":true,"href":"https:\/\/socjolab.pl\/index.php?rest_route=%2Fwp%2Fv2%2Ftags&post=2101"}],"curies":[{"name":"wp","href":"https:\/\/api.w.org\/{rel}","templated":true}]}}