{"id":2084,"date":"2025-12-11T17:06:05","date_gmt":"2025-12-11T16:06:05","guid":{"rendered":"https:\/\/socjolab.pl\/?p=2084"},"modified":"2026-01-27T17:15:02","modified_gmt":"2026-01-27T16:15:02","slug":"delegowanie-zadan-2","status":"publish","type":"post","link":"https:\/\/socjolab.pl\/?p=2084","title":{"rendered":"Delegowanie zada\u0144 w administracji publicznej"},"content":{"rendered":"\n<p>Gdzie jest granica mi\u0119dzy legalizmem a nowoczesnym zarz\u0105dzaniem? Ekspercki artyku\u0142 w &#8222;Przetargach publicznych&#8221;.<\/p>\n\n\n\n<p>Administracja publiczna funkcjonuje w szczeg\u00f3lnym \u015brodowisku zarz\u0105dczym. W ostatnich dekadach obserwujemy jej stopniow\u0105 ewolucj\u0119 od klasycznego modelu biurokratycznego w stron\u0119 nowoczesnego zarz\u0105dzania publicznego (New Public Management \u2013 NPM), kt\u00f3re akcentuje efektywno\u015b\u0107, jako\u015b\u0107 us\u0142ug i realizacj\u0119 cel\u00f3w publicznych. W tym kontek\u015bcie <strong>umiej\u0119tne delegowanie zada\u0144 oraz \u015bwiadome zarz\u0105dzanie zespo\u0142em staj\u0105 si\u0119 kluczowymi kompetencjami mened\u017cera publicznego<\/strong>.<\/p>\n\n\n\n<p>Zmiana modelu zarz\u0105dzania w administracji nie polega na prostym kopiowaniu rozwi\u0105za\u0144 z sektora prywatnego. Jest to proces silnie uwarunkowany ramami prawnymi i specyfik\u0105 kultury organizacyjnej sektora publicznego. Administracja dzia\u0142a bowiem w oparciu o zasady legalizmu, jawno\u015bci, przejrzysto\u015bci, oszcz\u0119dno\u015bci i terminowo\u015bci. Oznacza to, \u017ce wszelkie formy delegowania zada\u0144 i uprawnie\u0144 musz\u0105 pozostawa\u0107 w zgodzie z obowi\u0105zuj\u0105cymi przepisami \u2013 od Kodeksu pracy po regulacje w\u0142a\u015bciwe dla poszczeg\u00f3lnych grup zawodowych.<\/p>\n\n\n\n<p>Wsp\u00f3\u0142czesny mened\u017cer publiczny coraz rzadziej pe\u0142ni rol\u0119 osoby jedynie \u201erozdzielaj\u0105cej obowi\u0105zki\u201d. <\/p>\n\n\n\n<p><strong>Delegowanie staje si\u0119 narz\u0119dziem budowania odpowiedzialno\u015bci, zaanga\u017cowania i wsp\u00f3\u0142decydowania<\/strong>, co wpisuje si\u0119 w za\u0142o\u017cenia New Public Management. Model ten zak\u0142ada odej\u015bcie od sztywnej hierarchii na rzecz bardziej elastycznych struktur organizacyjnych i kultury opartej na zaufaniu.<\/p>\n\n\n\n<p>Jednocze\u015bnie administracja wci\u0105\u017c mierzy si\u0119 z silnym dziedzictwem biurokratycznym, opisanym przez Maxa Webera. Cho\u0107 zapewnia ono stabilno\u015b\u0107 i przewidywalno\u015b\u0107, mo\u017ce hamowa\u0107 innowacyjno\u015b\u0107 i elastyczno\u015b\u0107 dzia\u0142ania. Dlatego kluczowym wyzwaniem staje si\u0119 inwestowanie w kapita\u0142 ludzki oraz rozw\u00f3j kompetencji mened\u017cerskich, kt\u00f3re pozwalaj\u0105 \u0142\u0105czy\u0107 formalne wymogi z potrzeb\u0105 adaptacji do zmieniaj\u0105cych si\u0119 oczekiwa\u0144 spo\u0142ecznych.<\/p>\n\n\n\n<p>Delegowanie zada\u0144 w administracji publicznej pe\u0142ni podw\u00f3jn\u0105 rol\u0119. Z jednej strony usprawnia organizacj\u0119 pracy, z drugiej \u2013 wzmacnia samodzielno\u015b\u0107 i motywacj\u0119 pracownik\u00f3w. Nale\u017cy jednak pami\u0119ta\u0107, \u017ce <strong>ostateczna odpowiedzialno\u015b\u0107 za realizacj\u0119 zadania zawsze pozostaje po stronie prze\u0142o\u017conego<\/strong>.<\/p>\n\n\n\n<p>Dlatego delegowanie powinno by\u0107 nierozerwalnie powi\u0105zane z systemem kontroli zarz\u0105dczej. Przekazane zadanie musi by\u0107 jasno zdefiniowane, mierzalne i mo\u017cliwe do monitorowania. Kluczowe znaczenie maj\u0105 tu:<\/p>\n\n\n\n<ul class=\"wp-block-list\">\n<li>precyzyjne okre\u015blenie cel\u00f3w,<\/li>\n\n\n\n<li>jednoznaczne przypisanie odpowiedzialno\u015bci i adekwatnych uprawnie\u0144,<\/li>\n\n\n\n<li>identyfikacja i zarz\u0105dzanie ryzykiem zwi\u0105zanym z realizacj\u0105 zadania.<\/li>\n<\/ul>\n\n\n\n<p><strong>Skuteczne delegowanie w administracji publicznej to nie akt formalny, lecz \u015bwiadomy proces zarz\u0105dczy<\/strong>, kt\u00f3ry \u0142\u0105czy wymogi prawa, odpowiedzialno\u015b\u0107 mened\u017cersk\u0105 i nowoczesne podej\u015bcie do pracy zespo\u0142owej.<\/p>\n\n\n\n<p>To jest om\u00f3wienie tekstu eksperckiego jaki pojawi\u0142 si\u0119 w grudniowym wydaniu <a href=\"https:\/\/przetargipubliczne.pl\/\" type=\"link\" id=\"https:\/\/przetargipubliczne.pl\/\">Przetarg\u00f3w Publicznych<\/a>. Wi\u0119cej o delegowaniu zada\u0144 mo\u017cesz dowiedzie\u0107 si\u0119 <a href=\"https:\/\/socjolab.pl\/?page_id=641\" type=\"link\" id=\"https:\/\/socjolab.pl\/?page_id=641\">tutaj<\/a><\/p>\n","protected":false},"excerpt":{"rendered":"<p>Gdzie jest granica mi\u0119dzy legalizmem a nowoczesnym zarz\u0105dzaniem? Ekspercki artyku\u0142 w &#8222;Przetargach publicznych&#8221;. Administracja publiczna funkcjonuje w szczeg\u00f3lnym \u015brodowisku zarz\u0105dczym. W ostatnich dekadach obserwujemy jej&hellip;&nbsp;<a href=\"https:\/\/socjolab.pl\/?p=2084\" class=\"\" rel=\"bookmark\">Dowiedz si\u0119 wi\u0119cej &raquo;<span class=\"screen-reader-text\">Delegowanie zada\u0144 w administracji publicznej<\/span><\/a><\/p>\n","protected":false},"author":1,"featured_media":2085,"comment_status":"open","ping_status":"open","sticky":false,"template":"","format":"standard","meta":{"neve_meta_sidebar":"","neve_meta_container":"","neve_meta_enable_content_width":"","neve_meta_content_width":0,"neve_meta_title_alignment":"","neve_meta_author_avatar":"","neve_post_elements_order":"","neve_meta_disable_header":"","neve_meta_disable_footer":"","neve_meta_disable_title":"","footnotes":""},"categories":[1,12],"tags":[8,39,28,89],"class_list":["post-2084","post","type-post","status-publish","format-standard","has-post-thumbnail","hentry","category-bez-kategorii","category-wiedza","tag-administracja-publiczna","tag-delegowanie-zadan","tag-hr","tag-przetargi-publiczne"],"yoast_head":"<!-- This site is optimized with the Yoast SEO plugin v26.8 - https:\/\/yoast.com\/product\/yoast-seo-wordpress\/ -->\n<title>Delegowanie zada\u0144 w administracji publicznej - SOCJOLAB<\/title>\n<meta name=\"description\" content=\"Delegowanie zada\u0144 w administracji pe\u0142ni podw\u00f3jn\u0105 rol\u0119. Z jednej strony usprawnia organizacj\u0119, z drugiej \u2013 wzmacnia samodzielno\u015b\u0107 i motywacj\u0119.\" \/>\n<meta name=\"robots\" content=\"index, follow, max-snippet:-1, max-image-preview:large, max-video-preview:-1\" \/>\n<link rel=\"canonical\" href=\"https:\/\/socjolab.pl\/?p=2084\" \/>\n<meta property=\"og:locale\" content=\"pl_PL\" \/>\n<meta property=\"og:type\" content=\"article\" \/>\n<meta property=\"og:title\" content=\"Delegowanie zada\u0144 w administracji publicznej - SOCJOLAB\" \/>\n<meta property=\"og:description\" content=\"Delegowanie zada\u0144 w administracji pe\u0142ni podw\u00f3jn\u0105 rol\u0119. Z jednej strony usprawnia organizacj\u0119, z drugiej \u2013 wzmacnia samodzielno\u015b\u0107 i motywacj\u0119.\" \/>\n<meta property=\"og:url\" content=\"https:\/\/socjolab.pl\/?p=2084\" \/>\n<meta property=\"og:site_name\" content=\"SOCJOLAB\" \/>\n<meta property=\"article:published_time\" content=\"2025-12-11T16:06:05+00:00\" \/>\n<meta property=\"article:modified_time\" content=\"2026-01-27T16:15:02+00:00\" \/>\n<meta property=\"og:image\" content=\"https:\/\/socjolab.pl\/wp-content\/uploads\/2026\/01\/Laboratorium-spoleczne-5.jpg\" \/>\n\t<meta property=\"og:image:width\" content=\"1920\" \/>\n\t<meta property=\"og:image:height\" content=\"1080\" \/>\n\t<meta property=\"og:image:type\" content=\"image\/jpeg\" \/>\n<meta name=\"author\" content=\"admin\" \/>\n<meta name=\"twitter:card\" content=\"summary_large_image\" \/>\n<meta name=\"twitter:label1\" content=\"Napisane przez\" \/>\n\t<meta name=\"twitter:data1\" content=\"admin\" \/>\n\t<meta name=\"twitter:label2\" content=\"Szacowany czas czytania\" \/>\n\t<meta name=\"twitter:data2\" content=\"3 minuty\" \/>\n<script type=\"application\/ld+json\" class=\"yoast-schema-graph\">{\"@context\":\"https:\/\/schema.org\",\"@graph\":[{\"@type\":\"Article\",\"@id\":\"https:\/\/socjolab.pl\/?p=2084#article\",\"isPartOf\":{\"@id\":\"https:\/\/socjolab.pl\/?p=2084\"},\"author\":{\"name\":\"admin\",\"@id\":\"https:\/\/socjolab.pl\/#\/schema\/person\/fe6eb68d8df4a70ddc05510de89286c4\"},\"headline\":\"Delegowanie zada\u0144 w administracji publicznej\",\"datePublished\":\"2025-12-11T16:06:05+00:00\",\"dateModified\":\"2026-01-27T16:15:02+00:00\",\"mainEntityOfPage\":{\"@id\":\"https:\/\/socjolab.pl\/?p=2084\"},\"wordCount\":427,\"commentCount\":0,\"publisher\":{\"@id\":\"https:\/\/socjolab.pl\/#organization\"},\"image\":{\"@id\":\"https:\/\/socjolab.pl\/?p=2084#primaryimage\"},\"thumbnailUrl\":\"https:\/\/socjolab.pl\/wp-content\/uploads\/2026\/01\/Laboratorium-spoleczne-5.jpg\",\"keywords\":[\"administracja publiczna\",\"delegowanie zada\u0144\",\"HR\",\"Przetargi Publiczne\"],\"articleSection\":{\"1\":\"wiedza\"},\"inLanguage\":\"pl-PL\",\"potentialAction\":[{\"@type\":\"CommentAction\",\"name\":\"Comment\",\"target\":[\"https:\/\/socjolab.pl\/?p=2084#respond\"]}]},{\"@type\":\"WebPage\",\"@id\":\"https:\/\/socjolab.pl\/?p=2084\",\"url\":\"https:\/\/socjolab.pl\/?p=2084\",\"name\":\"Delegowanie zada\u0144 w administracji publicznej - SOCJOLAB\",\"isPartOf\":{\"@id\":\"https:\/\/socjolab.pl\/#website\"},\"primaryImageOfPage\":{\"@id\":\"https:\/\/socjolab.pl\/?p=2084#primaryimage\"},\"image\":{\"@id\":\"https:\/\/socjolab.pl\/?p=2084#primaryimage\"},\"thumbnailUrl\":\"https:\/\/socjolab.pl\/wp-content\/uploads\/2026\/01\/Laboratorium-spoleczne-5.jpg\",\"datePublished\":\"2025-12-11T16:06:05+00:00\",\"dateModified\":\"2026-01-27T16:15:02+00:00\",\"description\":\"Delegowanie zada\u0144 w administracji pe\u0142ni podw\u00f3jn\u0105 rol\u0119. Z jednej strony usprawnia organizacj\u0119, z drugiej \u2013 wzmacnia samodzielno\u015b\u0107 i motywacj\u0119.\",\"breadcrumb\":{\"@id\":\"https:\/\/socjolab.pl\/?p=2084#breadcrumb\"},\"inLanguage\":\"pl-PL\",\"potentialAction\":[{\"@type\":\"ReadAction\",\"target\":[\"https:\/\/socjolab.pl\/?p=2084\"]}]},{\"@type\":\"ImageObject\",\"inLanguage\":\"pl-PL\",\"@id\":\"https:\/\/socjolab.pl\/?p=2084#primaryimage\",\"url\":\"https:\/\/socjolab.pl\/wp-content\/uploads\/2026\/01\/Laboratorium-spoleczne-5.jpg\",\"contentUrl\":\"https:\/\/socjolab.pl\/wp-content\/uploads\/2026\/01\/Laboratorium-spoleczne-5.jpg\",\"width\":1920,\"height\":1080,\"caption\":\"dr rafa\u0142 guzowski delegowanie zada\u0144\"},{\"@type\":\"BreadcrumbList\",\"@id\":\"https:\/\/socjolab.pl\/?p=2084#breadcrumb\",\"itemListElement\":[{\"@type\":\"ListItem\",\"position\":1,\"name\":\"Strona g\u0142\u00f3wna\",\"item\":\"https:\/\/socjolab.pl\/\"},{\"@type\":\"ListItem\",\"position\":2,\"name\":\"Delegowanie zada\u0144 w administracji publicznej\"}]},{\"@type\":\"WebSite\",\"@id\":\"https:\/\/socjolab.pl\/#website\",\"url\":\"https:\/\/socjolab.pl\/\",\"name\":\"SOCJOLAB\",\"description\":\"szkolenia, doradztwo\",\"publisher\":{\"@id\":\"https:\/\/socjolab.pl\/#organization\"},\"potentialAction\":[{\"@type\":\"SearchAction\",\"target\":{\"@type\":\"EntryPoint\",\"urlTemplate\":\"https:\/\/socjolab.pl\/?s={search_term_string}\"},\"query-input\":{\"@type\":\"PropertyValueSpecification\",\"valueRequired\":true,\"valueName\":\"search_term_string\"}}],\"inLanguage\":\"pl-PL\"},{\"@type\":\"Organization\",\"@id\":\"https:\/\/socjolab.pl\/#organization\",\"name\":\"CENTRUM SZKOLENIOWE\",\"url\":\"https:\/\/socjolab.pl\/\",\"logo\":{\"@type\":\"ImageObject\",\"inLanguage\":\"pl-PL\",\"@id\":\"https:\/\/socjolab.pl\/#\/schema\/logo\/image\/\",\"url\":\"https:\/\/socjolab.pl\/wp-content\/uploads\/2024\/03\/Bezowy-Pomaranczowy-Niebieski-i-Zielony-Nieregularne-Bazgroly-Zestaw-do-Swietowania-dla-Firmy-Post-na-Facebooka.jpg\",\"contentUrl\":\"https:\/\/socjolab.pl\/wp-content\/uploads\/2024\/03\/Bezowy-Pomaranczowy-Niebieski-i-Zielony-Nieregularne-Bazgroly-Zestaw-do-Swietowania-dla-Firmy-Post-na-Facebooka.jpg\",\"width\":940,\"height\":788,\"caption\":\"CENTRUM SZKOLENIOWE\"},\"image\":{\"@id\":\"https:\/\/socjolab.pl\/#\/schema\/logo\/image\/\"}},{\"@type\":\"Person\",\"@id\":\"https:\/\/socjolab.pl\/#\/schema\/person\/fe6eb68d8df4a70ddc05510de89286c4\",\"name\":\"admin\",\"image\":{\"@type\":\"ImageObject\",\"inLanguage\":\"pl-PL\",\"@id\":\"https:\/\/socjolab.pl\/#\/schema\/person\/image\/\",\"url\":\"https:\/\/secure.gravatar.com\/avatar\/1a6fbe7312a100f8cf31e6944992876bdc9944a2b29107ef260fd2aa72a26376?s=96&d=mm&r=g\",\"contentUrl\":\"https:\/\/secure.gravatar.com\/avatar\/1a6fbe7312a100f8cf31e6944992876bdc9944a2b29107ef260fd2aa72a26376?s=96&d=mm&r=g\",\"caption\":\"admin\"},\"sameAs\":[\"http:\/\/socjolab.pl\"],\"url\":\"https:\/\/socjolab.pl\/?author=1\"}]}<\/script>\n<!-- \/ Yoast SEO plugin. -->","yoast_head_json":{"title":"Delegowanie zada\u0144 w administracji publicznej - SOCJOLAB","description":"Delegowanie zada\u0144 w administracji pe\u0142ni podw\u00f3jn\u0105 rol\u0119. Z jednej strony usprawnia organizacj\u0119, z drugiej \u2013 wzmacnia samodzielno\u015b\u0107 i motywacj\u0119.","robots":{"index":"index","follow":"follow","max-snippet":"max-snippet:-1","max-image-preview":"max-image-preview:large","max-video-preview":"max-video-preview:-1"},"canonical":"https:\/\/socjolab.pl\/?p=2084","og_locale":"pl_PL","og_type":"article","og_title":"Delegowanie zada\u0144 w administracji publicznej - SOCJOLAB","og_description":"Delegowanie zada\u0144 w administracji pe\u0142ni podw\u00f3jn\u0105 rol\u0119. Z jednej strony usprawnia organizacj\u0119, z drugiej \u2013 wzmacnia samodzielno\u015b\u0107 i motywacj\u0119.","og_url":"https:\/\/socjolab.pl\/?p=2084","og_site_name":"SOCJOLAB","article_published_time":"2025-12-11T16:06:05+00:00","article_modified_time":"2026-01-27T16:15:02+00:00","og_image":[{"width":1920,"height":1080,"url":"https:\/\/socjolab.pl\/wp-content\/uploads\/2026\/01\/Laboratorium-spoleczne-5.jpg","type":"image\/jpeg"}],"author":"admin","twitter_card":"summary_large_image","twitter_misc":{"Napisane przez":"admin","Szacowany czas czytania":"3 minuty"},"schema":{"@context":"https:\/\/schema.org","@graph":[{"@type":"Article","@id":"https:\/\/socjolab.pl\/?p=2084#article","isPartOf":{"@id":"https:\/\/socjolab.pl\/?p=2084"},"author":{"name":"admin","@id":"https:\/\/socjolab.pl\/#\/schema\/person\/fe6eb68d8df4a70ddc05510de89286c4"},"headline":"Delegowanie zada\u0144 w administracji publicznej","datePublished":"2025-12-11T16:06:05+00:00","dateModified":"2026-01-27T16:15:02+00:00","mainEntityOfPage":{"@id":"https:\/\/socjolab.pl\/?p=2084"},"wordCount":427,"commentCount":0,"publisher":{"@id":"https:\/\/socjolab.pl\/#organization"},"image":{"@id":"https:\/\/socjolab.pl\/?p=2084#primaryimage"},"thumbnailUrl":"https:\/\/socjolab.pl\/wp-content\/uploads\/2026\/01\/Laboratorium-spoleczne-5.jpg","keywords":["administracja publiczna","delegowanie zada\u0144","HR","Przetargi Publiczne"],"articleSection":{"1":"wiedza"},"inLanguage":"pl-PL","potentialAction":[{"@type":"CommentAction","name":"Comment","target":["https:\/\/socjolab.pl\/?p=2084#respond"]}]},{"@type":"WebPage","@id":"https:\/\/socjolab.pl\/?p=2084","url":"https:\/\/socjolab.pl\/?p=2084","name":"Delegowanie zada\u0144 w administracji publicznej - SOCJOLAB","isPartOf":{"@id":"https:\/\/socjolab.pl\/#website"},"primaryImageOfPage":{"@id":"https:\/\/socjolab.pl\/?p=2084#primaryimage"},"image":{"@id":"https:\/\/socjolab.pl\/?p=2084#primaryimage"},"thumbnailUrl":"https:\/\/socjolab.pl\/wp-content\/uploads\/2026\/01\/Laboratorium-spoleczne-5.jpg","datePublished":"2025-12-11T16:06:05+00:00","dateModified":"2026-01-27T16:15:02+00:00","description":"Delegowanie zada\u0144 w administracji pe\u0142ni podw\u00f3jn\u0105 rol\u0119. Z jednej strony usprawnia organizacj\u0119, z drugiej \u2013 wzmacnia samodzielno\u015b\u0107 i motywacj\u0119.","breadcrumb":{"@id":"https:\/\/socjolab.pl\/?p=2084#breadcrumb"},"inLanguage":"pl-PL","potentialAction":[{"@type":"ReadAction","target":["https:\/\/socjolab.pl\/?p=2084"]}]},{"@type":"ImageObject","inLanguage":"pl-PL","@id":"https:\/\/socjolab.pl\/?p=2084#primaryimage","url":"https:\/\/socjolab.pl\/wp-content\/uploads\/2026\/01\/Laboratorium-spoleczne-5.jpg","contentUrl":"https:\/\/socjolab.pl\/wp-content\/uploads\/2026\/01\/Laboratorium-spoleczne-5.jpg","width":1920,"height":1080,"caption":"dr rafa\u0142 guzowski delegowanie zada\u0144"},{"@type":"BreadcrumbList","@id":"https:\/\/socjolab.pl\/?p=2084#breadcrumb","itemListElement":[{"@type":"ListItem","position":1,"name":"Strona g\u0142\u00f3wna","item":"https:\/\/socjolab.pl\/"},{"@type":"ListItem","position":2,"name":"Delegowanie zada\u0144 w administracji publicznej"}]},{"@type":"WebSite","@id":"https:\/\/socjolab.pl\/#website","url":"https:\/\/socjolab.pl\/","name":"SOCJOLAB","description":"szkolenia, doradztwo","publisher":{"@id":"https:\/\/socjolab.pl\/#organization"},"potentialAction":[{"@type":"SearchAction","target":{"@type":"EntryPoint","urlTemplate":"https:\/\/socjolab.pl\/?s={search_term_string}"},"query-input":{"@type":"PropertyValueSpecification","valueRequired":true,"valueName":"search_term_string"}}],"inLanguage":"pl-PL"},{"@type":"Organization","@id":"https:\/\/socjolab.pl\/#organization","name":"CENTRUM SZKOLENIOWE","url":"https:\/\/socjolab.pl\/","logo":{"@type":"ImageObject","inLanguage":"pl-PL","@id":"https:\/\/socjolab.pl\/#\/schema\/logo\/image\/","url":"https:\/\/socjolab.pl\/wp-content\/uploads\/2024\/03\/Bezowy-Pomaranczowy-Niebieski-i-Zielony-Nieregularne-Bazgroly-Zestaw-do-Swietowania-dla-Firmy-Post-na-Facebooka.jpg","contentUrl":"https:\/\/socjolab.pl\/wp-content\/uploads\/2024\/03\/Bezowy-Pomaranczowy-Niebieski-i-Zielony-Nieregularne-Bazgroly-Zestaw-do-Swietowania-dla-Firmy-Post-na-Facebooka.jpg","width":940,"height":788,"caption":"CENTRUM SZKOLENIOWE"},"image":{"@id":"https:\/\/socjolab.pl\/#\/schema\/logo\/image\/"}},{"@type":"Person","@id":"https:\/\/socjolab.pl\/#\/schema\/person\/fe6eb68d8df4a70ddc05510de89286c4","name":"admin","image":{"@type":"ImageObject","inLanguage":"pl-PL","@id":"https:\/\/socjolab.pl\/#\/schema\/person\/image\/","url":"https:\/\/secure.gravatar.com\/avatar\/1a6fbe7312a100f8cf31e6944992876bdc9944a2b29107ef260fd2aa72a26376?s=96&d=mm&r=g","contentUrl":"https:\/\/secure.gravatar.com\/avatar\/1a6fbe7312a100f8cf31e6944992876bdc9944a2b29107ef260fd2aa72a26376?s=96&d=mm&r=g","caption":"admin"},"sameAs":["http:\/\/socjolab.pl"],"url":"https:\/\/socjolab.pl\/?author=1"}]}},"_links":{"self":[{"href":"https:\/\/socjolab.pl\/index.php?rest_route=\/wp\/v2\/posts\/2084","targetHints":{"allow":["GET"]}}],"collection":[{"href":"https:\/\/socjolab.pl\/index.php?rest_route=\/wp\/v2\/posts"}],"about":[{"href":"https:\/\/socjolab.pl\/index.php?rest_route=\/wp\/v2\/types\/post"}],"author":[{"embeddable":true,"href":"https:\/\/socjolab.pl\/index.php?rest_route=\/wp\/v2\/users\/1"}],"replies":[{"embeddable":true,"href":"https:\/\/socjolab.pl\/index.php?rest_route=%2Fwp%2Fv2%2Fcomments&post=2084"}],"version-history":[{"count":1,"href":"https:\/\/socjolab.pl\/index.php?rest_route=\/wp\/v2\/posts\/2084\/revisions"}],"predecessor-version":[{"id":2086,"href":"https:\/\/socjolab.pl\/index.php?rest_route=\/wp\/v2\/posts\/2084\/revisions\/2086"}],"wp:featuredmedia":[{"embeddable":true,"href":"https:\/\/socjolab.pl\/index.php?rest_route=\/wp\/v2\/media\/2085"}],"wp:attachment":[{"href":"https:\/\/socjolab.pl\/index.php?rest_route=%2Fwp%2Fv2%2Fmedia&parent=2084"}],"wp:term":[{"taxonomy":"category","embeddable":true,"href":"https:\/\/socjolab.pl\/index.php?rest_route=%2Fwp%2Fv2%2Fcategories&post=2084"},{"taxonomy":"post_tag","embeddable":true,"href":"https:\/\/socjolab.pl\/index.php?rest_route=%2Fwp%2Fv2%2Ftags&post=2084"}],"curies":[{"name":"wp","href":"https:\/\/api.w.org\/{rel}","templated":true}]}}