{"id":2055,"date":"2025-11-21T15:33:04","date_gmt":"2025-11-21T14:33:04","guid":{"rendered":"https:\/\/socjolab.pl\/?p=2055"},"modified":"2025-11-21T15:35:44","modified_gmt":"2025-11-21T14:35:44","slug":"polityka-medialna","status":"publish","type":"post","link":"https:\/\/socjolab.pl\/?p=2055","title":{"rendered":"Polityka medialna w dobie cyfryzacji"},"content":{"rendered":"\n<p>to najnowsza ksi\u0105\u017cka dr Rafa\u0142a Guzowskiego, stanowi\u0105ca syntetyczn\u0105, a jednocze\u015bnie pog\u0142\u0119bion\u0105 analiz\u0119 wsp\u00f3\u0142czesnej polityki medialnej \u2013 jej definicji, zakresu oraz praktycznego funkcjonowania w instytucjach publicznych w Polsce.<\/p>\n\n\n\n<p>Publikacja podejmuje pr\u00f3b\u0119 odpowiedzi na fundamentalne pytania:<br>&#8211; Czym w istocie jest polityka medialna?<br>&#8211; Jakie mechanizmy i narz\u0119dzia wykorzystuj\u0105 instytucje publiczne w jej realizacji?<br>&#8211; W jaki spos\u00f3b cyfryzacja wp\u0142ywa na komunikowanie masowe i \u017cycie spo\u0142eczne?<\/p>\n\n\n\n<h3 class=\"wp-block-heading\" id=\"Cyfryzacja-jako-czynnik-przemian-spo\u0142ecznych-i-komunikacyjnych\"><strong>Cyfryzacja jako czynnik przemian spo\u0142ecznych i komunikacyjnych<\/strong><\/h3>\n\n\n\n<p>Znaczn\u0105 cz\u0119\u015b\u0107 ksi\u0105\u017cki po\u015bwi\u0119cono roli cyfryzacji jako jednego z najwa\u017cniejszych motor\u00f3w wsp\u00f3\u0142czesnych zmian technologicznych, spo\u0142ecznych i kulturowych. Autor analizuje: spo\u0142eczne znaczenia proces\u00f3w cyfryzacji, ich wp\u0142yw na komunikowanie masowe, przeobra\u017cenia w sposobach odbioru i wytwarzania tre\u015bci medialnych. Ksi\u0105\u017cka podkre\u015bla r\u00f3wnie\u017c, \u017ce cyfryzacja nie jest wy\u0142\u0105cznie procesem technologicznym \u2013 niesie bowiem ze sob\u0105 istotne konsekwencje edukacyjne, kulturowe i kompetencyjne. W publikacji zwr\u00f3cono uwag\u0119 na to, jak transformacja telewizji z analogowej na cyfrow\u0105 prze\u0142o\u017cy\u0142a si\u0119 na rozw\u00f3j <strong>kompetencji cyfrowych<\/strong>, <strong>edukacji medialnej<\/strong> i <strong>edukacji cyfrowej<\/strong> spo\u0142ecze\u0144stwa. Wa\u017cn\u0105 cz\u0119\u015b\u0107 opracowania stanowi analiza podstaw prawnych cyfryzacji, obejmuj\u0105ca regulacje obowi\u0105zuj\u0105ce w Unii Europejskiej oraz regulacje mi\u0119dzynarodowe odnosz\u0105ce si\u0119 do nadawc\u00f3w i polityki medialnej, w tym stanowiska: UNESCO, Rady Europy, instytucji unijnych kszta\u0142tuj\u0105cych ramy funkcjonowania rynku medialnego. Dzi\u0119ki temu ksi\u0105\u017cka ukazuje proces cyfryzacji telewizji w szerokiej perspektywie \u2013 zar\u00f3wno technicznej, jak i prawnej oraz instytucjonalnej.<\/p>\n\n\n\n<h3 class=\"wp-block-heading\" id=\"Analiza-kampanii-informacyjnych-w-Europie\"><strong>Analiza kampanii informacyjnych w Europie<\/strong><\/h3>\n\n\n\n<p>Opr\u00f3cz rozwa\u017ca\u0144 teoretycznych publikacja zawiera r\u00f3wnie\u017c obszern\u0105 cz\u0119\u015b\u0107 analityczn\u0105. Dr Rafa\u0142 Guzowski bada, jak pa\u0144stwa europejskie prowadzi\u0142y kampanie informacyjne dotycz\u0105ce cyfryzacji telewizji, prezentuj\u0105c przyk\u0142ady z takich kraj\u00f3w jak: Republika Czeska, Hiszpania, Francja, Norwegia, Polska. Zestawienie strategii komunikacyjnych stosowanych w r\u00f3\u017cnych systemach medialnych pozwala na lepsze zrozumienie, jak poszczeg\u00f3lne kraje radzi\u0142y sobie z edukowaniem spo\u0142ecze\u0144stwa w procesie technologicznej transformacji.<\/p>\n\n\n\n<p><strong>Recenzje publikacji<\/strong><\/p>\n\n\n\n<p><em>\u201cAutor na podstawie zebranych \u017ar\u00f3de\u0142, w tym analizy licznych dokument\u00f3w, chronologicznie i szczeg\u00f3\u0142owo opisa\u0142 proces wdra\u017cania naziemnej telewizji cyfrowej w Polsce. Tytu\u0142em refleksji naukowych nad realizowan\u0105 w tym zakresie przez polskie instytucje publiczne polityk\u0105 medialn\u0105 by\u0142y dla autora do\u015bwiadczenia, a zw\u0142aszcza zwi\u0105zane z prowadzeniem kampanii informacyjnych dotycz\u0105cych cyfryzacji telewizji naziemnej w wybranych pa\u0144stwach Europy, w szczeg\u00f3lno\u015bci Czech i Hiszpanii. Autor podj\u0105\u0142 udan\u0105 pr\u00f3b\u0119 okre\u015blenia zagro\u017ce\u0144 i wyzwa\u0144 dla procesu cyfryzacji telewizji naziemnej w Polsce. Lektura ta mo\u017ce by\u0107 interesuj\u0105ca nie tylko dla badaczy, ale r\u00f3wnie\u017c godn\u0105 polecenia pozycj\u0105 dla student\u00f3w kierunk\u00f3w medioznawczych, jak i czytelnik\u00f3w zainteresowanych problematyk\u0105 polskiej polityki medialnej w kontek\u015bcie cyfryzacji telewizji naziemnej.\u201d<\/em><br>Prof. UMCS dr hab. Ma\u0142gorzata Adamik-Szysiak<\/p>\n\n\n\n<p><em>\u201c(&#8230;) Autor scharakteryzowa\u0142 kierunki ewolucji systemu prawnego zapewniaj\u0105cego realizacj\u0119 cel\u00f3w poprzez narz\u0119dzia i dokona\u0142 oceny prowadzonej polityki medialnej dotycz\u0105cej cyfryzacji telewizji naziemnej w Polsce. Lektura monografii dostarcza wielu informacji, kt\u00f3re przedstawione s\u0105 czytelnikowi w spos\u00f3b uporz\u0105dkowany, logiczny, przejrzysty. Autor zamkn\u0105\u0142 monografi\u0119 interesuj\u0105cymi konstatacjami. Istotn\u0105 warto\u015bci\u0105 monografii jest wykorzystanie \u017ar\u00f3de\u0142 pierwotnych.\u201d<\/em><br>Prof. UW dr hab. Monika Kaczmarek-\u015aliwi\u0144ska<\/p>\n\n\n\n<h3 class=\"wp-block-heading\" id=\"Znaczenie-publikacji\"><strong>Znaczenie publikacji<\/strong><\/h3>\n\n\n\n<p>\u201ePolityka medialna w dobie cyfryzacji\u201d to nie tylko teoretyczne rozwa\u017cania nad definicjami i modelem polityki medialnej. To tak\u017ce analiza konkretnych dzia\u0142a\u0144, wyzwa\u0144 i konsekwencji cyfryzacji, kt\u00f3re \u2013 z perspektywy obecnych zagro\u017ce\u0144 spo\u0142ecznych \u2013 maj\u0105 szczeg\u00f3lne znaczenie dla instytucji pa\u0144stwa, edukacji, bezpiecze\u0144stwa informacyjnego i rozwoju kompetencji obywateli.<\/p>\n\n\n\n<p>Ksi\u0105\u017cka dr Rafa\u0142a Guzowskiego stanowi cenne \u017ar\u00f3d\u0142o wiedzy dla student\u00f3w, badaczy oraz praktyk\u00f3w zajmuj\u0105cych si\u0119 mediami, komunikacj\u0105 publiczn\u0105, cyfryzacj\u0105 i polityk\u0105 informacyjn\u0105.<\/p>\n\n\n\n<p><em><strong>Dr Rafa\u0142 Guzowski <\/strong><\/em>jest doktorem nauk spo\u0142ecznych, prodziekanem ds. wsp\u00f3\u0142pracy i rozwoju w Wy\u017cszej Szkole Kszta\u0142cenia Zawodowego we Wroc\u0142awiu oraz adiunktem w Instytucie Bezpiecze\u0144stwa Wewn\u0119trznego i Kryminologii. Jest by\u0142ym dyrektorem programowym kierunku Bezpiecze\u0144stwo Wewn\u0119trzne i Kryminologia. Jego zainteresowania naukowe obejmuj\u0105 zagadnienia z pogranicza bezpiecze\u0144stwa wewn\u0119trznego, medi\u00f3w i komunikacji spo\u0142ecznej, ze szczeg\u00f3lnym uwzgl\u0119dnieniem roli edukacji medialnej, polityki informacyjnej oraz mediatyzacji przestrzeni publicznej w kontek\u015bcie wyzwa\u0144 cywilizacyjnych, kryzys\u00f3w spo\u0142ecznych i funkcjonowania s\u0142u\u017cb mundurowych. Bada r\u00f3wnie\u017c problematyk\u0119 cyberprzemocy, mobbingu instytucjonalnego oraz zagro\u017ce\u0144 zwi\u0105zanych z przemoc\u0105 domow\u0105 w erze cyfrowej. Jest autorem licznych publikacji, uczestnikiem i cz\u0142onkiem rad naukowych konferencji.<\/p>\n\n\n\n<p>Chcesz uzyska\u0107 egzemplarz? Skontaktuj si\u0119 z nami!<\/p>\n","protected":false},"excerpt":{"rendered":"<p>to najnowsza ksi\u0105\u017cka dr Rafa\u0142a Guzowskiego, stanowi\u0105ca syntetyczn\u0105, a jednocze\u015bnie pog\u0142\u0119bion\u0105 analiz\u0119 wsp\u00f3\u0142czesnej polityki medialnej \u2013 jej definicji, zakresu oraz praktycznego funkcjonowania w instytucjach publicznych&hellip;&nbsp;<a href=\"https:\/\/socjolab.pl\/?p=2055\" class=\"\" rel=\"bookmark\">Dowiedz si\u0119 wi\u0119cej &raquo;<span class=\"screen-reader-text\">Polityka medialna w dobie cyfryzacji<\/span><\/a><\/p>\n","protected":false},"author":1,"featured_media":2058,"comment_status":"open","ping_status":"open","sticky":false,"template":"","format":"standard","meta":{"neve_meta_sidebar":"","neve_meta_container":"","neve_meta_enable_content_width":"","neve_meta_content_width":0,"neve_meta_title_alignment":"","neve_meta_author_avatar":"","neve_post_elements_order":"","neve_meta_disable_header":"","neve_meta_disable_footer":"","neve_meta_disable_title":"","footnotes":""},"categories":[12],"tags":[8,88],"class_list":["post-2055","post","type-post","status-publish","format-standard","has-post-thumbnail","hentry","category-wiedza","tag-administracja-publiczna","tag-polityka-medialna"],"yoast_head":"<!-- This site is optimized with the Yoast SEO plugin v26.8 - https:\/\/yoast.com\/product\/yoast-seo-wordpress\/ -->\n<title>Polityka medialna w dobie cyfryzacji - SOCJOLAB<\/title>\n<meta name=\"description\" content=\"Czym jest polityka medialna? Jaka jest definicja polityki medialnej? O tym i o cyfryzacji telewizji w najnowszym wydaniu ksi\u0105\u017cki &quot;Polityka medialna w dobie cyfryzacji&quot; dr Rafa\u0142a Guzowskiego\" \/>\n<meta name=\"robots\" content=\"index, follow, max-snippet:-1, max-image-preview:large, max-video-preview:-1\" \/>\n<link rel=\"canonical\" href=\"https:\/\/socjolab.pl\/?p=2055\" \/>\n<meta property=\"og:locale\" content=\"pl_PL\" \/>\n<meta property=\"og:type\" content=\"article\" \/>\n<meta property=\"og:title\" content=\"Polityka medialna w dobie cyfryzacji - SOCJOLAB\" \/>\n<meta property=\"og:description\" content=\"Czym jest polityka medialna? Jaka jest definicja polityki medialnej? O tym i o cyfryzacji telewizji w najnowszym wydaniu ksi\u0105\u017cki &quot;Polityka medialna w dobie cyfryzacji&quot; dr Rafa\u0142a Guzowskiego\" \/>\n<meta property=\"og:url\" content=\"https:\/\/socjolab.pl\/?p=2055\" \/>\n<meta property=\"og:site_name\" content=\"SOCJOLAB\" \/>\n<meta property=\"article:published_time\" content=\"2025-11-21T14:33:04+00:00\" \/>\n<meta property=\"article:modified_time\" content=\"2025-11-21T14:35:44+00:00\" \/>\n<meta property=\"og:image\" content=\"https:\/\/socjolab.pl\/wp-content\/uploads\/2025\/11\/Laboratorium-spoleczne-4.jpg\" \/>\n\t<meta property=\"og:image:width\" content=\"1920\" \/>\n\t<meta property=\"og:image:height\" content=\"1080\" \/>\n\t<meta property=\"og:image:type\" content=\"image\/jpeg\" \/>\n<meta name=\"author\" content=\"admin\" \/>\n<meta name=\"twitter:card\" content=\"summary_large_image\" \/>\n<meta name=\"twitter:label1\" content=\"Napisane przez\" \/>\n\t<meta name=\"twitter:data1\" content=\"admin\" \/>\n\t<meta name=\"twitter:label2\" content=\"Szacowany czas czytania\" \/>\n\t<meta name=\"twitter:data2\" content=\"4 minuty\" \/>\n<script type=\"application\/ld+json\" class=\"yoast-schema-graph\">{\"@context\":\"https:\/\/schema.org\",\"@graph\":[{\"@type\":\"Article\",\"@id\":\"https:\/\/socjolab.pl\/?p=2055#article\",\"isPartOf\":{\"@id\":\"https:\/\/socjolab.pl\/?p=2055\"},\"author\":{\"name\":\"admin\",\"@id\":\"https:\/\/socjolab.pl\/#\/schema\/person\/fe6eb68d8df4a70ddc05510de89286c4\"},\"headline\":\"Polityka medialna w dobie cyfryzacji\",\"datePublished\":\"2025-11-21T14:33:04+00:00\",\"dateModified\":\"2025-11-21T14:35:44+00:00\",\"mainEntityOfPage\":{\"@id\":\"https:\/\/socjolab.pl\/?p=2055\"},\"wordCount\":750,\"commentCount\":0,\"publisher\":{\"@id\":\"https:\/\/socjolab.pl\/#organization\"},\"image\":{\"@id\":\"https:\/\/socjolab.pl\/?p=2055#primaryimage\"},\"thumbnailUrl\":\"https:\/\/socjolab.pl\/wp-content\/uploads\/2025\/11\/Laboratorium-spoleczne-4.jpg\",\"keywords\":[\"administracja publiczna\",\"polityka medialna\"],\"articleSection\":[\"wiedza\"],\"inLanguage\":\"pl-PL\",\"potentialAction\":[{\"@type\":\"CommentAction\",\"name\":\"Comment\",\"target\":[\"https:\/\/socjolab.pl\/?p=2055#respond\"]}]},{\"@type\":\"WebPage\",\"@id\":\"https:\/\/socjolab.pl\/?p=2055\",\"url\":\"https:\/\/socjolab.pl\/?p=2055\",\"name\":\"Polityka medialna w dobie cyfryzacji - SOCJOLAB\",\"isPartOf\":{\"@id\":\"https:\/\/socjolab.pl\/#website\"},\"primaryImageOfPage\":{\"@id\":\"https:\/\/socjolab.pl\/?p=2055#primaryimage\"},\"image\":{\"@id\":\"https:\/\/socjolab.pl\/?p=2055#primaryimage\"},\"thumbnailUrl\":\"https:\/\/socjolab.pl\/wp-content\/uploads\/2025\/11\/Laboratorium-spoleczne-4.jpg\",\"datePublished\":\"2025-11-21T14:33:04+00:00\",\"dateModified\":\"2025-11-21T14:35:44+00:00\",\"description\":\"Czym jest polityka medialna? Jaka jest definicja polityki medialnej? O tym i o cyfryzacji telewizji w najnowszym wydaniu ksi\u0105\u017cki \\\"Polityka medialna w dobie cyfryzacji\\\" dr Rafa\u0142a Guzowskiego\",\"breadcrumb\":{\"@id\":\"https:\/\/socjolab.pl\/?p=2055#breadcrumb\"},\"inLanguage\":\"pl-PL\",\"potentialAction\":[{\"@type\":\"ReadAction\",\"target\":[\"https:\/\/socjolab.pl\/?p=2055\"]}]},{\"@type\":\"ImageObject\",\"inLanguage\":\"pl-PL\",\"@id\":\"https:\/\/socjolab.pl\/?p=2055#primaryimage\",\"url\":\"https:\/\/socjolab.pl\/wp-content\/uploads\/2025\/11\/Laboratorium-spoleczne-4.jpg\",\"contentUrl\":\"https:\/\/socjolab.pl\/wp-content\/uploads\/2025\/11\/Laboratorium-spoleczne-4.jpg\",\"width\":1920,\"height\":1080},{\"@type\":\"BreadcrumbList\",\"@id\":\"https:\/\/socjolab.pl\/?p=2055#breadcrumb\",\"itemListElement\":[{\"@type\":\"ListItem\",\"position\":1,\"name\":\"Strona g\u0142\u00f3wna\",\"item\":\"https:\/\/socjolab.pl\/\"},{\"@type\":\"ListItem\",\"position\":2,\"name\":\"Polityka medialna w dobie cyfryzacji\"}]},{\"@type\":\"WebSite\",\"@id\":\"https:\/\/socjolab.pl\/#website\",\"url\":\"https:\/\/socjolab.pl\/\",\"name\":\"SOCJOLAB\",\"description\":\"szkolenia, doradztwo\",\"publisher\":{\"@id\":\"https:\/\/socjolab.pl\/#organization\"},\"potentialAction\":[{\"@type\":\"SearchAction\",\"target\":{\"@type\":\"EntryPoint\",\"urlTemplate\":\"https:\/\/socjolab.pl\/?s={search_term_string}\"},\"query-input\":{\"@type\":\"PropertyValueSpecification\",\"valueRequired\":true,\"valueName\":\"search_term_string\"}}],\"inLanguage\":\"pl-PL\"},{\"@type\":\"Organization\",\"@id\":\"https:\/\/socjolab.pl\/#organization\",\"name\":\"CENTRUM SZKOLENIOWE\",\"url\":\"https:\/\/socjolab.pl\/\",\"logo\":{\"@type\":\"ImageObject\",\"inLanguage\":\"pl-PL\",\"@id\":\"https:\/\/socjolab.pl\/#\/schema\/logo\/image\/\",\"url\":\"https:\/\/socjolab.pl\/wp-content\/uploads\/2024\/03\/Bezowy-Pomaranczowy-Niebieski-i-Zielony-Nieregularne-Bazgroly-Zestaw-do-Swietowania-dla-Firmy-Post-na-Facebooka.jpg\",\"contentUrl\":\"https:\/\/socjolab.pl\/wp-content\/uploads\/2024\/03\/Bezowy-Pomaranczowy-Niebieski-i-Zielony-Nieregularne-Bazgroly-Zestaw-do-Swietowania-dla-Firmy-Post-na-Facebooka.jpg\",\"width\":940,\"height\":788,\"caption\":\"CENTRUM SZKOLENIOWE\"},\"image\":{\"@id\":\"https:\/\/socjolab.pl\/#\/schema\/logo\/image\/\"}},{\"@type\":\"Person\",\"@id\":\"https:\/\/socjolab.pl\/#\/schema\/person\/fe6eb68d8df4a70ddc05510de89286c4\",\"name\":\"admin\",\"image\":{\"@type\":\"ImageObject\",\"inLanguage\":\"pl-PL\",\"@id\":\"https:\/\/socjolab.pl\/#\/schema\/person\/image\/\",\"url\":\"https:\/\/secure.gravatar.com\/avatar\/1a6fbe7312a100f8cf31e6944992876bdc9944a2b29107ef260fd2aa72a26376?s=96&d=mm&r=g\",\"contentUrl\":\"https:\/\/secure.gravatar.com\/avatar\/1a6fbe7312a100f8cf31e6944992876bdc9944a2b29107ef260fd2aa72a26376?s=96&d=mm&r=g\",\"caption\":\"admin\"},\"sameAs\":[\"http:\/\/socjolab.pl\"],\"url\":\"https:\/\/socjolab.pl\/?author=1\"}]}<\/script>\n<!-- \/ Yoast SEO plugin. -->","yoast_head_json":{"title":"Polityka medialna w dobie cyfryzacji - SOCJOLAB","description":"Czym jest polityka medialna? Jaka jest definicja polityki medialnej? O tym i o cyfryzacji telewizji w najnowszym wydaniu ksi\u0105\u017cki \"Polityka medialna w dobie cyfryzacji\" dr Rafa\u0142a Guzowskiego","robots":{"index":"index","follow":"follow","max-snippet":"max-snippet:-1","max-image-preview":"max-image-preview:large","max-video-preview":"max-video-preview:-1"},"canonical":"https:\/\/socjolab.pl\/?p=2055","og_locale":"pl_PL","og_type":"article","og_title":"Polityka medialna w dobie cyfryzacji - SOCJOLAB","og_description":"Czym jest polityka medialna? Jaka jest definicja polityki medialnej? O tym i o cyfryzacji telewizji w najnowszym wydaniu ksi\u0105\u017cki \"Polityka medialna w dobie cyfryzacji\" dr Rafa\u0142a Guzowskiego","og_url":"https:\/\/socjolab.pl\/?p=2055","og_site_name":"SOCJOLAB","article_published_time":"2025-11-21T14:33:04+00:00","article_modified_time":"2025-11-21T14:35:44+00:00","og_image":[{"width":1920,"height":1080,"url":"https:\/\/socjolab.pl\/wp-content\/uploads\/2025\/11\/Laboratorium-spoleczne-4.jpg","type":"image\/jpeg"}],"author":"admin","twitter_card":"summary_large_image","twitter_misc":{"Napisane przez":"admin","Szacowany czas czytania":"4 minuty"},"schema":{"@context":"https:\/\/schema.org","@graph":[{"@type":"Article","@id":"https:\/\/socjolab.pl\/?p=2055#article","isPartOf":{"@id":"https:\/\/socjolab.pl\/?p=2055"},"author":{"name":"admin","@id":"https:\/\/socjolab.pl\/#\/schema\/person\/fe6eb68d8df4a70ddc05510de89286c4"},"headline":"Polityka medialna w dobie cyfryzacji","datePublished":"2025-11-21T14:33:04+00:00","dateModified":"2025-11-21T14:35:44+00:00","mainEntityOfPage":{"@id":"https:\/\/socjolab.pl\/?p=2055"},"wordCount":750,"commentCount":0,"publisher":{"@id":"https:\/\/socjolab.pl\/#organization"},"image":{"@id":"https:\/\/socjolab.pl\/?p=2055#primaryimage"},"thumbnailUrl":"https:\/\/socjolab.pl\/wp-content\/uploads\/2025\/11\/Laboratorium-spoleczne-4.jpg","keywords":["administracja publiczna","polityka medialna"],"articleSection":["wiedza"],"inLanguage":"pl-PL","potentialAction":[{"@type":"CommentAction","name":"Comment","target":["https:\/\/socjolab.pl\/?p=2055#respond"]}]},{"@type":"WebPage","@id":"https:\/\/socjolab.pl\/?p=2055","url":"https:\/\/socjolab.pl\/?p=2055","name":"Polityka medialna w dobie cyfryzacji - SOCJOLAB","isPartOf":{"@id":"https:\/\/socjolab.pl\/#website"},"primaryImageOfPage":{"@id":"https:\/\/socjolab.pl\/?p=2055#primaryimage"},"image":{"@id":"https:\/\/socjolab.pl\/?p=2055#primaryimage"},"thumbnailUrl":"https:\/\/socjolab.pl\/wp-content\/uploads\/2025\/11\/Laboratorium-spoleczne-4.jpg","datePublished":"2025-11-21T14:33:04+00:00","dateModified":"2025-11-21T14:35:44+00:00","description":"Czym jest polityka medialna? Jaka jest definicja polityki medialnej? O tym i o cyfryzacji telewizji w najnowszym wydaniu ksi\u0105\u017cki \"Polityka medialna w dobie cyfryzacji\" dr Rafa\u0142a Guzowskiego","breadcrumb":{"@id":"https:\/\/socjolab.pl\/?p=2055#breadcrumb"},"inLanguage":"pl-PL","potentialAction":[{"@type":"ReadAction","target":["https:\/\/socjolab.pl\/?p=2055"]}]},{"@type":"ImageObject","inLanguage":"pl-PL","@id":"https:\/\/socjolab.pl\/?p=2055#primaryimage","url":"https:\/\/socjolab.pl\/wp-content\/uploads\/2025\/11\/Laboratorium-spoleczne-4.jpg","contentUrl":"https:\/\/socjolab.pl\/wp-content\/uploads\/2025\/11\/Laboratorium-spoleczne-4.jpg","width":1920,"height":1080},{"@type":"BreadcrumbList","@id":"https:\/\/socjolab.pl\/?p=2055#breadcrumb","itemListElement":[{"@type":"ListItem","position":1,"name":"Strona g\u0142\u00f3wna","item":"https:\/\/socjolab.pl\/"},{"@type":"ListItem","position":2,"name":"Polityka medialna w dobie cyfryzacji"}]},{"@type":"WebSite","@id":"https:\/\/socjolab.pl\/#website","url":"https:\/\/socjolab.pl\/","name":"SOCJOLAB","description":"szkolenia, doradztwo","publisher":{"@id":"https:\/\/socjolab.pl\/#organization"},"potentialAction":[{"@type":"SearchAction","target":{"@type":"EntryPoint","urlTemplate":"https:\/\/socjolab.pl\/?s={search_term_string}"},"query-input":{"@type":"PropertyValueSpecification","valueRequired":true,"valueName":"search_term_string"}}],"inLanguage":"pl-PL"},{"@type":"Organization","@id":"https:\/\/socjolab.pl\/#organization","name":"CENTRUM SZKOLENIOWE","url":"https:\/\/socjolab.pl\/","logo":{"@type":"ImageObject","inLanguage":"pl-PL","@id":"https:\/\/socjolab.pl\/#\/schema\/logo\/image\/","url":"https:\/\/socjolab.pl\/wp-content\/uploads\/2024\/03\/Bezowy-Pomaranczowy-Niebieski-i-Zielony-Nieregularne-Bazgroly-Zestaw-do-Swietowania-dla-Firmy-Post-na-Facebooka.jpg","contentUrl":"https:\/\/socjolab.pl\/wp-content\/uploads\/2024\/03\/Bezowy-Pomaranczowy-Niebieski-i-Zielony-Nieregularne-Bazgroly-Zestaw-do-Swietowania-dla-Firmy-Post-na-Facebooka.jpg","width":940,"height":788,"caption":"CENTRUM SZKOLENIOWE"},"image":{"@id":"https:\/\/socjolab.pl\/#\/schema\/logo\/image\/"}},{"@type":"Person","@id":"https:\/\/socjolab.pl\/#\/schema\/person\/fe6eb68d8df4a70ddc05510de89286c4","name":"admin","image":{"@type":"ImageObject","inLanguage":"pl-PL","@id":"https:\/\/socjolab.pl\/#\/schema\/person\/image\/","url":"https:\/\/secure.gravatar.com\/avatar\/1a6fbe7312a100f8cf31e6944992876bdc9944a2b29107ef260fd2aa72a26376?s=96&d=mm&r=g","contentUrl":"https:\/\/secure.gravatar.com\/avatar\/1a6fbe7312a100f8cf31e6944992876bdc9944a2b29107ef260fd2aa72a26376?s=96&d=mm&r=g","caption":"admin"},"sameAs":["http:\/\/socjolab.pl"],"url":"https:\/\/socjolab.pl\/?author=1"}]}},"_links":{"self":[{"href":"https:\/\/socjolab.pl\/index.php?rest_route=\/wp\/v2\/posts\/2055","targetHints":{"allow":["GET"]}}],"collection":[{"href":"https:\/\/socjolab.pl\/index.php?rest_route=\/wp\/v2\/posts"}],"about":[{"href":"https:\/\/socjolab.pl\/index.php?rest_route=\/wp\/v2\/types\/post"}],"author":[{"embeddable":true,"href":"https:\/\/socjolab.pl\/index.php?rest_route=\/wp\/v2\/users\/1"}],"replies":[{"embeddable":true,"href":"https:\/\/socjolab.pl\/index.php?rest_route=%2Fwp%2Fv2%2Fcomments&post=2055"}],"version-history":[{"count":1,"href":"https:\/\/socjolab.pl\/index.php?rest_route=\/wp\/v2\/posts\/2055\/revisions"}],"predecessor-version":[{"id":2057,"href":"https:\/\/socjolab.pl\/index.php?rest_route=\/wp\/v2\/posts\/2055\/revisions\/2057"}],"wp:featuredmedia":[{"embeddable":true,"href":"https:\/\/socjolab.pl\/index.php?rest_route=\/wp\/v2\/media\/2058"}],"wp:attachment":[{"href":"https:\/\/socjolab.pl\/index.php?rest_route=%2Fwp%2Fv2%2Fmedia&parent=2055"}],"wp:term":[{"taxonomy":"category","embeddable":true,"href":"https:\/\/socjolab.pl\/index.php?rest_route=%2Fwp%2Fv2%2Fcategories&post=2055"},{"taxonomy":"post_tag","embeddable":true,"href":"https:\/\/socjolab.pl\/index.php?rest_route=%2Fwp%2Fv2%2Ftags&post=2055"}],"curies":[{"name":"wp","href":"https:\/\/api.w.org\/{rel}","templated":true}]}}