{"id":2015,"date":"2025-10-11T14:29:31","date_gmt":"2025-10-11T12:29:31","guid":{"rendered":"https:\/\/socjolab.pl\/?p=2015"},"modified":"2025-10-11T14:29:32","modified_gmt":"2025-10-11T12:29:32","slug":"szkolenia-socjolab","status":"publish","type":"post","link":"https:\/\/socjolab.pl\/?p=2015","title":{"rendered":"Ostatnie wolne terminy!"},"content":{"rendered":"\n<p>Czas ucieka! Je\u015bli planujesz intensywny rozw\u00f3j kompetencji swoich zespo\u0142\u00f3w lub osobisty awans w ostatnim kwartale roku, to jest ten moment, by zarezerwowa\u0107 termin. Oferta dotyczy szkole\u0144 dla instytucji.<\/p>\n\n\n\n<p>Zosta\u0142y nam <strong>OSTATNIE WOLNE TERMINY<\/strong> na realizacj\u0119 szkole\u0144:<\/p>\n\n\n\n<ul class=\"wp-block-list\">\n<li><strong>Szkolenia Jednodniowe (Intensywne):<\/strong> Idealne do szybkiego opanowania konkretnych umiej\u0119tno\u015bci.<\/li>\n\n\n\n<li><strong>Szkolenia Dwudniowe (Kompleksowe):<\/strong> Pozwalaj\u0105 na dog\u0142\u0119bne zrozumienie tematu i praktyczne prze\u0107wiczenie scenariuszy.<\/li>\n<\/ul>\n\n\n\n<p>\ud83d\udcc5 <strong>Dost\u0119pne terminy w 2025 roku s\u0105 na wyci\u0105gni\u0119cie r\u0119ki!<\/strong><\/p>\n\n\n\n<p><strong>Dlaczego warto skorzysta\u0107 z naszej oferty?<\/strong><\/p>\n\n\n\n<ul class=\"wp-block-list\">\n<li><strong>Ekspercka Wiedza:<\/strong> Szkolenia prowadzone przez praktyk\u00f3w z wieloletnim do\u015bwiadczeniem.<\/li>\n\n\n\n<li><strong>Praktyczne Narz\u0119dzia:<\/strong> Otrzymujesz gotowe rozwi\u0105zania, kt\u00f3re wdra\u017casz od razu w pracy.<\/li>\n\n\n\n<li><strong>Elastyczno\u015b\u0107:<\/strong> Dostosowujemy program do specyfiki i potrzeb Twojej organizacji.<\/li>\n<\/ul>\n\n\n\n<p>Nie pozw\u00f3l, by bud\u017cet na rozw\u00f3j przepad\u0142, a Tw\u00f3j zesp\u00f3\u0142 czeka\u0142 na wiedz\u0119! Zarezerwuj sw\u00f3j termin ju\u017c dzi\u015b. Skontaktuj si\u0119 z nami. <\/p>\n\n\n\n<p>Nie posiadamy termin\u00f3w na szkolenia indywidualne.<\/p>\n\n\n\n<p>\ud83d\udc49 <strong><a href=\"https:\/\/socjolab.pl\/?page_id=21\">Zapoznaj si\u0119 z pe\u0142n\u0105 ofert\u0105 i skontaktuj si\u0119 z nami w sprawie szczeg\u00f3\u0142\u00f3w!<\/a><\/strong><\/p>\n","protected":false},"excerpt":{"rendered":"<p>Czas ucieka! Je\u015bli planujesz intensywny rozw\u00f3j kompetencji swoich zespo\u0142\u00f3w lub osobisty awans w ostatnim kwartale roku, to jest ten moment, by zarezerwowa\u0107 termin. Oferta dotyczy&hellip;&nbsp;<a href=\"https:\/\/socjolab.pl\/?p=2015\" class=\"\" rel=\"bookmark\">Dowiedz si\u0119 wi\u0119cej &raquo;<span class=\"screen-reader-text\">Ostatnie wolne terminy!<\/span><\/a><\/p>\n","protected":false},"author":1,"featured_media":2016,"comment_status":"open","ping_status":"open","sticky":false,"template":"","format":"standard","meta":{"neve_meta_sidebar":"","neve_meta_container":"","neve_meta_enable_content_width":"","neve_meta_content_width":0,"neve_meta_title_alignment":"","neve_meta_author_avatar":"","neve_post_elements_order":"","neve_meta_disable_header":"","neve_meta_disable_footer":"","neve_meta_disable_title":"","footnotes":""},"categories":[12],"tags":[86,87],"class_list":["post-2015","post","type-post","status-publish","format-standard","has-post-thumbnail","hentry","category-wiedza","tag-szkolenia","tag-terminy"],"yoast_head":"<!-- This site is optimized with the Yoast SEO plugin v26.8 - https:\/\/yoast.com\/product\/yoast-seo-wordpress\/ -->\n<title>Ostatnie wolne terminy! - SOCJOLAB<\/title>\n<meta name=\"description\" content=\"Ekspercie i dedykowane szkolenia dla instytucji i firm gwarantuj\u0105 jasny przekaz i mo\u017cliwo\u015b\u0107 zam\u00f3wienia i precyzyjnego okre\u015blenia potrzeb!\" \/>\n<meta name=\"robots\" content=\"index, follow, max-snippet:-1, max-image-preview:large, max-video-preview:-1\" \/>\n<link rel=\"canonical\" href=\"https:\/\/socjolab.pl\/?p=2015\" \/>\n<meta property=\"og:locale\" content=\"pl_PL\" \/>\n<meta property=\"og:type\" content=\"article\" \/>\n<meta property=\"og:title\" content=\"Ostatnie wolne terminy! - SOCJOLAB\" \/>\n<meta property=\"og:description\" content=\"Ekspercie i dedykowane szkolenia dla instytucji i firm gwarantuj\u0105 jasny przekaz i mo\u017cliwo\u015b\u0107 zam\u00f3wienia i precyzyjnego okre\u015blenia potrzeb!\" \/>\n<meta property=\"og:url\" content=\"https:\/\/socjolab.pl\/?p=2015\" \/>\n<meta property=\"og:site_name\" content=\"SOCJOLAB\" \/>\n<meta property=\"article:published_time\" content=\"2025-10-11T12:29:31+00:00\" \/>\n<meta property=\"article:modified_time\" content=\"2025-10-11T12:29:32+00:00\" \/>\n<meta property=\"og:image\" content=\"https:\/\/socjolab.pl\/wp-content\/uploads\/2025\/10\/Laboratorium-spoleczne-7.jpg\" \/>\n\t<meta property=\"og:image:width\" content=\"1920\" \/>\n\t<meta property=\"og:image:height\" content=\"1080\" \/>\n\t<meta property=\"og:image:type\" content=\"image\/jpeg\" \/>\n<meta name=\"author\" content=\"admin\" \/>\n<meta name=\"twitter:card\" content=\"summary_large_image\" \/>\n<meta name=\"twitter:label1\" content=\"Napisane przez\" \/>\n\t<meta name=\"twitter:data1\" content=\"admin\" \/>\n\t<meta name=\"twitter:label2\" content=\"Szacowany czas czytania\" \/>\n\t<meta name=\"twitter:data2\" content=\"2 minuty\" \/>\n<script type=\"application\/ld+json\" class=\"yoast-schema-graph\">{\"@context\":\"https:\/\/schema.org\",\"@graph\":[{\"@type\":\"Article\",\"@id\":\"https:\/\/socjolab.pl\/?p=2015#article\",\"isPartOf\":{\"@id\":\"https:\/\/socjolab.pl\/?p=2015\"},\"author\":{\"name\":\"admin\",\"@id\":\"https:\/\/socjolab.pl\/#\/schema\/person\/fe6eb68d8df4a70ddc05510de89286c4\"},\"headline\":\"Ostatnie wolne terminy!\",\"datePublished\":\"2025-10-11T12:29:31+00:00\",\"dateModified\":\"2025-10-11T12:29:32+00:00\",\"mainEntityOfPage\":{\"@id\":\"https:\/\/socjolab.pl\/?p=2015\"},\"wordCount\":170,\"commentCount\":0,\"publisher\":{\"@id\":\"https:\/\/socjolab.pl\/#organization\"},\"image\":{\"@id\":\"https:\/\/socjolab.pl\/?p=2015#primaryimage\"},\"thumbnailUrl\":\"https:\/\/socjolab.pl\/wp-content\/uploads\/2025\/10\/Laboratorium-spoleczne-7.jpg\",\"keywords\":[\"szkolenia\",\"terminy\"],\"articleSection\":[\"wiedza\"],\"inLanguage\":\"pl-PL\",\"potentialAction\":[{\"@type\":\"CommentAction\",\"name\":\"Comment\",\"target\":[\"https:\/\/socjolab.pl\/?p=2015#respond\"]}]},{\"@type\":\"WebPage\",\"@id\":\"https:\/\/socjolab.pl\/?p=2015\",\"url\":\"https:\/\/socjolab.pl\/?p=2015\",\"name\":\"Ostatnie wolne terminy! - SOCJOLAB\",\"isPartOf\":{\"@id\":\"https:\/\/socjolab.pl\/#website\"},\"primaryImageOfPage\":{\"@id\":\"https:\/\/socjolab.pl\/?p=2015#primaryimage\"},\"image\":{\"@id\":\"https:\/\/socjolab.pl\/?p=2015#primaryimage\"},\"thumbnailUrl\":\"https:\/\/socjolab.pl\/wp-content\/uploads\/2025\/10\/Laboratorium-spoleczne-7.jpg\",\"datePublished\":\"2025-10-11T12:29:31+00:00\",\"dateModified\":\"2025-10-11T12:29:32+00:00\",\"description\":\"Ekspercie i dedykowane szkolenia dla instytucji i firm gwarantuj\u0105 jasny przekaz i mo\u017cliwo\u015b\u0107 zam\u00f3wienia i precyzyjnego okre\u015blenia potrzeb!\",\"breadcrumb\":{\"@id\":\"https:\/\/socjolab.pl\/?p=2015#breadcrumb\"},\"inLanguage\":\"pl-PL\",\"potentialAction\":[{\"@type\":\"ReadAction\",\"target\":[\"https:\/\/socjolab.pl\/?p=2015\"]}]},{\"@type\":\"ImageObject\",\"inLanguage\":\"pl-PL\",\"@id\":\"https:\/\/socjolab.pl\/?p=2015#primaryimage\",\"url\":\"https:\/\/socjolab.pl\/wp-content\/uploads\/2025\/10\/Laboratorium-spoleczne-7.jpg\",\"contentUrl\":\"https:\/\/socjolab.pl\/wp-content\/uploads\/2025\/10\/Laboratorium-spoleczne-7.jpg\",\"width\":1920,\"height\":1080,\"caption\":\"szkolenia socjolab\"},{\"@type\":\"BreadcrumbList\",\"@id\":\"https:\/\/socjolab.pl\/?p=2015#breadcrumb\",\"itemListElement\":[{\"@type\":\"ListItem\",\"position\":1,\"name\":\"Strona g\u0142\u00f3wna\",\"item\":\"https:\/\/socjolab.pl\/\"},{\"@type\":\"ListItem\",\"position\":2,\"name\":\"Ostatnie wolne terminy!\"}]},{\"@type\":\"WebSite\",\"@id\":\"https:\/\/socjolab.pl\/#website\",\"url\":\"https:\/\/socjolab.pl\/\",\"name\":\"SOCJOLAB\",\"description\":\"szkolenia, doradztwo\",\"publisher\":{\"@id\":\"https:\/\/socjolab.pl\/#organization\"},\"potentialAction\":[{\"@type\":\"SearchAction\",\"target\":{\"@type\":\"EntryPoint\",\"urlTemplate\":\"https:\/\/socjolab.pl\/?s={search_term_string}\"},\"query-input\":{\"@type\":\"PropertyValueSpecification\",\"valueRequired\":true,\"valueName\":\"search_term_string\"}}],\"inLanguage\":\"pl-PL\"},{\"@type\":\"Organization\",\"@id\":\"https:\/\/socjolab.pl\/#organization\",\"name\":\"CENTRUM SZKOLENIOWE\",\"url\":\"https:\/\/socjolab.pl\/\",\"logo\":{\"@type\":\"ImageObject\",\"inLanguage\":\"pl-PL\",\"@id\":\"https:\/\/socjolab.pl\/#\/schema\/logo\/image\/\",\"url\":\"https:\/\/socjolab.pl\/wp-content\/uploads\/2024\/03\/Bezowy-Pomaranczowy-Niebieski-i-Zielony-Nieregularne-Bazgroly-Zestaw-do-Swietowania-dla-Firmy-Post-na-Facebooka.jpg\",\"contentUrl\":\"https:\/\/socjolab.pl\/wp-content\/uploads\/2024\/03\/Bezowy-Pomaranczowy-Niebieski-i-Zielony-Nieregularne-Bazgroly-Zestaw-do-Swietowania-dla-Firmy-Post-na-Facebooka.jpg\",\"width\":940,\"height\":788,\"caption\":\"CENTRUM SZKOLENIOWE\"},\"image\":{\"@id\":\"https:\/\/socjolab.pl\/#\/schema\/logo\/image\/\"}},{\"@type\":\"Person\",\"@id\":\"https:\/\/socjolab.pl\/#\/schema\/person\/fe6eb68d8df4a70ddc05510de89286c4\",\"name\":\"admin\",\"image\":{\"@type\":\"ImageObject\",\"inLanguage\":\"pl-PL\",\"@id\":\"https:\/\/socjolab.pl\/#\/schema\/person\/image\/\",\"url\":\"https:\/\/secure.gravatar.com\/avatar\/1a6fbe7312a100f8cf31e6944992876bdc9944a2b29107ef260fd2aa72a26376?s=96&d=mm&r=g\",\"contentUrl\":\"https:\/\/secure.gravatar.com\/avatar\/1a6fbe7312a100f8cf31e6944992876bdc9944a2b29107ef260fd2aa72a26376?s=96&d=mm&r=g\",\"caption\":\"admin\"},\"sameAs\":[\"http:\/\/socjolab.pl\"],\"url\":\"https:\/\/socjolab.pl\/?author=1\"}]}<\/script>\n<!-- \/ Yoast SEO plugin. -->","yoast_head_json":{"title":"Ostatnie wolne terminy! - SOCJOLAB","description":"Ekspercie i dedykowane szkolenia dla instytucji i firm gwarantuj\u0105 jasny przekaz i mo\u017cliwo\u015b\u0107 zam\u00f3wienia i precyzyjnego okre\u015blenia potrzeb!","robots":{"index":"index","follow":"follow","max-snippet":"max-snippet:-1","max-image-preview":"max-image-preview:large","max-video-preview":"max-video-preview:-1"},"canonical":"https:\/\/socjolab.pl\/?p=2015","og_locale":"pl_PL","og_type":"article","og_title":"Ostatnie wolne terminy! - SOCJOLAB","og_description":"Ekspercie i dedykowane szkolenia dla instytucji i firm gwarantuj\u0105 jasny przekaz i mo\u017cliwo\u015b\u0107 zam\u00f3wienia i precyzyjnego okre\u015blenia potrzeb!","og_url":"https:\/\/socjolab.pl\/?p=2015","og_site_name":"SOCJOLAB","article_published_time":"2025-10-11T12:29:31+00:00","article_modified_time":"2025-10-11T12:29:32+00:00","og_image":[{"width":1920,"height":1080,"url":"https:\/\/socjolab.pl\/wp-content\/uploads\/2025\/10\/Laboratorium-spoleczne-7.jpg","type":"image\/jpeg"}],"author":"admin","twitter_card":"summary_large_image","twitter_misc":{"Napisane przez":"admin","Szacowany czas czytania":"2 minuty"},"schema":{"@context":"https:\/\/schema.org","@graph":[{"@type":"Article","@id":"https:\/\/socjolab.pl\/?p=2015#article","isPartOf":{"@id":"https:\/\/socjolab.pl\/?p=2015"},"author":{"name":"admin","@id":"https:\/\/socjolab.pl\/#\/schema\/person\/fe6eb68d8df4a70ddc05510de89286c4"},"headline":"Ostatnie wolne terminy!","datePublished":"2025-10-11T12:29:31+00:00","dateModified":"2025-10-11T12:29:32+00:00","mainEntityOfPage":{"@id":"https:\/\/socjolab.pl\/?p=2015"},"wordCount":170,"commentCount":0,"publisher":{"@id":"https:\/\/socjolab.pl\/#organization"},"image":{"@id":"https:\/\/socjolab.pl\/?p=2015#primaryimage"},"thumbnailUrl":"https:\/\/socjolab.pl\/wp-content\/uploads\/2025\/10\/Laboratorium-spoleczne-7.jpg","keywords":["szkolenia","terminy"],"articleSection":["wiedza"],"inLanguage":"pl-PL","potentialAction":[{"@type":"CommentAction","name":"Comment","target":["https:\/\/socjolab.pl\/?p=2015#respond"]}]},{"@type":"WebPage","@id":"https:\/\/socjolab.pl\/?p=2015","url":"https:\/\/socjolab.pl\/?p=2015","name":"Ostatnie wolne terminy! - SOCJOLAB","isPartOf":{"@id":"https:\/\/socjolab.pl\/#website"},"primaryImageOfPage":{"@id":"https:\/\/socjolab.pl\/?p=2015#primaryimage"},"image":{"@id":"https:\/\/socjolab.pl\/?p=2015#primaryimage"},"thumbnailUrl":"https:\/\/socjolab.pl\/wp-content\/uploads\/2025\/10\/Laboratorium-spoleczne-7.jpg","datePublished":"2025-10-11T12:29:31+00:00","dateModified":"2025-10-11T12:29:32+00:00","description":"Ekspercie i dedykowane szkolenia dla instytucji i firm gwarantuj\u0105 jasny przekaz i mo\u017cliwo\u015b\u0107 zam\u00f3wienia i precyzyjnego okre\u015blenia potrzeb!","breadcrumb":{"@id":"https:\/\/socjolab.pl\/?p=2015#breadcrumb"},"inLanguage":"pl-PL","potentialAction":[{"@type":"ReadAction","target":["https:\/\/socjolab.pl\/?p=2015"]}]},{"@type":"ImageObject","inLanguage":"pl-PL","@id":"https:\/\/socjolab.pl\/?p=2015#primaryimage","url":"https:\/\/socjolab.pl\/wp-content\/uploads\/2025\/10\/Laboratorium-spoleczne-7.jpg","contentUrl":"https:\/\/socjolab.pl\/wp-content\/uploads\/2025\/10\/Laboratorium-spoleczne-7.jpg","width":1920,"height":1080,"caption":"szkolenia socjolab"},{"@type":"BreadcrumbList","@id":"https:\/\/socjolab.pl\/?p=2015#breadcrumb","itemListElement":[{"@type":"ListItem","position":1,"name":"Strona g\u0142\u00f3wna","item":"https:\/\/socjolab.pl\/"},{"@type":"ListItem","position":2,"name":"Ostatnie wolne terminy!"}]},{"@type":"WebSite","@id":"https:\/\/socjolab.pl\/#website","url":"https:\/\/socjolab.pl\/","name":"SOCJOLAB","description":"szkolenia, doradztwo","publisher":{"@id":"https:\/\/socjolab.pl\/#organization"},"potentialAction":[{"@type":"SearchAction","target":{"@type":"EntryPoint","urlTemplate":"https:\/\/socjolab.pl\/?s={search_term_string}"},"query-input":{"@type":"PropertyValueSpecification","valueRequired":true,"valueName":"search_term_string"}}],"inLanguage":"pl-PL"},{"@type":"Organization","@id":"https:\/\/socjolab.pl\/#organization","name":"CENTRUM SZKOLENIOWE","url":"https:\/\/socjolab.pl\/","logo":{"@type":"ImageObject","inLanguage":"pl-PL","@id":"https:\/\/socjolab.pl\/#\/schema\/logo\/image\/","url":"https:\/\/socjolab.pl\/wp-content\/uploads\/2024\/03\/Bezowy-Pomaranczowy-Niebieski-i-Zielony-Nieregularne-Bazgroly-Zestaw-do-Swietowania-dla-Firmy-Post-na-Facebooka.jpg","contentUrl":"https:\/\/socjolab.pl\/wp-content\/uploads\/2024\/03\/Bezowy-Pomaranczowy-Niebieski-i-Zielony-Nieregularne-Bazgroly-Zestaw-do-Swietowania-dla-Firmy-Post-na-Facebooka.jpg","width":940,"height":788,"caption":"CENTRUM SZKOLENIOWE"},"image":{"@id":"https:\/\/socjolab.pl\/#\/schema\/logo\/image\/"}},{"@type":"Person","@id":"https:\/\/socjolab.pl\/#\/schema\/person\/fe6eb68d8df4a70ddc05510de89286c4","name":"admin","image":{"@type":"ImageObject","inLanguage":"pl-PL","@id":"https:\/\/socjolab.pl\/#\/schema\/person\/image\/","url":"https:\/\/secure.gravatar.com\/avatar\/1a6fbe7312a100f8cf31e6944992876bdc9944a2b29107ef260fd2aa72a26376?s=96&d=mm&r=g","contentUrl":"https:\/\/secure.gravatar.com\/avatar\/1a6fbe7312a100f8cf31e6944992876bdc9944a2b29107ef260fd2aa72a26376?s=96&d=mm&r=g","caption":"admin"},"sameAs":["http:\/\/socjolab.pl"],"url":"https:\/\/socjolab.pl\/?author=1"}]}},"_links":{"self":[{"href":"https:\/\/socjolab.pl\/index.php?rest_route=\/wp\/v2\/posts\/2015","targetHints":{"allow":["GET"]}}],"collection":[{"href":"https:\/\/socjolab.pl\/index.php?rest_route=\/wp\/v2\/posts"}],"about":[{"href":"https:\/\/socjolab.pl\/index.php?rest_route=\/wp\/v2\/types\/post"}],"author":[{"embeddable":true,"href":"https:\/\/socjolab.pl\/index.php?rest_route=\/wp\/v2\/users\/1"}],"replies":[{"embeddable":true,"href":"https:\/\/socjolab.pl\/index.php?rest_route=%2Fwp%2Fv2%2Fcomments&post=2015"}],"version-history":[{"count":1,"href":"https:\/\/socjolab.pl\/index.php?rest_route=\/wp\/v2\/posts\/2015\/revisions"}],"predecessor-version":[{"id":2017,"href":"https:\/\/socjolab.pl\/index.php?rest_route=\/wp\/v2\/posts\/2015\/revisions\/2017"}],"wp:featuredmedia":[{"embeddable":true,"href":"https:\/\/socjolab.pl\/index.php?rest_route=\/wp\/v2\/media\/2016"}],"wp:attachment":[{"href":"https:\/\/socjolab.pl\/index.php?rest_route=%2Fwp%2Fv2%2Fmedia&parent=2015"}],"wp:term":[{"taxonomy":"category","embeddable":true,"href":"https:\/\/socjolab.pl\/index.php?rest_route=%2Fwp%2Fv2%2Fcategories&post=2015"},{"taxonomy":"post_tag","embeddable":true,"href":"https:\/\/socjolab.pl\/index.php?rest_route=%2Fwp%2Fv2%2Ftags&post=2015"}],"curies":[{"name":"wp","href":"https:\/\/api.w.org\/{rel}","templated":true}]}}