{"id":1981,"date":"2025-08-08T11:56:41","date_gmt":"2025-08-08T09:56:41","guid":{"rendered":"https:\/\/socjolab.pl\/?p=1981"},"modified":"2025-08-07T12:01:00","modified_gmt":"2025-08-07T10:01:00","slug":"zarzadzanie-kryzysem","status":"publish","type":"post","link":"https:\/\/socjolab.pl\/?p=1981","title":{"rendered":"Zarz\u0105dzanie kryzysem w cyfrowej erze"},"content":{"rendered":"\n<p>Jak komunikowa\u0107 si\u0119 z obywatelami w sytuacjach nadzwyczajnych.<\/p>\n\n\n\n<p>W obliczu rosn\u0105cej liczby kryzys\u00f3w \u2014 od katastrof naturalnych po zagro\u017cenia spo\u0142eczne \u2014 rola administracji publicznej w komunikacji z obywatelami nigdy nie by\u0142a tak kluczowa. W dobie powszechnego dost\u0119pu do informacji i medi\u00f3w spo\u0142eczno\u015bciowych, spos\u00f3b przekazywania komunikat\u00f3w w sytuacjach nadzwyczajnych decyduje nie tylko o reputacji, ale cz\u0119sto o zdrowiu i \u017cyciu ludzi. Efektywna <strong>komunikacja kryzysowa<\/strong> w cyfrowej erze to sztuka, kt\u00f3ra wymaga strategicznego planowania, szybko\u015bci i precyzji, a jej g\u0142\u00f3wnym celem jest budowanie zaufania i zapewnienie bezpiecze\u0144stwa.<\/p>\n\n\n\n<hr class=\"wp-block-separator has-alpha-channel-opacity\"\/>\n\n\n\n<h3 class=\"wp-block-heading\">Szybko\u015b\u0107 i precyzja: Dwa filary skutecznej komunikacji<\/h3>\n\n\n\n<p>Jednym z najwa\u017cniejszych wyzwa\u0144 w zarz\u0105dzaniu kryzysem jest walka z dezinformacj\u0105 i panik\u0105. W dobie, gdy fa\u0142szywe informacje rozprzestrzeniaj\u0105 si\u0119 b\u0142yskawicznie, administracja musi dzia\u0142a\u0107 r\u00f3wnie szybko, a jednocze\u015bnie opiera\u0107 si\u0119 na zweryfikowanych danych. Komunikacja nie mo\u017ce czeka\u0107 na pe\u0142ne wyja\u015bnienie sytuacji. Pierwsze komunikaty powinny by\u0107 wysy\u0142ane natychmiast po wyst\u0105pieniu zagro\u017cenia, nawet je\u015bli zawieraj\u0105 tylko podstawowe informacje o charakterze kryzysu i podmiocie odpowiedzialnym za dzia\u0142ania. Kolejne komunikaty musz\u0105 dostarcza\u0107 precyzyjnych i aktualnych instrukcji dla obywateli, wskazuj\u0105c im, jak maj\u0105 si\u0119 zachowa\u0107 i gdzie mog\u0105 szuka\u0107 pomocy.<\/p>\n\n\n\n<hr class=\"wp-block-separator has-alpha-channel-opacity\"\/>\n\n\n\n<h3 class=\"wp-block-heading\">Media spo\u0142eczno\u015bciowe jako narz\u0119dzie pierwszego kontaktu<\/h3>\n\n\n\n<p>W sytuacjach kryzysowych media spo\u0142eczno\u015bciowe, takie jak Facebook, X (dawniej Twitter) czy nawet TikTok, staj\u0105 si\u0119 g\u0142\u00f3wnym kana\u0142em komunikacji. Pozwalaj\u0105 na dotarcie do obywateli w czasie rzeczywistym, cz\u0119sto zanim tradycyjne media zd\u0105\u017c\u0105 opublikowa\u0107 informacj\u0119. Administracja publiczna powinna aktywnie wykorzystywa\u0107 te kana\u0142y do:<\/p>\n\n\n\n<ul class=\"wp-block-list\">\n<li><strong>Szybkiego alarmowania:<\/strong> Wysy\u0142ania powiadomie\u0144 o zagro\u017ceniach, np. poprzez systemy alert\u00f3w czy posty z hasztagami.<\/li>\n\n\n\n<li><strong>Dementowania fa\u0142szywych informacji:<\/strong> Monitorowania sieci i natychmiastowego reagowania na fake newsy.<\/li>\n\n\n\n<li><strong>Udzielania praktycznych wskaz\u00f3wek:<\/strong> Informowania o punktach pomocy, trasach ewakuacji czy instrukcjach dotycz\u0105cych bezpiecze\u0144stwa.<\/li>\n<\/ul>\n\n\n\n<p>Kluczowe jest, aby komunikacja by\u0142a dwukierunkowa. Monitorowanie komentarzy i pyta\u0144 pozwala na bie\u017c\u0105co reagowa\u0107 na potrzeby i obawy spo\u0142ecze\u0144stwa, co buduje zaufanie i poczucie bezpiecze\u0144stwa.<\/p>\n\n\n\n<hr class=\"wp-block-separator has-alpha-channel-opacity\"\/>\n\n\n\n<h3 class=\"wp-block-heading\">Budowanie zaufania w erze cyfrowej<\/h3>\n\n\n\n<p>Sukces <strong>komunikacji kryzysowej<\/strong> w du\u017cej mierze zale\u017cy od zaufania, jakim obywatele darz\u0105 instytucje. To zaufanie buduje si\u0119 jednak na d\u0142ugo przed wyst\u0105pieniem kryzysu. Transparentna polityka informacyjna na co dzie\u0144, regularne informowanie o dzia\u0142aniach i planach oraz proaktywne komunikowanie si\u0119 z obywatelami sprawia, \u017ce w momencie zagro\u017cenia ich wiara w rzetelno\u015b\u0107 i skuteczno\u015b\u0107 administracji jest wi\u0119ksza. Otwarta komunikacja, nawet o trudnych tematach, jest w tym procesie nieoceniona. Pami\u0119tajmy, \u017ce w cyfrowej erze ka\u017cdy obywatel jest potencjalnym \u017ar\u00f3d\u0142em informacji, dlatego kluczowe jest, aby komunikaty administracji by\u0142y sp\u00f3jne, jasne i wiarygodne.<\/p>\n\n\n\n<hr class=\"wp-block-separator has-alpha-channel-opacity\"\/>\n\n\n\n<h3 class=\"wp-block-heading\">Wnioski i wyzwania na przysz\u0142o\u015b\u0107<\/h3>\n\n\n\n<p>Efektywne <strong>zarz\u0105dzanie kryzysem<\/strong> w cyfrowej erze to z\u0142o\u017cony proces, kt\u00f3ry wymaga sta\u0142ego doskonalenia. Administracja publiczna musi inwestowa\u0107 w szkolenia z zakresu <strong>komunikacji kryzysowej<\/strong>, rozwija\u0107 kompetencje swoich pracownik\u00f3w w zakresie obs\u0142ugi medi\u00f3w spo\u0142eczno\u015bciowych oraz tworzy\u0107 plany dzia\u0142ania na wypadek r\u00f3\u017cnorodnych zagro\u017ce\u0144 &#8211; <a href=\"https:\/\/socjolab.pl\/?page_id=102\">skontaktuj si\u0119 z nami!<\/a> Tylko w ten spos\u00f3b, \u0142\u0105cz\u0105c szybko\u015b\u0107 technologii z m\u0105dro\u015bci\u0105 i do\u015bwiadczeniem, mo\u017cliwe b\u0119dzie skuteczne zarz\u0105dzanie kryzysem, minimalizowanie strat i zapewnienie bezpiecze\u0144stwa obywateli.<\/p>\n","protected":false},"excerpt":{"rendered":"<p>Jak komunikowa\u0107 si\u0119 z obywatelami w sytuacjach nadzwyczajnych. W obliczu rosn\u0105cej liczby kryzys\u00f3w \u2014 od katastrof naturalnych po zagro\u017cenia spo\u0142eczne \u2014 rola administracji publicznej w&hellip;&nbsp;<a href=\"https:\/\/socjolab.pl\/?p=1981\" class=\"\" rel=\"bookmark\">Dowiedz si\u0119 wi\u0119cej &raquo;<span class=\"screen-reader-text\">Zarz\u0105dzanie kryzysem w cyfrowej erze<\/span><\/a><\/p>\n","protected":false},"author":1,"featured_media":1982,"comment_status":"open","ping_status":"open","sticky":false,"template":"","format":"standard","meta":{"neve_meta_sidebar":"","neve_meta_container":"","neve_meta_enable_content_width":"","neve_meta_content_width":0,"neve_meta_title_alignment":"","neve_meta_author_avatar":"","neve_post_elements_order":"","neve_meta_disable_header":"","neve_meta_disable_footer":"","neve_meta_disable_title":"","footnotes":""},"categories":[12],"tags":[75,16,25],"class_list":["post-1981","post","type-post","status-publish","format-standard","has-post-thumbnail","hentry","category-wiedza","tag-kryzys","tag-szkolenie","tag-wizerunek"],"yoast_head":"<!-- This site is optimized with the Yoast SEO plugin v26.8 - https:\/\/yoast.com\/product\/yoast-seo-wordpress\/ -->\n<title>Zarz\u0105dzanie kryzysem w cyfrowej erze - SOCJOLAB<\/title>\n<meta name=\"description\" content=\"Zarz\u0105dzanie kryzysem i komunikacja - jak podej\u015b\u0107 w bezpiecznym, szkoleniowym, \u015brodowisku do tego tematu i przygotowa\u0107 si\u0119 na kryzys?\" \/>\n<meta name=\"robots\" content=\"index, follow, max-snippet:-1, max-image-preview:large, max-video-preview:-1\" \/>\n<link rel=\"canonical\" href=\"https:\/\/socjolab.pl\/?p=1981\" \/>\n<meta property=\"og:locale\" content=\"pl_PL\" \/>\n<meta property=\"og:type\" content=\"article\" \/>\n<meta property=\"og:title\" content=\"Zarz\u0105dzanie kryzysem w cyfrowej erze - SOCJOLAB\" \/>\n<meta property=\"og:description\" content=\"Zarz\u0105dzanie kryzysem i komunikacja - jak podej\u015b\u0107 w bezpiecznym, szkoleniowym, \u015brodowisku do tego tematu i przygotowa\u0107 si\u0119 na kryzys?\" \/>\n<meta property=\"og:url\" content=\"https:\/\/socjolab.pl\/?p=1981\" \/>\n<meta property=\"og:site_name\" content=\"SOCJOLAB\" \/>\n<meta property=\"article:published_time\" content=\"2025-08-08T09:56:41+00:00\" \/>\n<meta property=\"og:image\" content=\"https:\/\/socjolab.pl\/wp-content\/uploads\/2025\/08\/Laboratorium-spoleczne-12.jpg\" \/>\n\t<meta property=\"og:image:width\" content=\"1920\" \/>\n\t<meta property=\"og:image:height\" content=\"1080\" \/>\n\t<meta property=\"og:image:type\" content=\"image\/jpeg\" \/>\n<meta name=\"author\" content=\"admin\" \/>\n<meta name=\"twitter:card\" content=\"summary_large_image\" \/>\n<meta name=\"twitter:label1\" content=\"Napisane przez\" \/>\n\t<meta name=\"twitter:data1\" content=\"admin\" \/>\n\t<meta name=\"twitter:label2\" content=\"Szacowany czas czytania\" \/>\n\t<meta name=\"twitter:data2\" content=\"3 minuty\" \/>\n<script type=\"application\/ld+json\" class=\"yoast-schema-graph\">{\"@context\":\"https:\/\/schema.org\",\"@graph\":[{\"@type\":\"Article\",\"@id\":\"https:\/\/socjolab.pl\/?p=1981#article\",\"isPartOf\":{\"@id\":\"https:\/\/socjolab.pl\/?p=1981\"},\"author\":{\"name\":\"admin\",\"@id\":\"https:\/\/socjolab.pl\/#\/schema\/person\/fe6eb68d8df4a70ddc05510de89286c4\"},\"headline\":\"Zarz\u0105dzanie kryzysem w cyfrowej erze\",\"datePublished\":\"2025-08-08T09:56:41+00:00\",\"mainEntityOfPage\":{\"@id\":\"https:\/\/socjolab.pl\/?p=1981\"},\"wordCount\":546,\"commentCount\":0,\"publisher\":{\"@id\":\"https:\/\/socjolab.pl\/#organization\"},\"image\":{\"@id\":\"https:\/\/socjolab.pl\/?p=1981#primaryimage\"},\"thumbnailUrl\":\"https:\/\/socjolab.pl\/wp-content\/uploads\/2025\/08\/Laboratorium-spoleczne-12.jpg\",\"keywords\":[\"kryzys\",\"szkolenie\",\"wizerunek\"],\"articleSection\":[\"wiedza\"],\"inLanguage\":\"pl-PL\",\"potentialAction\":[{\"@type\":\"CommentAction\",\"name\":\"Comment\",\"target\":[\"https:\/\/socjolab.pl\/?p=1981#respond\"]}]},{\"@type\":\"WebPage\",\"@id\":\"https:\/\/socjolab.pl\/?p=1981\",\"url\":\"https:\/\/socjolab.pl\/?p=1981\",\"name\":\"Zarz\u0105dzanie kryzysem w cyfrowej erze - SOCJOLAB\",\"isPartOf\":{\"@id\":\"https:\/\/socjolab.pl\/#website\"},\"primaryImageOfPage\":{\"@id\":\"https:\/\/socjolab.pl\/?p=1981#primaryimage\"},\"image\":{\"@id\":\"https:\/\/socjolab.pl\/?p=1981#primaryimage\"},\"thumbnailUrl\":\"https:\/\/socjolab.pl\/wp-content\/uploads\/2025\/08\/Laboratorium-spoleczne-12.jpg\",\"datePublished\":\"2025-08-08T09:56:41+00:00\",\"description\":\"Zarz\u0105dzanie kryzysem i komunikacja - jak podej\u015b\u0107 w bezpiecznym, szkoleniowym, \u015brodowisku do tego tematu i przygotowa\u0107 si\u0119 na kryzys?\",\"breadcrumb\":{\"@id\":\"https:\/\/socjolab.pl\/?p=1981#breadcrumb\"},\"inLanguage\":\"pl-PL\",\"potentialAction\":[{\"@type\":\"ReadAction\",\"target\":[\"https:\/\/socjolab.pl\/?p=1981\"]}]},{\"@type\":\"ImageObject\",\"inLanguage\":\"pl-PL\",\"@id\":\"https:\/\/socjolab.pl\/?p=1981#primaryimage\",\"url\":\"https:\/\/socjolab.pl\/wp-content\/uploads\/2025\/08\/Laboratorium-spoleczne-12.jpg\",\"contentUrl\":\"https:\/\/socjolab.pl\/wp-content\/uploads\/2025\/08\/Laboratorium-spoleczne-12.jpg\",\"width\":1920,\"height\":1080,\"caption\":\"zarz\u0105dzanie kryzysem w administracji\"},{\"@type\":\"BreadcrumbList\",\"@id\":\"https:\/\/socjolab.pl\/?p=1981#breadcrumb\",\"itemListElement\":[{\"@type\":\"ListItem\",\"position\":1,\"name\":\"Strona g\u0142\u00f3wna\",\"item\":\"https:\/\/socjolab.pl\/\"},{\"@type\":\"ListItem\",\"position\":2,\"name\":\"Zarz\u0105dzanie kryzysem w cyfrowej erze\"}]},{\"@type\":\"WebSite\",\"@id\":\"https:\/\/socjolab.pl\/#website\",\"url\":\"https:\/\/socjolab.pl\/\",\"name\":\"SOCJOLAB\",\"description\":\"szkolenia, doradztwo\",\"publisher\":{\"@id\":\"https:\/\/socjolab.pl\/#organization\"},\"potentialAction\":[{\"@type\":\"SearchAction\",\"target\":{\"@type\":\"EntryPoint\",\"urlTemplate\":\"https:\/\/socjolab.pl\/?s={search_term_string}\"},\"query-input\":{\"@type\":\"PropertyValueSpecification\",\"valueRequired\":true,\"valueName\":\"search_term_string\"}}],\"inLanguage\":\"pl-PL\"},{\"@type\":\"Organization\",\"@id\":\"https:\/\/socjolab.pl\/#organization\",\"name\":\"CENTRUM SZKOLENIOWE\",\"url\":\"https:\/\/socjolab.pl\/\",\"logo\":{\"@type\":\"ImageObject\",\"inLanguage\":\"pl-PL\",\"@id\":\"https:\/\/socjolab.pl\/#\/schema\/logo\/image\/\",\"url\":\"https:\/\/socjolab.pl\/wp-content\/uploads\/2024\/03\/Bezowy-Pomaranczowy-Niebieski-i-Zielony-Nieregularne-Bazgroly-Zestaw-do-Swietowania-dla-Firmy-Post-na-Facebooka.jpg\",\"contentUrl\":\"https:\/\/socjolab.pl\/wp-content\/uploads\/2024\/03\/Bezowy-Pomaranczowy-Niebieski-i-Zielony-Nieregularne-Bazgroly-Zestaw-do-Swietowania-dla-Firmy-Post-na-Facebooka.jpg\",\"width\":940,\"height\":788,\"caption\":\"CENTRUM SZKOLENIOWE\"},\"image\":{\"@id\":\"https:\/\/socjolab.pl\/#\/schema\/logo\/image\/\"}},{\"@type\":\"Person\",\"@id\":\"https:\/\/socjolab.pl\/#\/schema\/person\/fe6eb68d8df4a70ddc05510de89286c4\",\"name\":\"admin\",\"image\":{\"@type\":\"ImageObject\",\"inLanguage\":\"pl-PL\",\"@id\":\"https:\/\/socjolab.pl\/#\/schema\/person\/image\/\",\"url\":\"https:\/\/secure.gravatar.com\/avatar\/1a6fbe7312a100f8cf31e6944992876bdc9944a2b29107ef260fd2aa72a26376?s=96&d=mm&r=g\",\"contentUrl\":\"https:\/\/secure.gravatar.com\/avatar\/1a6fbe7312a100f8cf31e6944992876bdc9944a2b29107ef260fd2aa72a26376?s=96&d=mm&r=g\",\"caption\":\"admin\"},\"sameAs\":[\"http:\/\/socjolab.pl\"],\"url\":\"https:\/\/socjolab.pl\/?author=1\"}]}<\/script>\n<!-- \/ Yoast SEO plugin. -->","yoast_head_json":{"title":"Zarz\u0105dzanie kryzysem w cyfrowej erze - SOCJOLAB","description":"Zarz\u0105dzanie kryzysem i komunikacja - jak podej\u015b\u0107 w bezpiecznym, szkoleniowym, \u015brodowisku do tego tematu i przygotowa\u0107 si\u0119 na kryzys?","robots":{"index":"index","follow":"follow","max-snippet":"max-snippet:-1","max-image-preview":"max-image-preview:large","max-video-preview":"max-video-preview:-1"},"canonical":"https:\/\/socjolab.pl\/?p=1981","og_locale":"pl_PL","og_type":"article","og_title":"Zarz\u0105dzanie kryzysem w cyfrowej erze - SOCJOLAB","og_description":"Zarz\u0105dzanie kryzysem i komunikacja - jak podej\u015b\u0107 w bezpiecznym, szkoleniowym, \u015brodowisku do tego tematu i przygotowa\u0107 si\u0119 na kryzys?","og_url":"https:\/\/socjolab.pl\/?p=1981","og_site_name":"SOCJOLAB","article_published_time":"2025-08-08T09:56:41+00:00","og_image":[{"width":1920,"height":1080,"url":"https:\/\/socjolab.pl\/wp-content\/uploads\/2025\/08\/Laboratorium-spoleczne-12.jpg","type":"image\/jpeg"}],"author":"admin","twitter_card":"summary_large_image","twitter_misc":{"Napisane przez":"admin","Szacowany czas czytania":"3 minuty"},"schema":{"@context":"https:\/\/schema.org","@graph":[{"@type":"Article","@id":"https:\/\/socjolab.pl\/?p=1981#article","isPartOf":{"@id":"https:\/\/socjolab.pl\/?p=1981"},"author":{"name":"admin","@id":"https:\/\/socjolab.pl\/#\/schema\/person\/fe6eb68d8df4a70ddc05510de89286c4"},"headline":"Zarz\u0105dzanie kryzysem w cyfrowej erze","datePublished":"2025-08-08T09:56:41+00:00","mainEntityOfPage":{"@id":"https:\/\/socjolab.pl\/?p=1981"},"wordCount":546,"commentCount":0,"publisher":{"@id":"https:\/\/socjolab.pl\/#organization"},"image":{"@id":"https:\/\/socjolab.pl\/?p=1981#primaryimage"},"thumbnailUrl":"https:\/\/socjolab.pl\/wp-content\/uploads\/2025\/08\/Laboratorium-spoleczne-12.jpg","keywords":["kryzys","szkolenie","wizerunek"],"articleSection":["wiedza"],"inLanguage":"pl-PL","potentialAction":[{"@type":"CommentAction","name":"Comment","target":["https:\/\/socjolab.pl\/?p=1981#respond"]}]},{"@type":"WebPage","@id":"https:\/\/socjolab.pl\/?p=1981","url":"https:\/\/socjolab.pl\/?p=1981","name":"Zarz\u0105dzanie kryzysem w cyfrowej erze - SOCJOLAB","isPartOf":{"@id":"https:\/\/socjolab.pl\/#website"},"primaryImageOfPage":{"@id":"https:\/\/socjolab.pl\/?p=1981#primaryimage"},"image":{"@id":"https:\/\/socjolab.pl\/?p=1981#primaryimage"},"thumbnailUrl":"https:\/\/socjolab.pl\/wp-content\/uploads\/2025\/08\/Laboratorium-spoleczne-12.jpg","datePublished":"2025-08-08T09:56:41+00:00","description":"Zarz\u0105dzanie kryzysem i komunikacja - jak podej\u015b\u0107 w bezpiecznym, szkoleniowym, \u015brodowisku do tego tematu i przygotowa\u0107 si\u0119 na kryzys?","breadcrumb":{"@id":"https:\/\/socjolab.pl\/?p=1981#breadcrumb"},"inLanguage":"pl-PL","potentialAction":[{"@type":"ReadAction","target":["https:\/\/socjolab.pl\/?p=1981"]}]},{"@type":"ImageObject","inLanguage":"pl-PL","@id":"https:\/\/socjolab.pl\/?p=1981#primaryimage","url":"https:\/\/socjolab.pl\/wp-content\/uploads\/2025\/08\/Laboratorium-spoleczne-12.jpg","contentUrl":"https:\/\/socjolab.pl\/wp-content\/uploads\/2025\/08\/Laboratorium-spoleczne-12.jpg","width":1920,"height":1080,"caption":"zarz\u0105dzanie kryzysem w administracji"},{"@type":"BreadcrumbList","@id":"https:\/\/socjolab.pl\/?p=1981#breadcrumb","itemListElement":[{"@type":"ListItem","position":1,"name":"Strona g\u0142\u00f3wna","item":"https:\/\/socjolab.pl\/"},{"@type":"ListItem","position":2,"name":"Zarz\u0105dzanie kryzysem w cyfrowej erze"}]},{"@type":"WebSite","@id":"https:\/\/socjolab.pl\/#website","url":"https:\/\/socjolab.pl\/","name":"SOCJOLAB","description":"szkolenia, doradztwo","publisher":{"@id":"https:\/\/socjolab.pl\/#organization"},"potentialAction":[{"@type":"SearchAction","target":{"@type":"EntryPoint","urlTemplate":"https:\/\/socjolab.pl\/?s={search_term_string}"},"query-input":{"@type":"PropertyValueSpecification","valueRequired":true,"valueName":"search_term_string"}}],"inLanguage":"pl-PL"},{"@type":"Organization","@id":"https:\/\/socjolab.pl\/#organization","name":"CENTRUM SZKOLENIOWE","url":"https:\/\/socjolab.pl\/","logo":{"@type":"ImageObject","inLanguage":"pl-PL","@id":"https:\/\/socjolab.pl\/#\/schema\/logo\/image\/","url":"https:\/\/socjolab.pl\/wp-content\/uploads\/2024\/03\/Bezowy-Pomaranczowy-Niebieski-i-Zielony-Nieregularne-Bazgroly-Zestaw-do-Swietowania-dla-Firmy-Post-na-Facebooka.jpg","contentUrl":"https:\/\/socjolab.pl\/wp-content\/uploads\/2024\/03\/Bezowy-Pomaranczowy-Niebieski-i-Zielony-Nieregularne-Bazgroly-Zestaw-do-Swietowania-dla-Firmy-Post-na-Facebooka.jpg","width":940,"height":788,"caption":"CENTRUM SZKOLENIOWE"},"image":{"@id":"https:\/\/socjolab.pl\/#\/schema\/logo\/image\/"}},{"@type":"Person","@id":"https:\/\/socjolab.pl\/#\/schema\/person\/fe6eb68d8df4a70ddc05510de89286c4","name":"admin","image":{"@type":"ImageObject","inLanguage":"pl-PL","@id":"https:\/\/socjolab.pl\/#\/schema\/person\/image\/","url":"https:\/\/secure.gravatar.com\/avatar\/1a6fbe7312a100f8cf31e6944992876bdc9944a2b29107ef260fd2aa72a26376?s=96&d=mm&r=g","contentUrl":"https:\/\/secure.gravatar.com\/avatar\/1a6fbe7312a100f8cf31e6944992876bdc9944a2b29107ef260fd2aa72a26376?s=96&d=mm&r=g","caption":"admin"},"sameAs":["http:\/\/socjolab.pl"],"url":"https:\/\/socjolab.pl\/?author=1"}]}},"_links":{"self":[{"href":"https:\/\/socjolab.pl\/index.php?rest_route=\/wp\/v2\/posts\/1981","targetHints":{"allow":["GET"]}}],"collection":[{"href":"https:\/\/socjolab.pl\/index.php?rest_route=\/wp\/v2\/posts"}],"about":[{"href":"https:\/\/socjolab.pl\/index.php?rest_route=\/wp\/v2\/types\/post"}],"author":[{"embeddable":true,"href":"https:\/\/socjolab.pl\/index.php?rest_route=\/wp\/v2\/users\/1"}],"replies":[{"embeddable":true,"href":"https:\/\/socjolab.pl\/index.php?rest_route=%2Fwp%2Fv2%2Fcomments&post=1981"}],"version-history":[{"count":1,"href":"https:\/\/socjolab.pl\/index.php?rest_route=\/wp\/v2\/posts\/1981\/revisions"}],"predecessor-version":[{"id":1983,"href":"https:\/\/socjolab.pl\/index.php?rest_route=\/wp\/v2\/posts\/1981\/revisions\/1983"}],"wp:featuredmedia":[{"embeddable":true,"href":"https:\/\/socjolab.pl\/index.php?rest_route=\/wp\/v2\/media\/1982"}],"wp:attachment":[{"href":"https:\/\/socjolab.pl\/index.php?rest_route=%2Fwp%2Fv2%2Fmedia&parent=1981"}],"wp:term":[{"taxonomy":"category","embeddable":true,"href":"https:\/\/socjolab.pl\/index.php?rest_route=%2Fwp%2Fv2%2Fcategories&post=1981"},{"taxonomy":"post_tag","embeddable":true,"href":"https:\/\/socjolab.pl\/index.php?rest_route=%2Fwp%2Fv2%2Ftags&post=1981"}],"curies":[{"name":"wp","href":"https:\/\/api.w.org\/{rel}","templated":true}]}}