{"id":1977,"date":"2025-07-24T11:27:54","date_gmt":"2025-07-24T09:27:54","guid":{"rendered":"https:\/\/socjolab.pl\/?p=1977"},"modified":"2025-08-07T11:46:55","modified_gmt":"2025-08-07T09:46:55","slug":"ocena-pracownicza","status":"publish","type":"post","link":"https:\/\/socjolab.pl\/?p=1977","title":{"rendered":"Od teorii do praktyki"},"content":{"rendered":"\n<p>Oceny pracownicze w projektach administracji publicznej.<\/p>\n\n\n\n<p>Zarz\u0105dzanie projektem w administracji publicznej wymaga nie tylko strategicznego my\u015blenia i doskona\u0142ej znajomo\u015bci przepis\u00f3w, ale przede wszystkim umiej\u0119tno\u015bci kierowania zespo\u0142em. Sukces projektu zale\u017cy w du\u017cej mierze od zaanga\u017cowania, kompetencji i motywacji pracownik\u00f3w. W tym kontek\u015bcie, <strong>praktyczna ocena pracownicza<\/strong> przestaje by\u0107 jedynie formalno\u015bci\u0105. Staje si\u0119 strategicznym narz\u0119dziem, kt\u00f3re wspiera cele projektu i jest integralnym elementem <strong>kontroli zarz\u0105dczej<\/strong>. Jak efektywnie wykorzysta\u0107 ten proces, by budowa\u0107 silne i wydajne zespo\u0142y?<\/p>\n\n\n\n<hr class=\"wp-block-separator has-alpha-channel-opacity\"\/>\n\n\n\n<h3 class=\"wp-block-heading\">Zarz\u0105dzanie projektem i kontrola zarz\u0105dcza: Kontekst dla oceny<\/h3>\n\n\n\n<p>Ka\u017cdy projekt w sektorze publicznym realizowany jest w oparciu o rygorystyczne zasady <strong>kontroli zarz\u0105dczej<\/strong>, kt\u00f3rych celem jest zapewnienie legalno\u015bci, efektywno\u015bci i oszcz\u0119dno\u015bci dzia\u0142a\u0144. W tym schemacie ocena pracownicza odgrywa kluczow\u0105 rol\u0119. Pozwala na mierzenie wk\u0142adu ka\u017cdego cz\u0142onka zespo\u0142u w realizacj\u0119 cel\u00f3w projektowych. Jest to nie tylko ocena kompetencji, ale tak\u017ce weryfikacja, czy zasoby ludzkie s\u0105 wykorzystywane w spos\u00f3b optymalny i zgodny z za\u0142o\u017ceniami. Prawid\u0142owo przeprowadzona ocena dostarcza cennych informacji zwrotnych, kt\u00f3re mo\u017cna wykorzysta\u0107 do doskonalenia proces\u00f3w i zwi\u0119kszania skuteczno\u015bci przysz\u0142ych przedsi\u0119wzi\u0119\u0107.<\/p>\n\n\n\n<hr class=\"wp-block-separator has-alpha-channel-opacity\"\/>\n\n\n\n<h3 class=\"wp-block-heading\">Praktyczna ocena pracownicza jako narz\u0119dzie motywacji<\/h3>\n\n\n\n<p>W administracji publicznej, gdzie typowe bod\u017ace motywacyjne sektora prywatnego s\u0105 cz\u0119sto ograniczone, konstruktywna ocena staje si\u0119 kluczowym elementem zaanga\u017cowania. Regularna informacja zwrotna na temat post\u0119p\u00f3w w projekcie, docenianie osi\u0105gni\u0119\u0107 i identyfikacja obszar\u00f3w do rozwoju buduj\u0105 poczucie warto\u015bci i przynale\u017cno\u015bci do zespo\u0142u. Ocenianie w oparciu o konkretne, mierzalne cele projektowe pozwala pracownikom widzie\u0107 sens swojej pracy i bezpo\u015bredni wp\u0142yw na sukces przedsi\u0119wzi\u0119cia. Taki proces motywuje do ci\u0105g\u0142ego doskonalenia i proaktywnego dzia\u0142ania, co jest nieocenione w dynamicznym \u015brodowisku projektowym.<\/p>\n\n\n\n<hr class=\"wp-block-separator has-alpha-channel-opacity\"\/>\n\n\n\n<h3 class=\"wp-block-heading\">Rozw\u00f3j kompetencji i transparentno\u015b\u0107<\/h3>\n\n\n\n<p><strong>Praktyczna ocena pracownicza<\/strong> pozwala na dok\u0142adne zidentyfikowanie mocnych stron i obszar\u00f3w, kt\u00f3re wymagaj\u0105 wzmocnienia. Liderzy projekt\u00f3w, dzi\u0119ki temu procesowi, mog\u0105 lepiej zrozumie\u0107 potencja\u0142 swojego zespo\u0142u i dostosowywa\u0107 zadania do indywidualnych kompetencji. Co wi\u0119cej, staje si\u0119 ona podstaw\u0105 do tworzenia spersonalizowanych \u015bcie\u017cek rozwoju i planowania szkole\u0144, co jest szczeg\u00f3lnie wa\u017cne w kontek\u015bcie budowania nowoczesnej, kompetentnej administracji. Transparentno\u015b\u0107 procesu oceniania, opartego na obiektywnych kryteriach i danych, wzmacnia zaufanie pracownik\u00f3w do prze\u0142o\u017conych i ca\u0142ej instytucji, co jest fundamentem efektywnej wsp\u00f3\u0142pracy.<\/p>\n\n\n\n<hr class=\"wp-block-separator has-alpha-channel-opacity\"\/>\n\n\n\n<h3 class=\"wp-block-heading\">Nasze szkolenie: Ucz si\u0119, jak budowa\u0107 skuteczne zespo\u0142y<\/h3>\n\n\n\n<p>Chcesz dowiedzie\u0107 si\u0119, jak przeprowadza\u0107 <strong>praktyczne oceny pracownicze<\/strong> w spos\u00f3b, kt\u00f3ry motywuje i wspiera cele Twoich projekt\u00f3w? Zapraszamy na nasze <strong><a href=\"https:\/\/socjolab.pl\/?page_id=1136\">szkolenie dedykowane<\/a><\/strong>, stworzone z my\u015bl\u0105 o kadrze kierowniczej w administracji publicznej. Nauczysz si\u0119, jak \u0142\u0105czy\u0107 zasady <strong>zarz\u0105dzania projektem<\/strong> z wymogami <strong>kontroli zarz\u0105dczej<\/strong> oraz jak wykorzysta\u0107 proces oceny do budowania zespo\u0142u, kt\u00f3ry jest nie tylko wydajny, ale tak\u017ce zaanga\u017cowany i gotowy na nowe wyzwania. Zdob\u0105d\u017a praktyczne narz\u0119dzia, kt\u00f3re pomog\u0105 Ci w transformacji Twojej organizacji.<\/p>\n","protected":false},"excerpt":{"rendered":"<p>Oceny pracownicze w projektach administracji publicznej. Zarz\u0105dzanie projektem w administracji publicznej wymaga nie tylko strategicznego my\u015blenia i doskona\u0142ej znajomo\u015bci przepis\u00f3w, ale przede wszystkim umiej\u0119tno\u015bci kierowania&hellip;&nbsp;<a href=\"https:\/\/socjolab.pl\/?p=1977\" class=\"\" rel=\"bookmark\">Dowiedz si\u0119 wi\u0119cej &raquo;<span class=\"screen-reader-text\">Od teorii do praktyki<\/span><\/a><\/p>\n","protected":false},"author":1,"featured_media":1978,"comment_status":"open","ping_status":"open","sticky":false,"template":"","format":"standard","meta":{"neve_meta_sidebar":"","neve_meta_container":"","neve_meta_enable_content_width":"","neve_meta_content_width":0,"neve_meta_title_alignment":"","neve_meta_author_avatar":"","neve_post_elements_order":"","neve_meta_disable_header":"","neve_meta_disable_footer":"","neve_meta_disable_title":"","footnotes":""},"categories":[12],"tags":[7,74,73],"class_list":["post-1977","post","type-post","status-publish","format-standard","has-post-thumbnail","hentry","category-wiedza","tag-kontrola-zarzadcza","tag-ocena-pracownicza","tag-zarzadzanie-projektami"],"yoast_head":"<!-- This site is optimized with the Yoast SEO plugin v26.8 - https:\/\/yoast.com\/product\/yoast-seo-wordpress\/ -->\n<title>Od teorii do praktyki - SOCJOLAB<\/title>\n<meta name=\"description\" content=\"Ocena pracownicza w administracji publicznej? Najlepiej podczas realizacji projekt\u00f3w - to spos\u00f3b na efektywn\u0105 ocen\u0119 pracownicz\u0105!\" \/>\n<meta name=\"robots\" content=\"index, follow, max-snippet:-1, max-image-preview:large, max-video-preview:-1\" \/>\n<link rel=\"canonical\" href=\"https:\/\/socjolab.pl\/?p=1977\" \/>\n<meta property=\"og:locale\" content=\"pl_PL\" \/>\n<meta property=\"og:type\" content=\"article\" \/>\n<meta property=\"og:title\" content=\"Od teorii do praktyki - SOCJOLAB\" \/>\n<meta property=\"og:description\" content=\"Ocena pracownicza w administracji publicznej? Najlepiej podczas realizacji projekt\u00f3w - to spos\u00f3b na efektywn\u0105 ocen\u0119 pracownicz\u0105!\" \/>\n<meta property=\"og:url\" content=\"https:\/\/socjolab.pl\/?p=1977\" \/>\n<meta property=\"og:site_name\" content=\"SOCJOLAB\" \/>\n<meta property=\"article:published_time\" content=\"2025-07-24T09:27:54+00:00\" \/>\n<meta property=\"article:modified_time\" content=\"2025-08-07T09:46:55+00:00\" \/>\n<meta property=\"og:image\" content=\"https:\/\/socjolab.pl\/wp-content\/uploads\/2025\/08\/Laboratorium-spoleczne-11.jpg\" \/>\n\t<meta property=\"og:image:width\" content=\"1920\" \/>\n\t<meta property=\"og:image:height\" content=\"1080\" \/>\n\t<meta property=\"og:image:type\" content=\"image\/jpeg\" \/>\n<meta name=\"author\" content=\"admin\" \/>\n<meta name=\"twitter:card\" content=\"summary_large_image\" \/>\n<meta name=\"twitter:label1\" content=\"Napisane przez\" \/>\n\t<meta name=\"twitter:data1\" content=\"admin\" \/>\n\t<meta name=\"twitter:label2\" content=\"Szacowany czas czytania\" \/>\n\t<meta name=\"twitter:data2\" content=\"3 minuty\" \/>\n<script type=\"application\/ld+json\" class=\"yoast-schema-graph\">{\"@context\":\"https:\/\/schema.org\",\"@graph\":[{\"@type\":\"Article\",\"@id\":\"https:\/\/socjolab.pl\/?p=1977#article\",\"isPartOf\":{\"@id\":\"https:\/\/socjolab.pl\/?p=1977\"},\"author\":{\"name\":\"admin\",\"@id\":\"https:\/\/socjolab.pl\/#\/schema\/person\/fe6eb68d8df4a70ddc05510de89286c4\"},\"headline\":\"Od teorii do praktyki\",\"datePublished\":\"2025-07-24T09:27:54+00:00\",\"dateModified\":\"2025-08-07T09:46:55+00:00\",\"mainEntityOfPage\":{\"@id\":\"https:\/\/socjolab.pl\/?p=1977\"},\"wordCount\":506,\"commentCount\":0,\"publisher\":{\"@id\":\"https:\/\/socjolab.pl\/#organization\"},\"image\":{\"@id\":\"https:\/\/socjolab.pl\/?p=1977#primaryimage\"},\"thumbnailUrl\":\"https:\/\/socjolab.pl\/wp-content\/uploads\/2025\/08\/Laboratorium-spoleczne-11.jpg\",\"keywords\":[\"kontrola zarz\u0105dcza\",\"ocena pracownicza\",\"zarz\u0105dzanie projektami\"],\"articleSection\":[\"wiedza\"],\"inLanguage\":\"pl-PL\",\"potentialAction\":[{\"@type\":\"CommentAction\",\"name\":\"Comment\",\"target\":[\"https:\/\/socjolab.pl\/?p=1977#respond\"]}]},{\"@type\":\"WebPage\",\"@id\":\"https:\/\/socjolab.pl\/?p=1977\",\"url\":\"https:\/\/socjolab.pl\/?p=1977\",\"name\":\"Od teorii do praktyki - SOCJOLAB\",\"isPartOf\":{\"@id\":\"https:\/\/socjolab.pl\/#website\"},\"primaryImageOfPage\":{\"@id\":\"https:\/\/socjolab.pl\/?p=1977#primaryimage\"},\"image\":{\"@id\":\"https:\/\/socjolab.pl\/?p=1977#primaryimage\"},\"thumbnailUrl\":\"https:\/\/socjolab.pl\/wp-content\/uploads\/2025\/08\/Laboratorium-spoleczne-11.jpg\",\"datePublished\":\"2025-07-24T09:27:54+00:00\",\"dateModified\":\"2025-08-07T09:46:55+00:00\",\"description\":\"Ocena pracownicza w administracji publicznej? Najlepiej podczas realizacji projekt\u00f3w - to spos\u00f3b na efektywn\u0105 ocen\u0119 pracownicz\u0105!\",\"breadcrumb\":{\"@id\":\"https:\/\/socjolab.pl\/?p=1977#breadcrumb\"},\"inLanguage\":\"pl-PL\",\"potentialAction\":[{\"@type\":\"ReadAction\",\"target\":[\"https:\/\/socjolab.pl\/?p=1977\"]}]},{\"@type\":\"ImageObject\",\"inLanguage\":\"pl-PL\",\"@id\":\"https:\/\/socjolab.pl\/?p=1977#primaryimage\",\"url\":\"https:\/\/socjolab.pl\/wp-content\/uploads\/2025\/08\/Laboratorium-spoleczne-11.jpg\",\"contentUrl\":\"https:\/\/socjolab.pl\/wp-content\/uploads\/2025\/08\/Laboratorium-spoleczne-11.jpg\",\"width\":1920,\"height\":1080,\"caption\":\"ocenia pracownicza w administracji publicznej\"},{\"@type\":\"BreadcrumbList\",\"@id\":\"https:\/\/socjolab.pl\/?p=1977#breadcrumb\",\"itemListElement\":[{\"@type\":\"ListItem\",\"position\":1,\"name\":\"Strona g\u0142\u00f3wna\",\"item\":\"https:\/\/socjolab.pl\/\"},{\"@type\":\"ListItem\",\"position\":2,\"name\":\"Od teorii do praktyki\"}]},{\"@type\":\"WebSite\",\"@id\":\"https:\/\/socjolab.pl\/#website\",\"url\":\"https:\/\/socjolab.pl\/\",\"name\":\"SOCJOLAB\",\"description\":\"szkolenia, doradztwo\",\"publisher\":{\"@id\":\"https:\/\/socjolab.pl\/#organization\"},\"potentialAction\":[{\"@type\":\"SearchAction\",\"target\":{\"@type\":\"EntryPoint\",\"urlTemplate\":\"https:\/\/socjolab.pl\/?s={search_term_string}\"},\"query-input\":{\"@type\":\"PropertyValueSpecification\",\"valueRequired\":true,\"valueName\":\"search_term_string\"}}],\"inLanguage\":\"pl-PL\"},{\"@type\":\"Organization\",\"@id\":\"https:\/\/socjolab.pl\/#organization\",\"name\":\"CENTRUM SZKOLENIOWE\",\"url\":\"https:\/\/socjolab.pl\/\",\"logo\":{\"@type\":\"ImageObject\",\"inLanguage\":\"pl-PL\",\"@id\":\"https:\/\/socjolab.pl\/#\/schema\/logo\/image\/\",\"url\":\"https:\/\/socjolab.pl\/wp-content\/uploads\/2024\/03\/Bezowy-Pomaranczowy-Niebieski-i-Zielony-Nieregularne-Bazgroly-Zestaw-do-Swietowania-dla-Firmy-Post-na-Facebooka.jpg\",\"contentUrl\":\"https:\/\/socjolab.pl\/wp-content\/uploads\/2024\/03\/Bezowy-Pomaranczowy-Niebieski-i-Zielony-Nieregularne-Bazgroly-Zestaw-do-Swietowania-dla-Firmy-Post-na-Facebooka.jpg\",\"width\":940,\"height\":788,\"caption\":\"CENTRUM SZKOLENIOWE\"},\"image\":{\"@id\":\"https:\/\/socjolab.pl\/#\/schema\/logo\/image\/\"}},{\"@type\":\"Person\",\"@id\":\"https:\/\/socjolab.pl\/#\/schema\/person\/fe6eb68d8df4a70ddc05510de89286c4\",\"name\":\"admin\",\"image\":{\"@type\":\"ImageObject\",\"inLanguage\":\"pl-PL\",\"@id\":\"https:\/\/socjolab.pl\/#\/schema\/person\/image\/\",\"url\":\"https:\/\/secure.gravatar.com\/avatar\/1a6fbe7312a100f8cf31e6944992876bdc9944a2b29107ef260fd2aa72a26376?s=96&d=mm&r=g\",\"contentUrl\":\"https:\/\/secure.gravatar.com\/avatar\/1a6fbe7312a100f8cf31e6944992876bdc9944a2b29107ef260fd2aa72a26376?s=96&d=mm&r=g\",\"caption\":\"admin\"},\"sameAs\":[\"http:\/\/socjolab.pl\"],\"url\":\"https:\/\/socjolab.pl\/?author=1\"}]}<\/script>\n<!-- \/ Yoast SEO plugin. -->","yoast_head_json":{"title":"Od teorii do praktyki - SOCJOLAB","description":"Ocena pracownicza w administracji publicznej? Najlepiej podczas realizacji projekt\u00f3w - to spos\u00f3b na efektywn\u0105 ocen\u0119 pracownicz\u0105!","robots":{"index":"index","follow":"follow","max-snippet":"max-snippet:-1","max-image-preview":"max-image-preview:large","max-video-preview":"max-video-preview:-1"},"canonical":"https:\/\/socjolab.pl\/?p=1977","og_locale":"pl_PL","og_type":"article","og_title":"Od teorii do praktyki - SOCJOLAB","og_description":"Ocena pracownicza w administracji publicznej? Najlepiej podczas realizacji projekt\u00f3w - to spos\u00f3b na efektywn\u0105 ocen\u0119 pracownicz\u0105!","og_url":"https:\/\/socjolab.pl\/?p=1977","og_site_name":"SOCJOLAB","article_published_time":"2025-07-24T09:27:54+00:00","article_modified_time":"2025-08-07T09:46:55+00:00","og_image":[{"width":1920,"height":1080,"url":"https:\/\/socjolab.pl\/wp-content\/uploads\/2025\/08\/Laboratorium-spoleczne-11.jpg","type":"image\/jpeg"}],"author":"admin","twitter_card":"summary_large_image","twitter_misc":{"Napisane przez":"admin","Szacowany czas czytania":"3 minuty"},"schema":{"@context":"https:\/\/schema.org","@graph":[{"@type":"Article","@id":"https:\/\/socjolab.pl\/?p=1977#article","isPartOf":{"@id":"https:\/\/socjolab.pl\/?p=1977"},"author":{"name":"admin","@id":"https:\/\/socjolab.pl\/#\/schema\/person\/fe6eb68d8df4a70ddc05510de89286c4"},"headline":"Od teorii do praktyki","datePublished":"2025-07-24T09:27:54+00:00","dateModified":"2025-08-07T09:46:55+00:00","mainEntityOfPage":{"@id":"https:\/\/socjolab.pl\/?p=1977"},"wordCount":506,"commentCount":0,"publisher":{"@id":"https:\/\/socjolab.pl\/#organization"},"image":{"@id":"https:\/\/socjolab.pl\/?p=1977#primaryimage"},"thumbnailUrl":"https:\/\/socjolab.pl\/wp-content\/uploads\/2025\/08\/Laboratorium-spoleczne-11.jpg","keywords":["kontrola zarz\u0105dcza","ocena pracownicza","zarz\u0105dzanie projektami"],"articleSection":["wiedza"],"inLanguage":"pl-PL","potentialAction":[{"@type":"CommentAction","name":"Comment","target":["https:\/\/socjolab.pl\/?p=1977#respond"]}]},{"@type":"WebPage","@id":"https:\/\/socjolab.pl\/?p=1977","url":"https:\/\/socjolab.pl\/?p=1977","name":"Od teorii do praktyki - SOCJOLAB","isPartOf":{"@id":"https:\/\/socjolab.pl\/#website"},"primaryImageOfPage":{"@id":"https:\/\/socjolab.pl\/?p=1977#primaryimage"},"image":{"@id":"https:\/\/socjolab.pl\/?p=1977#primaryimage"},"thumbnailUrl":"https:\/\/socjolab.pl\/wp-content\/uploads\/2025\/08\/Laboratorium-spoleczne-11.jpg","datePublished":"2025-07-24T09:27:54+00:00","dateModified":"2025-08-07T09:46:55+00:00","description":"Ocena pracownicza w administracji publicznej? Najlepiej podczas realizacji projekt\u00f3w - to spos\u00f3b na efektywn\u0105 ocen\u0119 pracownicz\u0105!","breadcrumb":{"@id":"https:\/\/socjolab.pl\/?p=1977#breadcrumb"},"inLanguage":"pl-PL","potentialAction":[{"@type":"ReadAction","target":["https:\/\/socjolab.pl\/?p=1977"]}]},{"@type":"ImageObject","inLanguage":"pl-PL","@id":"https:\/\/socjolab.pl\/?p=1977#primaryimage","url":"https:\/\/socjolab.pl\/wp-content\/uploads\/2025\/08\/Laboratorium-spoleczne-11.jpg","contentUrl":"https:\/\/socjolab.pl\/wp-content\/uploads\/2025\/08\/Laboratorium-spoleczne-11.jpg","width":1920,"height":1080,"caption":"ocenia pracownicza w administracji publicznej"},{"@type":"BreadcrumbList","@id":"https:\/\/socjolab.pl\/?p=1977#breadcrumb","itemListElement":[{"@type":"ListItem","position":1,"name":"Strona g\u0142\u00f3wna","item":"https:\/\/socjolab.pl\/"},{"@type":"ListItem","position":2,"name":"Od teorii do praktyki"}]},{"@type":"WebSite","@id":"https:\/\/socjolab.pl\/#website","url":"https:\/\/socjolab.pl\/","name":"SOCJOLAB","description":"szkolenia, doradztwo","publisher":{"@id":"https:\/\/socjolab.pl\/#organization"},"potentialAction":[{"@type":"SearchAction","target":{"@type":"EntryPoint","urlTemplate":"https:\/\/socjolab.pl\/?s={search_term_string}"},"query-input":{"@type":"PropertyValueSpecification","valueRequired":true,"valueName":"search_term_string"}}],"inLanguage":"pl-PL"},{"@type":"Organization","@id":"https:\/\/socjolab.pl\/#organization","name":"CENTRUM SZKOLENIOWE","url":"https:\/\/socjolab.pl\/","logo":{"@type":"ImageObject","inLanguage":"pl-PL","@id":"https:\/\/socjolab.pl\/#\/schema\/logo\/image\/","url":"https:\/\/socjolab.pl\/wp-content\/uploads\/2024\/03\/Bezowy-Pomaranczowy-Niebieski-i-Zielony-Nieregularne-Bazgroly-Zestaw-do-Swietowania-dla-Firmy-Post-na-Facebooka.jpg","contentUrl":"https:\/\/socjolab.pl\/wp-content\/uploads\/2024\/03\/Bezowy-Pomaranczowy-Niebieski-i-Zielony-Nieregularne-Bazgroly-Zestaw-do-Swietowania-dla-Firmy-Post-na-Facebooka.jpg","width":940,"height":788,"caption":"CENTRUM SZKOLENIOWE"},"image":{"@id":"https:\/\/socjolab.pl\/#\/schema\/logo\/image\/"}},{"@type":"Person","@id":"https:\/\/socjolab.pl\/#\/schema\/person\/fe6eb68d8df4a70ddc05510de89286c4","name":"admin","image":{"@type":"ImageObject","inLanguage":"pl-PL","@id":"https:\/\/socjolab.pl\/#\/schema\/person\/image\/","url":"https:\/\/secure.gravatar.com\/avatar\/1a6fbe7312a100f8cf31e6944992876bdc9944a2b29107ef260fd2aa72a26376?s=96&d=mm&r=g","contentUrl":"https:\/\/secure.gravatar.com\/avatar\/1a6fbe7312a100f8cf31e6944992876bdc9944a2b29107ef260fd2aa72a26376?s=96&d=mm&r=g","caption":"admin"},"sameAs":["http:\/\/socjolab.pl"],"url":"https:\/\/socjolab.pl\/?author=1"}]}},"_links":{"self":[{"href":"https:\/\/socjolab.pl\/index.php?rest_route=\/wp\/v2\/posts\/1977","targetHints":{"allow":["GET"]}}],"collection":[{"href":"https:\/\/socjolab.pl\/index.php?rest_route=\/wp\/v2\/posts"}],"about":[{"href":"https:\/\/socjolab.pl\/index.php?rest_route=\/wp\/v2\/types\/post"}],"author":[{"embeddable":true,"href":"https:\/\/socjolab.pl\/index.php?rest_route=\/wp\/v2\/users\/1"}],"replies":[{"embeddable":true,"href":"https:\/\/socjolab.pl\/index.php?rest_route=%2Fwp%2Fv2%2Fcomments&post=1977"}],"version-history":[{"count":2,"href":"https:\/\/socjolab.pl\/index.php?rest_route=\/wp\/v2\/posts\/1977\/revisions"}],"predecessor-version":[{"id":1980,"href":"https:\/\/socjolab.pl\/index.php?rest_route=\/wp\/v2\/posts\/1977\/revisions\/1980"}],"wp:featuredmedia":[{"embeddable":true,"href":"https:\/\/socjolab.pl\/index.php?rest_route=\/wp\/v2\/media\/1978"}],"wp:attachment":[{"href":"https:\/\/socjolab.pl\/index.php?rest_route=%2Fwp%2Fv2%2Fmedia&parent=1977"}],"wp:term":[{"taxonomy":"category","embeddable":true,"href":"https:\/\/socjolab.pl\/index.php?rest_route=%2Fwp%2Fv2%2Fcategories&post=1977"},{"taxonomy":"post_tag","embeddable":true,"href":"https:\/\/socjolab.pl\/index.php?rest_route=%2Fwp%2Fv2%2Ftags&post=1977"}],"curies":[{"name":"wp","href":"https:\/\/api.w.org\/{rel}","templated":true}]}}