{"id":1973,"date":"2025-07-11T10:59:58","date_gmt":"2025-07-11T08:59:58","guid":{"rendered":"https:\/\/socjolab.pl\/?p=1973"},"modified":"2025-08-07T11:25:18","modified_gmt":"2025-08-07T09:25:18","slug":"zarzadzanie-projektami","status":"publish","type":"post","link":"https:\/\/socjolab.pl\/?p=1973","title":{"rendered":"Skuteczne zarz\u0105dzanie projektami w administracji publicznej"},"content":{"rendered":"\n<p>Wsp\u00f3\u0142czesna administracja publiczna stoi przed wyzwaniem efektywnego i transparentnego wykorzystywania \u015brodk\u00f3w publicznych. Rosn\u0105ce oczekiwania spo\u0142ecze\u0144stwa, z\u0142o\u017cono\u015b\u0107 realizowanych zada\u0144 oraz konieczno\u015b\u0107 szybkiego reagowania na zmieniaj\u0105ce si\u0119 warunki sprawiaj\u0105, \u017ce tradycyjne metody pracy przestaj\u0105 by\u0107 wystarczaj\u0105ce. Kluczowym narz\u0119dziem, kt\u00f3re pozwala sprosta\u0107 tym wyzwaniom, jest profesjonalne <strong>zarz\u0105dzanie projektem<\/strong>, nierozerwalnie zwi\u0105zane z koncepcj\u0105 <strong>kontroli zarz\u0105dczej<\/strong>. Ten artyku\u0142 ma na celu ukazanie, dlaczego synergia tych dw\u00f3ch obszar\u00f3w stanowi fundament skutecznego dzia\u0142ania w sektorze publicznym, z uwzgl\u0119dnieniem obowi\u0105zuj\u0105cych przepis\u00f3w prawnych.<\/p>\n\n\n\n<hr class=\"wp-block-separator has-alpha-channel-opacity\"\/>\n\n\n\n<h3 class=\"wp-block-heading\">Prawne ramy dzia\u0142ania: Kontrola zarz\u0105dcza jako imperatyw<\/h3>\n\n\n\n<p>Podstaw\u0105 prawn\u0105, kt\u00f3ra definiuje i nak\u0142ada obowi\u0105zek funkcjonowania <strong>kontroli zarz\u0105dczej<\/strong> w jednostkach sektora finans\u00f3w publicznych, jest <strong>Ustawa z dnia 27 sierpnia 2009 r. o finansach publicznych<\/strong> (Dz.U. z 2024 r. poz. 1530). Zgodnie z jej art. 68, kontrola zarz\u0105dcza to &#8222;og\u00f3\u0142 dzia\u0142a\u0144 podejmowanych dla zapewnienia realizacji cel\u00f3w i zada\u0144 w spos\u00f3b zgodny z prawem, efektywny, oszcz\u0119dny i terminowy&#8221;. Artyku\u0142 ten precyzuje r\u00f3wnie\u017c jej cele, w\u015br\u00f3d kt\u00f3rych znajduj\u0105 si\u0119 m.in.: zgodno\u015b\u0107 dzia\u0142alno\u015bci z prawem, skuteczno\u015b\u0107 i efektywno\u015b\u0107 dzia\u0142ania, wiarygodno\u015b\u0107 sprawozda\u0144 oraz, co kluczowe z punktu widzenia projekt\u00f3w, zarz\u0105dzanie ryzykiem.<\/p>\n\n\n\n<p>Dope\u0142nieniem przepis\u00f3w ustawy jest <strong>Komunikat Nr 23 Ministra Finans\u00f3w z dnia 16 grudnia 2009 r.<\/strong>, kt\u00f3ry okre\u015bla standardy kontroli zarz\u0105dczej. Dokument ten stanowi zbi\u00f3r wskaz\u00f3wek, kt\u00f3re powinny by\u0107 wykorzystywane do tworzenia, oceny i doskonalenia system\u00f3w kontroli w jednostce. Zatem <strong>zarz\u0105dzanie projektem<\/strong> nie jest jedynie dobr\u0105 praktyk\u0105, ale sta\u0142ym elementem systemu kontroli, za kt\u00f3rego funkcjonowanie odpowiedzialny jest kierownik jednostki, zgodnie z art. 69 Ustawy o finansach publicznych.<\/p>\n\n\n\n<hr class=\"wp-block-separator has-alpha-channel-opacity\"\/>\n\n\n\n<h3 class=\"wp-block-heading\">Zarz\u0105dzanie projektem a mechanizmy kontroli<\/h3>\n\n\n\n<p>Praktyczne <strong>zarz\u0105dzanie projektem<\/strong> w administracji publicznej to proces, kt\u00f3ry na ka\u017cdym etapie musi by\u0107 zgodny z zasadami <strong>kontroli zarz\u0105dczej<\/strong>.<\/p>\n\n\n\n<ol start=\"1\" class=\"wp-block-list\">\n<li><strong>Faza planowania:<\/strong> Zgodnie z Komunikatem MF, nale\u017cy jasno okre\u015bla\u0107 cele i zadania, a ich realizacj\u0119 monitorowa\u0107 za pomoc\u0105 wyznaczonych miernik\u00f3w. W kontek\u015bcie projektu oznacza to, \u017ce ju\u017c na etapie inicjacji i planowania nale\u017cy precyzyjnie zdefiniowa\u0107 cele strategiczne i operacyjne, kt\u00f3re s\u0105 zgodne z celami jednostki. Obowi\u0105zkowe jest tak\u017ce sporz\u0105dzenie planu dzia\u0142alno\u015bci, w kt\u00f3rym ka\u017cdy <strong>projekt<\/strong> jest uj\u0119ty jako zadanie z okre\u015blonymi miernikami, bud\u017cetem i harmonogramem.<\/li>\n\n\n\n<li><strong>Faza realizacji:<\/strong> Kluczowe jest zarz\u0105dzanie ryzykiem. Zgodnie ze standardami, nie rzadziej ni\u017c raz w roku nale\u017cy dokonywa\u0107 identyfikacji ryzyka w odniesieniu do cel\u00f3w i zada\u0144. W projekcie oznacza to bie\u017c\u0105ce monitorowanie potencjalnych zagro\u017ce\u0144, takich jak op\u00f3\u017anienia, przekroczenie bud\u017cetu czy konflikty interes\u00f3w, oraz wdra\u017canie dzia\u0142a\u0144 zaradczych. Jest to element ci\u0105g\u0142y, kt\u00f3ry ma na celu zapewnienie skuteczno\u015bci i efektywno\u015bci dzia\u0142ania.<\/li>\n\n\n\n<li><strong>Faza monitorowania i oceny:<\/strong> <strong>Kontrola zarz\u0105dcza<\/strong> wymaga bie\u017c\u0105cego monitorowania i oceny realizacji cel\u00f3w, co w przypadku projektu przyjmuje form\u0119 regularnych raport\u00f3w post\u0119pu i audyt\u00f3w. Pozwala to na weryfikacj\u0119, czy wydatkowane \u015brodki publiczne s\u0105 oszcz\u0119dne i czy dzia\u0142ania s\u0105 skuteczne.<\/li>\n\n\n\n<li><strong>Faza zako\u0144czenia:<\/strong> Proces ten wymaga oceny realizacji cel\u00f3w projektu z uwzgl\u0119dnieniem kryteri\u00f3w oszcz\u0119dno\u015bci, efektywno\u015bci i skuteczno\u015bci. Formalne zamkni\u0119cie projektu jest jednocze\u015bnie etapem kontroli, kt\u00f3ra pozwala na weryfikacj\u0119 zgodno\u015bci z pierwotnym planem i wyci\u0105gni\u0119cie wniosk\u00f3w na przysz\u0142o\u015b\u0107.<\/li>\n<\/ol>\n\n\n\n<hr class=\"wp-block-separator has-alpha-channel-opacity\"\/>\n\n\n\n<h3 class=\"wp-block-heading\">Korzy\u015bci i perspektywy<\/h3>\n\n\n\n<p>Profesjonalne <strong>zarz\u0105dzanie projektem<\/strong>, zintegrowane z wymogami <strong>kontroli zarz\u0105dczej<\/strong>, przynosi administracji publicznej wymierne korzy\u015bci. Zwi\u0119ksza transparentno\u015b\u0107 i odpowiedzialno\u015b\u0107 za wydatki, co przek\u0142ada si\u0119 na wi\u0119ksze zaufanie spo\u0142eczne. Systematyczne podej\u015bcie do ka\u017cdego zadania minimalizuje ryzyko niepowodzenia i marnotrawstwa, zapewniaj\u0105c optymalne wykorzystanie zasob\u00f3w.<\/p>\n\n\n\n<p>Wprowadzenie standard\u00f3w zarz\u0105dzania projektami jest dzi\u015b konieczno\u015bci\u0105, a nie wyborem. To strategiczna inwestycja w rozw\u00f3j kompetencji pracownik\u00f3w, kt\u00f3ra pozwala na sprawne realizowanie nawet najbardziej z\u0142o\u017conych przedsi\u0119wzi\u0119\u0107. Administracja publiczna, kt\u00f3ra \u015bwiadomie \u0142\u0105czy metodyki projektowe z rygorami kontroli zarz\u0105dczej, staje si\u0119 bardziej elastyczna, innowacyjna i, co najwa\u017cniejsze, skuteczna w s\u0142u\u017cbie obywatelom.<\/p>\n\n\n\n<p>Gotowi, aby przenie\u015b\u0107 zarz\u0105dzanie projektami w Waszej jednostce na wy\u017cszy poziom? Zapraszamy do skorzystania z naszego <strong>szkolenia dedykowanego<\/strong>, kt\u00f3re w pe\u0142ni integruje zasady <strong><a href=\"https:\/\/socjolab.pl\/?page_id=606\">zarz\u0105dzania projektem<\/a><\/strong> z wymogami <strong><a href=\"https:\/\/socjolab.pl\/?page_id=831\">kontroli zarz\u0105dczej<\/a><\/strong>. Podczas warsztat\u00f3w dowiesz si\u0119, jak efektywnie planowa\u0107, realizowa\u0107 i monitorowa\u0107 projekty, jednocze\u015bnie zapewniaj\u0105c pe\u0142n\u0105 zgodno\u015b\u0107 z obowi\u0105zuj\u0105cymi przepisami i transparentno\u015b\u0107 dzia\u0142a\u0144. Skontaktuj si\u0119 z nami, aby\u015bmy mogli dopasowa\u0107 program szkolenia do specyficznych potrzeb Twojej organizacji i wsp\u00f3lnie zwi\u0119kszy\u0107 jej efektywno\u015b\u0107.<\/p>\n","protected":false},"excerpt":{"rendered":"<p>Wsp\u00f3\u0142czesna administracja publiczna stoi przed wyzwaniem efektywnego i transparentnego wykorzystywania \u015brodk\u00f3w publicznych. Rosn\u0105ce oczekiwania spo\u0142ecze\u0144stwa, z\u0142o\u017cono\u015b\u0107 realizowanych zada\u0144 oraz konieczno\u015b\u0107 szybkiego reagowania na zmieniaj\u0105ce si\u0119&hellip;&nbsp;<a href=\"https:\/\/socjolab.pl\/?p=1973\" class=\"\" rel=\"bookmark\">Dowiedz si\u0119 wi\u0119cej &raquo;<span class=\"screen-reader-text\">Skuteczne zarz\u0105dzanie projektami w administracji publicznej<\/span><\/a><\/p>\n","protected":false},"author":1,"featured_media":1974,"comment_status":"open","ping_status":"open","sticky":false,"template":"","format":"standard","meta":{"neve_meta_sidebar":"","neve_meta_container":"","neve_meta_enable_content_width":"","neve_meta_content_width":0,"neve_meta_title_alignment":"","neve_meta_author_avatar":"","neve_post_elements_order":"","neve_meta_disable_header":"","neve_meta_disable_footer":"","neve_meta_disable_title":"","footnotes":""},"categories":[12],"tags":[7,16,73],"class_list":["post-1973","post","type-post","status-publish","format-standard","has-post-thumbnail","hentry","category-wiedza","tag-kontrola-zarzadcza","tag-szkolenie","tag-zarzadzanie-projektami"],"yoast_head":"<!-- This site is optimized with the Yoast SEO plugin v26.8 - https:\/\/yoast.com\/product\/yoast-seo-wordpress\/ -->\n<title>Skuteczne zarz\u0105dzanie projektami w administracji publicznej - SOCJOLAB<\/title>\n<meta name=\"description\" content=\"Komunikat Nr 23 Ministra Finans\u00f3w z dnia 16 grudnia 2009 r., kt\u00f3ry okre\u015bla standardy kontroli zarz\u0105dczej. A jak praktycznie go zastosowa\u0107?\" \/>\n<meta name=\"robots\" content=\"index, follow, max-snippet:-1, max-image-preview:large, max-video-preview:-1\" \/>\n<link rel=\"canonical\" href=\"https:\/\/socjolab.pl\/?p=1973\" \/>\n<meta property=\"og:locale\" content=\"pl_PL\" \/>\n<meta property=\"og:type\" content=\"article\" \/>\n<meta property=\"og:title\" content=\"Skuteczne zarz\u0105dzanie projektami w administracji publicznej - SOCJOLAB\" \/>\n<meta property=\"og:description\" content=\"Komunikat Nr 23 Ministra Finans\u00f3w z dnia 16 grudnia 2009 r., kt\u00f3ry okre\u015bla standardy kontroli zarz\u0105dczej. A jak praktycznie go zastosowa\u0107?\" \/>\n<meta property=\"og:url\" content=\"https:\/\/socjolab.pl\/?p=1973\" \/>\n<meta property=\"og:site_name\" content=\"SOCJOLAB\" \/>\n<meta property=\"article:published_time\" content=\"2025-07-11T08:59:58+00:00\" \/>\n<meta property=\"article:modified_time\" content=\"2025-08-07T09:25:18+00:00\" \/>\n<meta property=\"og:image\" content=\"https:\/\/socjolab.pl\/wp-content\/uploads\/2025\/08\/Laboratorium-spoleczne-8.jpg\" \/>\n\t<meta property=\"og:image:width\" content=\"1920\" \/>\n\t<meta property=\"og:image:height\" content=\"1080\" \/>\n\t<meta property=\"og:image:type\" content=\"image\/jpeg\" \/>\n<meta name=\"author\" content=\"admin\" \/>\n<meta name=\"twitter:card\" content=\"summary_large_image\" \/>\n<meta name=\"twitter:label1\" content=\"Napisane przez\" \/>\n\t<meta name=\"twitter:data1\" content=\"admin\" \/>\n\t<meta name=\"twitter:label2\" content=\"Szacowany czas czytania\" \/>\n\t<meta name=\"twitter:data2\" content=\"4 minuty\" \/>\n<script type=\"application\/ld+json\" class=\"yoast-schema-graph\">{\"@context\":\"https:\/\/schema.org\",\"@graph\":[{\"@type\":\"Article\",\"@id\":\"https:\/\/socjolab.pl\/?p=1973#article\",\"isPartOf\":{\"@id\":\"https:\/\/socjolab.pl\/?p=1973\"},\"author\":{\"name\":\"admin\",\"@id\":\"https:\/\/socjolab.pl\/#\/schema\/person\/fe6eb68d8df4a70ddc05510de89286c4\"},\"headline\":\"Skuteczne zarz\u0105dzanie projektami w administracji publicznej\",\"datePublished\":\"2025-07-11T08:59:58+00:00\",\"dateModified\":\"2025-08-07T09:25:18+00:00\",\"mainEntityOfPage\":{\"@id\":\"https:\/\/socjolab.pl\/?p=1973\"},\"wordCount\":776,\"commentCount\":0,\"publisher\":{\"@id\":\"https:\/\/socjolab.pl\/#organization\"},\"image\":{\"@id\":\"https:\/\/socjolab.pl\/?p=1973#primaryimage\"},\"thumbnailUrl\":\"https:\/\/socjolab.pl\/wp-content\/uploads\/2025\/08\/Laboratorium-spoleczne-8.jpg\",\"keywords\":[\"kontrola zarz\u0105dcza\",\"szkolenie\",\"zarz\u0105dzanie projektami\"],\"articleSection\":[\"wiedza\"],\"inLanguage\":\"pl-PL\",\"potentialAction\":[{\"@type\":\"CommentAction\",\"name\":\"Comment\",\"target\":[\"https:\/\/socjolab.pl\/?p=1973#respond\"]}]},{\"@type\":\"WebPage\",\"@id\":\"https:\/\/socjolab.pl\/?p=1973\",\"url\":\"https:\/\/socjolab.pl\/?p=1973\",\"name\":\"Skuteczne zarz\u0105dzanie projektami w administracji publicznej - SOCJOLAB\",\"isPartOf\":{\"@id\":\"https:\/\/socjolab.pl\/#website\"},\"primaryImageOfPage\":{\"@id\":\"https:\/\/socjolab.pl\/?p=1973#primaryimage\"},\"image\":{\"@id\":\"https:\/\/socjolab.pl\/?p=1973#primaryimage\"},\"thumbnailUrl\":\"https:\/\/socjolab.pl\/wp-content\/uploads\/2025\/08\/Laboratorium-spoleczne-8.jpg\",\"datePublished\":\"2025-07-11T08:59:58+00:00\",\"dateModified\":\"2025-08-07T09:25:18+00:00\",\"description\":\"Komunikat Nr 23 Ministra Finans\u00f3w z dnia 16 grudnia 2009 r., kt\u00f3ry okre\u015bla standardy kontroli zarz\u0105dczej. A jak praktycznie go zastosowa\u0107?\",\"breadcrumb\":{\"@id\":\"https:\/\/socjolab.pl\/?p=1973#breadcrumb\"},\"inLanguage\":\"pl-PL\",\"potentialAction\":[{\"@type\":\"ReadAction\",\"target\":[\"https:\/\/socjolab.pl\/?p=1973\"]}]},{\"@type\":\"ImageObject\",\"inLanguage\":\"pl-PL\",\"@id\":\"https:\/\/socjolab.pl\/?p=1973#primaryimage\",\"url\":\"https:\/\/socjolab.pl\/wp-content\/uploads\/2025\/08\/Laboratorium-spoleczne-8.jpg\",\"contentUrl\":\"https:\/\/socjolab.pl\/wp-content\/uploads\/2025\/08\/Laboratorium-spoleczne-8.jpg\",\"width\":1920,\"height\":1080,\"caption\":\"Zarz\u0105dzanie projektami w administracji\"},{\"@type\":\"BreadcrumbList\",\"@id\":\"https:\/\/socjolab.pl\/?p=1973#breadcrumb\",\"itemListElement\":[{\"@type\":\"ListItem\",\"position\":1,\"name\":\"Strona g\u0142\u00f3wna\",\"item\":\"https:\/\/socjolab.pl\/\"},{\"@type\":\"ListItem\",\"position\":2,\"name\":\"Skuteczne zarz\u0105dzanie projektami w administracji publicznej\"}]},{\"@type\":\"WebSite\",\"@id\":\"https:\/\/socjolab.pl\/#website\",\"url\":\"https:\/\/socjolab.pl\/\",\"name\":\"SOCJOLAB\",\"description\":\"szkolenia, doradztwo\",\"publisher\":{\"@id\":\"https:\/\/socjolab.pl\/#organization\"},\"potentialAction\":[{\"@type\":\"SearchAction\",\"target\":{\"@type\":\"EntryPoint\",\"urlTemplate\":\"https:\/\/socjolab.pl\/?s={search_term_string}\"},\"query-input\":{\"@type\":\"PropertyValueSpecification\",\"valueRequired\":true,\"valueName\":\"search_term_string\"}}],\"inLanguage\":\"pl-PL\"},{\"@type\":\"Organization\",\"@id\":\"https:\/\/socjolab.pl\/#organization\",\"name\":\"CENTRUM SZKOLENIOWE\",\"url\":\"https:\/\/socjolab.pl\/\",\"logo\":{\"@type\":\"ImageObject\",\"inLanguage\":\"pl-PL\",\"@id\":\"https:\/\/socjolab.pl\/#\/schema\/logo\/image\/\",\"url\":\"https:\/\/socjolab.pl\/wp-content\/uploads\/2024\/03\/Bezowy-Pomaranczowy-Niebieski-i-Zielony-Nieregularne-Bazgroly-Zestaw-do-Swietowania-dla-Firmy-Post-na-Facebooka.jpg\",\"contentUrl\":\"https:\/\/socjolab.pl\/wp-content\/uploads\/2024\/03\/Bezowy-Pomaranczowy-Niebieski-i-Zielony-Nieregularne-Bazgroly-Zestaw-do-Swietowania-dla-Firmy-Post-na-Facebooka.jpg\",\"width\":940,\"height\":788,\"caption\":\"CENTRUM SZKOLENIOWE\"},\"image\":{\"@id\":\"https:\/\/socjolab.pl\/#\/schema\/logo\/image\/\"}},{\"@type\":\"Person\",\"@id\":\"https:\/\/socjolab.pl\/#\/schema\/person\/fe6eb68d8df4a70ddc05510de89286c4\",\"name\":\"admin\",\"image\":{\"@type\":\"ImageObject\",\"inLanguage\":\"pl-PL\",\"@id\":\"https:\/\/socjolab.pl\/#\/schema\/person\/image\/\",\"url\":\"https:\/\/secure.gravatar.com\/avatar\/1a6fbe7312a100f8cf31e6944992876bdc9944a2b29107ef260fd2aa72a26376?s=96&d=mm&r=g\",\"contentUrl\":\"https:\/\/secure.gravatar.com\/avatar\/1a6fbe7312a100f8cf31e6944992876bdc9944a2b29107ef260fd2aa72a26376?s=96&d=mm&r=g\",\"caption\":\"admin\"},\"sameAs\":[\"http:\/\/socjolab.pl\"],\"url\":\"https:\/\/socjolab.pl\/?author=1\"}]}<\/script>\n<!-- \/ Yoast SEO plugin. -->","yoast_head_json":{"title":"Skuteczne zarz\u0105dzanie projektami w administracji publicznej - SOCJOLAB","description":"Komunikat Nr 23 Ministra Finans\u00f3w z dnia 16 grudnia 2009 r., kt\u00f3ry okre\u015bla standardy kontroli zarz\u0105dczej. A jak praktycznie go zastosowa\u0107?","robots":{"index":"index","follow":"follow","max-snippet":"max-snippet:-1","max-image-preview":"max-image-preview:large","max-video-preview":"max-video-preview:-1"},"canonical":"https:\/\/socjolab.pl\/?p=1973","og_locale":"pl_PL","og_type":"article","og_title":"Skuteczne zarz\u0105dzanie projektami w administracji publicznej - SOCJOLAB","og_description":"Komunikat Nr 23 Ministra Finans\u00f3w z dnia 16 grudnia 2009 r., kt\u00f3ry okre\u015bla standardy kontroli zarz\u0105dczej. A jak praktycznie go zastosowa\u0107?","og_url":"https:\/\/socjolab.pl\/?p=1973","og_site_name":"SOCJOLAB","article_published_time":"2025-07-11T08:59:58+00:00","article_modified_time":"2025-08-07T09:25:18+00:00","og_image":[{"width":1920,"height":1080,"url":"https:\/\/socjolab.pl\/wp-content\/uploads\/2025\/08\/Laboratorium-spoleczne-8.jpg","type":"image\/jpeg"}],"author":"admin","twitter_card":"summary_large_image","twitter_misc":{"Napisane przez":"admin","Szacowany czas czytania":"4 minuty"},"schema":{"@context":"https:\/\/schema.org","@graph":[{"@type":"Article","@id":"https:\/\/socjolab.pl\/?p=1973#article","isPartOf":{"@id":"https:\/\/socjolab.pl\/?p=1973"},"author":{"name":"admin","@id":"https:\/\/socjolab.pl\/#\/schema\/person\/fe6eb68d8df4a70ddc05510de89286c4"},"headline":"Skuteczne zarz\u0105dzanie projektami w administracji publicznej","datePublished":"2025-07-11T08:59:58+00:00","dateModified":"2025-08-07T09:25:18+00:00","mainEntityOfPage":{"@id":"https:\/\/socjolab.pl\/?p=1973"},"wordCount":776,"commentCount":0,"publisher":{"@id":"https:\/\/socjolab.pl\/#organization"},"image":{"@id":"https:\/\/socjolab.pl\/?p=1973#primaryimage"},"thumbnailUrl":"https:\/\/socjolab.pl\/wp-content\/uploads\/2025\/08\/Laboratorium-spoleczne-8.jpg","keywords":["kontrola zarz\u0105dcza","szkolenie","zarz\u0105dzanie projektami"],"articleSection":["wiedza"],"inLanguage":"pl-PL","potentialAction":[{"@type":"CommentAction","name":"Comment","target":["https:\/\/socjolab.pl\/?p=1973#respond"]}]},{"@type":"WebPage","@id":"https:\/\/socjolab.pl\/?p=1973","url":"https:\/\/socjolab.pl\/?p=1973","name":"Skuteczne zarz\u0105dzanie projektami w administracji publicznej - SOCJOLAB","isPartOf":{"@id":"https:\/\/socjolab.pl\/#website"},"primaryImageOfPage":{"@id":"https:\/\/socjolab.pl\/?p=1973#primaryimage"},"image":{"@id":"https:\/\/socjolab.pl\/?p=1973#primaryimage"},"thumbnailUrl":"https:\/\/socjolab.pl\/wp-content\/uploads\/2025\/08\/Laboratorium-spoleczne-8.jpg","datePublished":"2025-07-11T08:59:58+00:00","dateModified":"2025-08-07T09:25:18+00:00","description":"Komunikat Nr 23 Ministra Finans\u00f3w z dnia 16 grudnia 2009 r., kt\u00f3ry okre\u015bla standardy kontroli zarz\u0105dczej. A jak praktycznie go zastosowa\u0107?","breadcrumb":{"@id":"https:\/\/socjolab.pl\/?p=1973#breadcrumb"},"inLanguage":"pl-PL","potentialAction":[{"@type":"ReadAction","target":["https:\/\/socjolab.pl\/?p=1973"]}]},{"@type":"ImageObject","inLanguage":"pl-PL","@id":"https:\/\/socjolab.pl\/?p=1973#primaryimage","url":"https:\/\/socjolab.pl\/wp-content\/uploads\/2025\/08\/Laboratorium-spoleczne-8.jpg","contentUrl":"https:\/\/socjolab.pl\/wp-content\/uploads\/2025\/08\/Laboratorium-spoleczne-8.jpg","width":1920,"height":1080,"caption":"Zarz\u0105dzanie projektami w administracji"},{"@type":"BreadcrumbList","@id":"https:\/\/socjolab.pl\/?p=1973#breadcrumb","itemListElement":[{"@type":"ListItem","position":1,"name":"Strona g\u0142\u00f3wna","item":"https:\/\/socjolab.pl\/"},{"@type":"ListItem","position":2,"name":"Skuteczne zarz\u0105dzanie projektami w administracji publicznej"}]},{"@type":"WebSite","@id":"https:\/\/socjolab.pl\/#website","url":"https:\/\/socjolab.pl\/","name":"SOCJOLAB","description":"szkolenia, doradztwo","publisher":{"@id":"https:\/\/socjolab.pl\/#organization"},"potentialAction":[{"@type":"SearchAction","target":{"@type":"EntryPoint","urlTemplate":"https:\/\/socjolab.pl\/?s={search_term_string}"},"query-input":{"@type":"PropertyValueSpecification","valueRequired":true,"valueName":"search_term_string"}}],"inLanguage":"pl-PL"},{"@type":"Organization","@id":"https:\/\/socjolab.pl\/#organization","name":"CENTRUM SZKOLENIOWE","url":"https:\/\/socjolab.pl\/","logo":{"@type":"ImageObject","inLanguage":"pl-PL","@id":"https:\/\/socjolab.pl\/#\/schema\/logo\/image\/","url":"https:\/\/socjolab.pl\/wp-content\/uploads\/2024\/03\/Bezowy-Pomaranczowy-Niebieski-i-Zielony-Nieregularne-Bazgroly-Zestaw-do-Swietowania-dla-Firmy-Post-na-Facebooka.jpg","contentUrl":"https:\/\/socjolab.pl\/wp-content\/uploads\/2024\/03\/Bezowy-Pomaranczowy-Niebieski-i-Zielony-Nieregularne-Bazgroly-Zestaw-do-Swietowania-dla-Firmy-Post-na-Facebooka.jpg","width":940,"height":788,"caption":"CENTRUM SZKOLENIOWE"},"image":{"@id":"https:\/\/socjolab.pl\/#\/schema\/logo\/image\/"}},{"@type":"Person","@id":"https:\/\/socjolab.pl\/#\/schema\/person\/fe6eb68d8df4a70ddc05510de89286c4","name":"admin","image":{"@type":"ImageObject","inLanguage":"pl-PL","@id":"https:\/\/socjolab.pl\/#\/schema\/person\/image\/","url":"https:\/\/secure.gravatar.com\/avatar\/1a6fbe7312a100f8cf31e6944992876bdc9944a2b29107ef260fd2aa72a26376?s=96&d=mm&r=g","contentUrl":"https:\/\/secure.gravatar.com\/avatar\/1a6fbe7312a100f8cf31e6944992876bdc9944a2b29107ef260fd2aa72a26376?s=96&d=mm&r=g","caption":"admin"},"sameAs":["http:\/\/socjolab.pl"],"url":"https:\/\/socjolab.pl\/?author=1"}]}},"_links":{"self":[{"href":"https:\/\/socjolab.pl\/index.php?rest_route=\/wp\/v2\/posts\/1973","targetHints":{"allow":["GET"]}}],"collection":[{"href":"https:\/\/socjolab.pl\/index.php?rest_route=\/wp\/v2\/posts"}],"about":[{"href":"https:\/\/socjolab.pl\/index.php?rest_route=\/wp\/v2\/types\/post"}],"author":[{"embeddable":true,"href":"https:\/\/socjolab.pl\/index.php?rest_route=\/wp\/v2\/users\/1"}],"replies":[{"embeddable":true,"href":"https:\/\/socjolab.pl\/index.php?rest_route=%2Fwp%2Fv2%2Fcomments&post=1973"}],"version-history":[{"count":1,"href":"https:\/\/socjolab.pl\/index.php?rest_route=\/wp\/v2\/posts\/1973\/revisions"}],"predecessor-version":[{"id":1975,"href":"https:\/\/socjolab.pl\/index.php?rest_route=\/wp\/v2\/posts\/1973\/revisions\/1975"}],"wp:featuredmedia":[{"embeddable":true,"href":"https:\/\/socjolab.pl\/index.php?rest_route=\/wp\/v2\/media\/1974"}],"wp:attachment":[{"href":"https:\/\/socjolab.pl\/index.php?rest_route=%2Fwp%2Fv2%2Fmedia&parent=1973"}],"wp:term":[{"taxonomy":"category","embeddable":true,"href":"https:\/\/socjolab.pl\/index.php?rest_route=%2Fwp%2Fv2%2Fcategories&post=1973"},{"taxonomy":"post_tag","embeddable":true,"href":"https:\/\/socjolab.pl\/index.php?rest_route=%2Fwp%2Fv2%2Ftags&post=1973"}],"curies":[{"name":"wp","href":"https:\/\/api.w.org\/{rel}","templated":true}]}}