{"id":1967,"date":"2025-06-18T10:47:04","date_gmt":"2025-06-18T08:47:04","guid":{"rendered":"https:\/\/socjolab.pl\/?p=1967"},"modified":"2025-08-07T10:47:25","modified_gmt":"2025-08-07T08:47:25","slug":"media-spolecznosciowe","status":"publish","type":"post","link":"https:\/\/socjolab.pl\/?p=1967","title":{"rendered":"Rz\u0105d na fali?"},"content":{"rendered":"\n<p>Jak administracja wykorzystuje media spo\u0142eczno\u015bciowe?<\/p>\n\n\n\n<p>Wsp\u00f3\u0142czesne media spo\u0142eczno\u015bciowe zrewolucjonizowa\u0142y komunikacj\u0119 na wielu poziomach, a administracja publiczna nie pozosta\u0142a w tyle. Coraz wi\u0119cej urz\u0119d\u00f3w, instytucji i agend rz\u0105dowych dostrzega potencja\u0142 Facebooka, X (dawniej Twittera) czy Instagrama w budowaniu relacji z obywatelami. Dzi\u015b media spo\u0142eczno\u015bciowe to nie tylko kana\u0142 informacyjny, ale przede wszystkim strategiczne narz\u0119dzie do prowadzenia polityki medialnej. Dzi\u0119ki nim, administracja mo\u017ce szybko i bezpo\u015brednio dociera\u0107 do szerokiego grona odbiorc\u00f3w, prezentuj\u0105c swoje dzia\u0142ania i plany w przyst\u0119pny spos\u00f3b. Taka dwukierunkowa komunikacja pozwala na lepsze zrozumienie oczekiwa\u0144 spo\u0142ecze\u0144stwa i efektywniejsze reagowanie na bie\u017c\u0105ce potrzeby.<\/p>\n\n\n\n<hr class=\"wp-block-separator has-alpha-channel-opacity\"\/>\n\n\n\n<h3 class=\"wp-block-heading\">Edukacja w cyfrowym \u015bwiecie<\/h3>\n\n\n\n<p>Jednym z kluczowych obszar\u00f3w, w kt\u00f3rych administracja publiczna wykorzystuje <strong>media spo\u0142eczno\u015bciowe<\/strong>, jest <strong>polityka edukacyjna<\/strong>. Platformy te staj\u0105 si\u0119 idealnym miejscem do prowadzenia kampanii spo\u0142ecznych i informacyjnych, kt\u00f3re maj\u0105 na celu podnoszenie \u015bwiadomo\u015bci obywateli w r\u00f3\u017cnych dziedzinach. Przyk\u0142adem mog\u0105 by\u0107 akcje promuj\u0105ce zdrowy styl \u017cycia, zasady segregacji odpad\u00f3w czy bezpiecze\u0144stwo w ruchu drogowym. Tre\u015bci edukacyjne, przekazywane w formie kr\u00f3tkich film\u00f3w, infografik czy quiz\u00f3w, s\u0105 \u0142atwiej przyswajalne i maj\u0105 wi\u0119ksz\u0105 szans\u0119 na dotarcie do m\u0142odszych grup wiekowych. Dzi\u0119ki temu administracja mo\u017ce realizowa\u0107 swoje cele edukacyjne w spos\u00f3b innowacyjny i anga\u017cuj\u0105cy.<\/p>\n\n\n\n<hr class=\"wp-block-separator has-alpha-channel-opacity\"\/>\n\n\n\n<h3 class=\"wp-block-heading\">Budowanie zaufania i transparentno\u015bci<\/h3>\n\n\n\n<p><strong>Media spo\u0142eczno\u015bciowe<\/strong> pozwalaj\u0105 administracji publicznej na budowanie wi\u0119kszego zaufania i transparentno\u015bci. Regularne publikowanie aktualno\u015bci, udost\u0119pnianie wynik\u00f3w bada\u0144 czy raport\u00f3w, a tak\u017ce prowadzenie sesji pyta\u0144 i odpowiedzi na \u017cywo, sprawiaj\u0105, \u017ce obywatele czuj\u0105 si\u0119 bardziej zaanga\u017cowani w \u017cycie publiczne. Taka otwarto\u015b\u0107 pomaga w demitologizowaniu proces\u00f3w decyzyjnych i pokazuje, \u017ce w\u0142adze dzia\u0142aj\u0105 w spos\u00f3b otwarty i odpowiedzialny. W sytuacjach kryzysowych media spo\u0142eczno\u015bciowe staj\u0105 si\u0119 niezast\u0105pionym narz\u0119dziem do szybkiego przekazywania rzetelnych informacji, co ma kluczowe znaczenie w prewencji paniki i dezinformacji.<\/p>\n\n\n\n<hr class=\"wp-block-separator has-alpha-channel-opacity\"\/>\n\n\n\n<h3 class=\"wp-block-heading\">Bezpiecze\u0144stwo wewn\u0119trzne a media spo\u0142eczno\u015bciowe<\/h3>\n\n\n\n<p>W kontek\u015bcie <strong>bezpiecze\u0144stwa wewn\u0119trznego<\/strong>, <strong>media spo\u0142eczno\u015bciowe<\/strong> odgrywaj\u0105 dwojak\u0105 rol\u0119. Z jednej strony s\u0105 pot\u0119\u017cnym narz\u0119dziem prewencji i reagowania. Policja, stra\u017c po\u017carna czy s\u0142u\u017cby ratunkowe mog\u0105 za ich po\u015brednictwem szybko ostrzega\u0107 obywateli przed zagro\u017ceniami, takimi jak katastrofy naturalne czy akty terrorystyczne. Alerty, informacje o ewakuacji czy instrukcje dotycz\u0105ce zachowania w sytuacji kryzysowej docieraj\u0105 w ci\u0105gu sekund. Z drugiej strony, platformy te s\u0105 r\u00f3wnie\u017c nara\u017cone na wykorzystywanie przez dezinformacj\u0119 i manipulacj\u0119, co mo\u017ce destabilizowa\u0107 spo\u0142ecze\u0144stwo. Dlatego kluczowe jest, aby administracja publiczna nie tylko korzysta\u0142a z medi\u00f3w spo\u0142eczno\u015bciowych, ale r\u00f3wnie\u017c aktywnie monitorowa\u0142a i reagowa\u0142a na fa\u0142szywe tre\u015bci, wsp\u00f3\u0142pracuj\u0105c z platformami i organizacjami fact-checkingowymi.<\/p>\n\n\n\n<hr class=\"wp-block-separator has-alpha-channel-opacity\"\/>\n\n\n\n<h3 class=\"wp-block-heading\">Wyzwania i przysz\u0142o\u015b\u0107<\/h3>\n\n\n\n<p>Korzystanie z medi\u00f3w spo\u0142eczno\u015bciowych przez administracj\u0119 publiczn\u0105 wi\u0105\u017ce si\u0119 z wieloma wyzwaniami. Wymaga to odpowiedniej strategii, przeszkolonej kadry i sta\u0142ego monitorowania. Wa\u017cne jest, aby tre\u015bci by\u0142y dostosowane do specyfiki ka\u017cdej platformy i grupy docelowej, a komunikacja by\u0142a prowadzona w spos\u00f3b profesjonalny, ale jednocze\u015bnie przyst\u0119pny. Przysz\u0142o\u015b\u0107 polityki medialnej i edukacyjnej w administracji publicznej b\u0119dzie z pewno\u015bci\u0105 coraz bardziej opiera\u0107 si\u0119 na mediach spo\u0142eczno\u015bciowych, dlatego ci\u0105g\u0142e doskonalenie w tym obszarze jest niezb\u0119dne. Efektywne wykorzystanie tych narz\u0119dzi pozwoli nie tylko na lepsz\u0105 komunikacj\u0119, ale tak\u017ce na budowanie silniejszego, bardziej \u015bwiadomego i odpornego spo\u0142ecze\u0144stwa.<\/p>\n\n\n\n<p>Chcesz dowiedzie\u0107 si\u0119 wi\u0119cej o tym, jak skutecznie i bezpiecznie wykorzysta\u0107 <strong>media spo\u0142eczno\u015bciowe<\/strong> w pracy administracji publicznej? Zapraszamy na nasze <strong>szkolenie dedykowane<\/strong> w\u0142a\u015bnie dla urz\u0119dnik\u00f3w i pracownik\u00f3w sektora publicznego. Podczas warsztat\u00f3w poznasz najlepsze praktyki i narz\u0119dzia, kt\u00f3re pomog\u0105 ci w prowadzeniu efektywnej <a href=\"https:\/\/socjolab.pl\/?page_id=1049\"><strong>polityki medialnej<\/strong> i <strong>polityki edukacyjnej<\/strong>, <\/a>a tak\u017ce wzmocnisz <strong>bezpiecze\u0144stwo wewn\u0119trzne<\/strong> swojej organizacji.<\/p>\n","protected":false},"excerpt":{"rendered":"<p>Jak administracja wykorzystuje media spo\u0142eczno\u015bciowe? Wsp\u00f3\u0142czesne media spo\u0142eczno\u015bciowe zrewolucjonizowa\u0142y komunikacj\u0119 na wielu poziomach, a administracja publiczna nie pozosta\u0142a w tyle. Coraz wi\u0119cej urz\u0119d\u00f3w, instytucji i&hellip;&nbsp;<a href=\"https:\/\/socjolab.pl\/?p=1967\" class=\"\" rel=\"bookmark\">Dowiedz si\u0119 wi\u0119cej &raquo;<span class=\"screen-reader-text\">Rz\u0105d na fali?<\/span><\/a><\/p>\n","protected":false},"author":1,"featured_media":1968,"comment_status":"open","ping_status":"open","sticky":false,"template":"","format":"standard","meta":{"neve_meta_sidebar":"","neve_meta_container":"","neve_meta_enable_content_width":"","neve_meta_content_width":0,"neve_meta_title_alignment":"","neve_meta_author_avatar":"","neve_post_elements_order":"","neve_meta_disable_header":"","neve_meta_disable_footer":"","neve_meta_disable_title":"","footnotes":""},"categories":[12],"tags":[17,16,25],"class_list":["post-1967","post","type-post","status-publish","format-standard","has-post-thumbnail","hentry","category-wiedza","tag-media-spolecznosciowe","tag-szkolenie","tag-wizerunek"],"yoast_head":"<!-- This site is optimized with the Yoast SEO plugin v26.8 - https:\/\/yoast.com\/product\/yoast-seo-wordpress\/ -->\n<title>Rz\u0105d na fali? - SOCJOLAB<\/title>\n<meta name=\"description\" content=\"Media spo\u0142eczno\u015bciowe pozwalaj\u0105 administracji publicznej na budowanie wi\u0119kszego zaufania i transparentno\u015bci.\" \/>\n<meta name=\"robots\" content=\"index, follow, max-snippet:-1, max-image-preview:large, max-video-preview:-1\" \/>\n<link rel=\"canonical\" href=\"https:\/\/socjolab.pl\/?p=1967\" \/>\n<meta property=\"og:locale\" content=\"pl_PL\" \/>\n<meta property=\"og:type\" content=\"article\" \/>\n<meta property=\"og:title\" content=\"Rz\u0105d na fali? - SOCJOLAB\" \/>\n<meta property=\"og:description\" content=\"Media spo\u0142eczno\u015bciowe pozwalaj\u0105 administracji publicznej na budowanie wi\u0119kszego zaufania i transparentno\u015bci.\" \/>\n<meta property=\"og:url\" content=\"https:\/\/socjolab.pl\/?p=1967\" \/>\n<meta property=\"og:site_name\" content=\"SOCJOLAB\" \/>\n<meta property=\"article:published_time\" content=\"2025-06-18T08:47:04+00:00\" \/>\n<meta property=\"article:modified_time\" content=\"2025-08-07T08:47:25+00:00\" \/>\n<meta property=\"og:image\" content=\"https:\/\/socjolab.pl\/wp-content\/uploads\/2025\/08\/Laboratorium-spoleczne-6.jpg\" \/>\n\t<meta property=\"og:image:width\" content=\"1920\" \/>\n\t<meta property=\"og:image:height\" content=\"1080\" \/>\n\t<meta property=\"og:image:type\" content=\"image\/jpeg\" \/>\n<meta name=\"author\" content=\"admin\" \/>\n<meta name=\"twitter:card\" content=\"summary_large_image\" \/>\n<meta name=\"twitter:label1\" content=\"Napisane przez\" \/>\n\t<meta name=\"twitter:data1\" content=\"admin\" \/>\n\t<meta name=\"twitter:label2\" content=\"Szacowany czas czytania\" \/>\n\t<meta name=\"twitter:data2\" content=\"4 minuty\" \/>\n<script type=\"application\/ld+json\" class=\"yoast-schema-graph\">{\"@context\":\"https:\/\/schema.org\",\"@graph\":[{\"@type\":\"Article\",\"@id\":\"https:\/\/socjolab.pl\/?p=1967#article\",\"isPartOf\":{\"@id\":\"https:\/\/socjolab.pl\/?p=1967\"},\"author\":{\"name\":\"admin\",\"@id\":\"https:\/\/socjolab.pl\/#\/schema\/person\/fe6eb68d8df4a70ddc05510de89286c4\"},\"headline\":\"Rz\u0105d na fali?\",\"datePublished\":\"2025-06-18T08:47:04+00:00\",\"dateModified\":\"2025-08-07T08:47:25+00:00\",\"mainEntityOfPage\":{\"@id\":\"https:\/\/socjolab.pl\/?p=1967\"},\"wordCount\":663,\"commentCount\":0,\"publisher\":{\"@id\":\"https:\/\/socjolab.pl\/#organization\"},\"image\":{\"@id\":\"https:\/\/socjolab.pl\/?p=1967#primaryimage\"},\"thumbnailUrl\":\"https:\/\/socjolab.pl\/wp-content\/uploads\/2025\/08\/Laboratorium-spoleczne-6.jpg\",\"keywords\":[\"media spo\u0142eczno\u015bciowe\",\"szkolenie\",\"wizerunek\"],\"articleSection\":[\"wiedza\"],\"inLanguage\":\"pl-PL\",\"potentialAction\":[{\"@type\":\"CommentAction\",\"name\":\"Comment\",\"target\":[\"https:\/\/socjolab.pl\/?p=1967#respond\"]}]},{\"@type\":\"WebPage\",\"@id\":\"https:\/\/socjolab.pl\/?p=1967\",\"url\":\"https:\/\/socjolab.pl\/?p=1967\",\"name\":\"Rz\u0105d na fali? - SOCJOLAB\",\"isPartOf\":{\"@id\":\"https:\/\/socjolab.pl\/#website\"},\"primaryImageOfPage\":{\"@id\":\"https:\/\/socjolab.pl\/?p=1967#primaryimage\"},\"image\":{\"@id\":\"https:\/\/socjolab.pl\/?p=1967#primaryimage\"},\"thumbnailUrl\":\"https:\/\/socjolab.pl\/wp-content\/uploads\/2025\/08\/Laboratorium-spoleczne-6.jpg\",\"datePublished\":\"2025-06-18T08:47:04+00:00\",\"dateModified\":\"2025-08-07T08:47:25+00:00\",\"description\":\"Media spo\u0142eczno\u015bciowe pozwalaj\u0105 administracji publicznej na budowanie wi\u0119kszego zaufania i transparentno\u015bci.\",\"breadcrumb\":{\"@id\":\"https:\/\/socjolab.pl\/?p=1967#breadcrumb\"},\"inLanguage\":\"pl-PL\",\"potentialAction\":[{\"@type\":\"ReadAction\",\"target\":[\"https:\/\/socjolab.pl\/?p=1967\"]}]},{\"@type\":\"ImageObject\",\"inLanguage\":\"pl-PL\",\"@id\":\"https:\/\/socjolab.pl\/?p=1967#primaryimage\",\"url\":\"https:\/\/socjolab.pl\/wp-content\/uploads\/2025\/08\/Laboratorium-spoleczne-6.jpg\",\"contentUrl\":\"https:\/\/socjolab.pl\/wp-content\/uploads\/2025\/08\/Laboratorium-spoleczne-6.jpg\",\"width\":1920,\"height\":1080,\"caption\":\"media spo\u0142eczno\u015bciowe\"},{\"@type\":\"BreadcrumbList\",\"@id\":\"https:\/\/socjolab.pl\/?p=1967#breadcrumb\",\"itemListElement\":[{\"@type\":\"ListItem\",\"position\":1,\"name\":\"Strona g\u0142\u00f3wna\",\"item\":\"https:\/\/socjolab.pl\/\"},{\"@type\":\"ListItem\",\"position\":2,\"name\":\"Rz\u0105d na fali?\"}]},{\"@type\":\"WebSite\",\"@id\":\"https:\/\/socjolab.pl\/#website\",\"url\":\"https:\/\/socjolab.pl\/\",\"name\":\"SOCJOLAB\",\"description\":\"szkolenia, doradztwo\",\"publisher\":{\"@id\":\"https:\/\/socjolab.pl\/#organization\"},\"potentialAction\":[{\"@type\":\"SearchAction\",\"target\":{\"@type\":\"EntryPoint\",\"urlTemplate\":\"https:\/\/socjolab.pl\/?s={search_term_string}\"},\"query-input\":{\"@type\":\"PropertyValueSpecification\",\"valueRequired\":true,\"valueName\":\"search_term_string\"}}],\"inLanguage\":\"pl-PL\"},{\"@type\":\"Organization\",\"@id\":\"https:\/\/socjolab.pl\/#organization\",\"name\":\"CENTRUM SZKOLENIOWE\",\"url\":\"https:\/\/socjolab.pl\/\",\"logo\":{\"@type\":\"ImageObject\",\"inLanguage\":\"pl-PL\",\"@id\":\"https:\/\/socjolab.pl\/#\/schema\/logo\/image\/\",\"url\":\"https:\/\/socjolab.pl\/wp-content\/uploads\/2024\/03\/Bezowy-Pomaranczowy-Niebieski-i-Zielony-Nieregularne-Bazgroly-Zestaw-do-Swietowania-dla-Firmy-Post-na-Facebooka.jpg\",\"contentUrl\":\"https:\/\/socjolab.pl\/wp-content\/uploads\/2024\/03\/Bezowy-Pomaranczowy-Niebieski-i-Zielony-Nieregularne-Bazgroly-Zestaw-do-Swietowania-dla-Firmy-Post-na-Facebooka.jpg\",\"width\":940,\"height\":788,\"caption\":\"CENTRUM SZKOLENIOWE\"},\"image\":{\"@id\":\"https:\/\/socjolab.pl\/#\/schema\/logo\/image\/\"}},{\"@type\":\"Person\",\"@id\":\"https:\/\/socjolab.pl\/#\/schema\/person\/fe6eb68d8df4a70ddc05510de89286c4\",\"name\":\"admin\",\"image\":{\"@type\":\"ImageObject\",\"inLanguage\":\"pl-PL\",\"@id\":\"https:\/\/socjolab.pl\/#\/schema\/person\/image\/\",\"url\":\"https:\/\/secure.gravatar.com\/avatar\/1a6fbe7312a100f8cf31e6944992876bdc9944a2b29107ef260fd2aa72a26376?s=96&d=mm&r=g\",\"contentUrl\":\"https:\/\/secure.gravatar.com\/avatar\/1a6fbe7312a100f8cf31e6944992876bdc9944a2b29107ef260fd2aa72a26376?s=96&d=mm&r=g\",\"caption\":\"admin\"},\"sameAs\":[\"http:\/\/socjolab.pl\"],\"url\":\"https:\/\/socjolab.pl\/?author=1\"}]}<\/script>\n<!-- \/ Yoast SEO plugin. -->","yoast_head_json":{"title":"Rz\u0105d na fali? - SOCJOLAB","description":"Media spo\u0142eczno\u015bciowe pozwalaj\u0105 administracji publicznej na budowanie wi\u0119kszego zaufania i transparentno\u015bci.","robots":{"index":"index","follow":"follow","max-snippet":"max-snippet:-1","max-image-preview":"max-image-preview:large","max-video-preview":"max-video-preview:-1"},"canonical":"https:\/\/socjolab.pl\/?p=1967","og_locale":"pl_PL","og_type":"article","og_title":"Rz\u0105d na fali? - SOCJOLAB","og_description":"Media spo\u0142eczno\u015bciowe pozwalaj\u0105 administracji publicznej na budowanie wi\u0119kszego zaufania i transparentno\u015bci.","og_url":"https:\/\/socjolab.pl\/?p=1967","og_site_name":"SOCJOLAB","article_published_time":"2025-06-18T08:47:04+00:00","article_modified_time":"2025-08-07T08:47:25+00:00","og_image":[{"width":1920,"height":1080,"url":"https:\/\/socjolab.pl\/wp-content\/uploads\/2025\/08\/Laboratorium-spoleczne-6.jpg","type":"image\/jpeg"}],"author":"admin","twitter_card":"summary_large_image","twitter_misc":{"Napisane przez":"admin","Szacowany czas czytania":"4 minuty"},"schema":{"@context":"https:\/\/schema.org","@graph":[{"@type":"Article","@id":"https:\/\/socjolab.pl\/?p=1967#article","isPartOf":{"@id":"https:\/\/socjolab.pl\/?p=1967"},"author":{"name":"admin","@id":"https:\/\/socjolab.pl\/#\/schema\/person\/fe6eb68d8df4a70ddc05510de89286c4"},"headline":"Rz\u0105d na fali?","datePublished":"2025-06-18T08:47:04+00:00","dateModified":"2025-08-07T08:47:25+00:00","mainEntityOfPage":{"@id":"https:\/\/socjolab.pl\/?p=1967"},"wordCount":663,"commentCount":0,"publisher":{"@id":"https:\/\/socjolab.pl\/#organization"},"image":{"@id":"https:\/\/socjolab.pl\/?p=1967#primaryimage"},"thumbnailUrl":"https:\/\/socjolab.pl\/wp-content\/uploads\/2025\/08\/Laboratorium-spoleczne-6.jpg","keywords":["media spo\u0142eczno\u015bciowe","szkolenie","wizerunek"],"articleSection":["wiedza"],"inLanguage":"pl-PL","potentialAction":[{"@type":"CommentAction","name":"Comment","target":["https:\/\/socjolab.pl\/?p=1967#respond"]}]},{"@type":"WebPage","@id":"https:\/\/socjolab.pl\/?p=1967","url":"https:\/\/socjolab.pl\/?p=1967","name":"Rz\u0105d na fali? - SOCJOLAB","isPartOf":{"@id":"https:\/\/socjolab.pl\/#website"},"primaryImageOfPage":{"@id":"https:\/\/socjolab.pl\/?p=1967#primaryimage"},"image":{"@id":"https:\/\/socjolab.pl\/?p=1967#primaryimage"},"thumbnailUrl":"https:\/\/socjolab.pl\/wp-content\/uploads\/2025\/08\/Laboratorium-spoleczne-6.jpg","datePublished":"2025-06-18T08:47:04+00:00","dateModified":"2025-08-07T08:47:25+00:00","description":"Media spo\u0142eczno\u015bciowe pozwalaj\u0105 administracji publicznej na budowanie wi\u0119kszego zaufania i transparentno\u015bci.","breadcrumb":{"@id":"https:\/\/socjolab.pl\/?p=1967#breadcrumb"},"inLanguage":"pl-PL","potentialAction":[{"@type":"ReadAction","target":["https:\/\/socjolab.pl\/?p=1967"]}]},{"@type":"ImageObject","inLanguage":"pl-PL","@id":"https:\/\/socjolab.pl\/?p=1967#primaryimage","url":"https:\/\/socjolab.pl\/wp-content\/uploads\/2025\/08\/Laboratorium-spoleczne-6.jpg","contentUrl":"https:\/\/socjolab.pl\/wp-content\/uploads\/2025\/08\/Laboratorium-spoleczne-6.jpg","width":1920,"height":1080,"caption":"media spo\u0142eczno\u015bciowe"},{"@type":"BreadcrumbList","@id":"https:\/\/socjolab.pl\/?p=1967#breadcrumb","itemListElement":[{"@type":"ListItem","position":1,"name":"Strona g\u0142\u00f3wna","item":"https:\/\/socjolab.pl\/"},{"@type":"ListItem","position":2,"name":"Rz\u0105d na fali?"}]},{"@type":"WebSite","@id":"https:\/\/socjolab.pl\/#website","url":"https:\/\/socjolab.pl\/","name":"SOCJOLAB","description":"szkolenia, doradztwo","publisher":{"@id":"https:\/\/socjolab.pl\/#organization"},"potentialAction":[{"@type":"SearchAction","target":{"@type":"EntryPoint","urlTemplate":"https:\/\/socjolab.pl\/?s={search_term_string}"},"query-input":{"@type":"PropertyValueSpecification","valueRequired":true,"valueName":"search_term_string"}}],"inLanguage":"pl-PL"},{"@type":"Organization","@id":"https:\/\/socjolab.pl\/#organization","name":"CENTRUM SZKOLENIOWE","url":"https:\/\/socjolab.pl\/","logo":{"@type":"ImageObject","inLanguage":"pl-PL","@id":"https:\/\/socjolab.pl\/#\/schema\/logo\/image\/","url":"https:\/\/socjolab.pl\/wp-content\/uploads\/2024\/03\/Bezowy-Pomaranczowy-Niebieski-i-Zielony-Nieregularne-Bazgroly-Zestaw-do-Swietowania-dla-Firmy-Post-na-Facebooka.jpg","contentUrl":"https:\/\/socjolab.pl\/wp-content\/uploads\/2024\/03\/Bezowy-Pomaranczowy-Niebieski-i-Zielony-Nieregularne-Bazgroly-Zestaw-do-Swietowania-dla-Firmy-Post-na-Facebooka.jpg","width":940,"height":788,"caption":"CENTRUM SZKOLENIOWE"},"image":{"@id":"https:\/\/socjolab.pl\/#\/schema\/logo\/image\/"}},{"@type":"Person","@id":"https:\/\/socjolab.pl\/#\/schema\/person\/fe6eb68d8df4a70ddc05510de89286c4","name":"admin","image":{"@type":"ImageObject","inLanguage":"pl-PL","@id":"https:\/\/socjolab.pl\/#\/schema\/person\/image\/","url":"https:\/\/secure.gravatar.com\/avatar\/1a6fbe7312a100f8cf31e6944992876bdc9944a2b29107ef260fd2aa72a26376?s=96&d=mm&r=g","contentUrl":"https:\/\/secure.gravatar.com\/avatar\/1a6fbe7312a100f8cf31e6944992876bdc9944a2b29107ef260fd2aa72a26376?s=96&d=mm&r=g","caption":"admin"},"sameAs":["http:\/\/socjolab.pl"],"url":"https:\/\/socjolab.pl\/?author=1"}]}},"_links":{"self":[{"href":"https:\/\/socjolab.pl\/index.php?rest_route=\/wp\/v2\/posts\/1967","targetHints":{"allow":["GET"]}}],"collection":[{"href":"https:\/\/socjolab.pl\/index.php?rest_route=\/wp\/v2\/posts"}],"about":[{"href":"https:\/\/socjolab.pl\/index.php?rest_route=\/wp\/v2\/types\/post"}],"author":[{"embeddable":true,"href":"https:\/\/socjolab.pl\/index.php?rest_route=\/wp\/v2\/users\/1"}],"replies":[{"embeddable":true,"href":"https:\/\/socjolab.pl\/index.php?rest_route=%2Fwp%2Fv2%2Fcomments&post=1967"}],"version-history":[{"count":1,"href":"https:\/\/socjolab.pl\/index.php?rest_route=\/wp\/v2\/posts\/1967\/revisions"}],"predecessor-version":[{"id":1969,"href":"https:\/\/socjolab.pl\/index.php?rest_route=\/wp\/v2\/posts\/1967\/revisions\/1969"}],"wp:featuredmedia":[{"embeddable":true,"href":"https:\/\/socjolab.pl\/index.php?rest_route=\/wp\/v2\/media\/1968"}],"wp:attachment":[{"href":"https:\/\/socjolab.pl\/index.php?rest_route=%2Fwp%2Fv2%2Fmedia&parent=1967"}],"wp:term":[{"taxonomy":"category","embeddable":true,"href":"https:\/\/socjolab.pl\/index.php?rest_route=%2Fwp%2Fv2%2Fcategories&post=1967"},{"taxonomy":"post_tag","embeddable":true,"href":"https:\/\/socjolab.pl\/index.php?rest_route=%2Fwp%2Fv2%2Ftags&post=1967"}],"curies":[{"name":"wp","href":"https:\/\/api.w.org\/{rel}","templated":true}]}}