{"id":1962,"date":"2025-06-06T10:29:22","date_gmt":"2025-06-06T08:29:22","guid":{"rendered":"https:\/\/socjolab.pl\/?p=1962"},"modified":"2025-08-07T10:41:23","modified_gmt":"2025-08-07T08:41:23","slug":"odpornosc-miast","status":"publish","type":"post","link":"https:\/\/socjolab.pl\/?p=1962","title":{"rendered":"Media w dobie kryzysu?"},"content":{"rendered":"\n<h3 class=\"wp-block-heading\">Jak edukacja medialna buduje odporno\u015b\u0107 miast?<\/h3>\n\n\n\n<p>W obliczu rosn\u0105cej liczby kryzys\u00f3w i katastrof, od nag\u0142ych zjawisk pogodowych po zagro\u017cenia geopolityczne, kluczowe staje si\u0119 pytanie, jak miasto i jego mieszka\u0144cy mog\u0105 sta\u0107 si\u0119 bardziej odporni. Odpowied\u017a nie le\u017cy wy\u0142\u0105cznie w technologii czy infrastrukturze, lecz w fundamentalnym zrozumieniu roli, jak\u0105 w dzisiejszym \u015bwiecie odgrywaj\u0105 informacje. Edukacja medialna i przemy\u015blana polityka informacyjna stanowi\u0105 dzi\u015b fundament, na kt\u00f3rym mo\u017cna budowa\u0107 silne, \u015bwiadome i odporne spo\u0142ecze\u0144stwo.<\/p>\n\n\n\n<h3 class=\"wp-block-heading\">Kryzys w erze cyfrowej: Miasta na linii frontu<\/h3>\n\n\n\n<p>Wsp\u00f3\u0142czesne kryzysy, niezale\u017cnie od ich \u017ar\u00f3d\u0142a, charakteryzuje jedno: b\u0142yskawiczne tempo rozprzestrzeniania si\u0119 informacji. Nowe technologie, z mediami spo\u0142eczno\u015bciowymi na czele, zrewolucjonizowa\u0142y spos\u00f3b, w jaki reagujemy na zagro\u017cenia. Jak zauwa\u017cy\u0142 Manuel Castells, internet i media spo\u0142eczno\u015bciowe to pot\u0119\u017cne narz\u0119dzia, kt\u00f3re mog\u0105 zar\u00f3wno wspiera\u0107 zarz\u0105dzanie kryzysowe, jak i prowadzi\u0107 do chaosu. Smartfony, kt\u00f3re \u0142\u0105cz\u0105 w sobie funkcje wielu medi\u00f3w, sprawiaj\u0105, \u017ce ka\u017cdy z nas jest jednocze\u015bnie odbiorc\u0105 i nadawc\u0105 informacji.<\/p>\n\n\n\n<p>Ta szybko\u015b\u0107 ma jednak swoj\u0105 cen\u0119. Globalne spo\u0142ecze\u0144stwo sieciowe jest jednocze\u015bnie niezwykle podatne na <strong>dezinformacj\u0119<\/strong>. W obliczu strachu, paniki i niepewno\u015bci, fa\u0142szywe informacje rozchodz\u0105 si\u0119 z ogromn\u0105 pr\u0119dko\u015bci\u0105, zniekszta\u0142caj\u0105c rzeczywisto\u015b\u0107 i utrudniaj\u0105c racjonalne dzia\u0142anie. W\u0142adze mog\u0105 wykorzystywa\u0107 technologie do monitorowania sytuacji, ale tak\u017ce do inwigilacji, co rodzi nowe wyzwania etyczne. Z drugiej strony, cyfrowe sieci daj\u0105 obywatelom pot\u0119\u017cne narz\u0119dzie do samoorganizacji i wzajemnej pomocy, co pokazuj\u0105 liczne inicjatywy w czasie kl\u0119sk \u017cywio\u0142owych.<\/p>\n\n\n\n<h3 class=\"wp-block-heading\">Lekcja z Hiszpanii i Polski: Pow\u00f3d\u017a, panika i dezinformacja<\/h3>\n\n\n\n<p>Przyk\u0142ady z ostatnich lat, takie jak pow\u00f3d\u017a b\u0142yskawiczna w Hiszpanii i Polsce w 2024 roku, dobitnie pokazuj\u0105, jak dezinformacja staje si\u0119 cz\u0119\u015bci\u0105 ka\u017cdego kryzysu. W Hiszpanii, mieszka\u0144cy regionu Walencji oskar\u017cali w\u0142adze o zbyt p\u00f3\u017ane ostrze\u017cenia, a panika by\u0142a podsycana przez fa\u0142szywe teorie spiskowe. W mediach spo\u0142eczno\u015bciowych kr\u0105\u017cy\u0142y nieprawdziwe informacje o p\u0119kni\u0119ciu zapory, u\u017cyciu programu HAARP do wywo\u0142ania burzy czy celowym zniszczeniu zap\u00f3r wodnych. Ludzie, zamiast szuka\u0107 schronienia, pr\u00f3bowali ucieka\u0107 samochodami, co zwi\u0119kszy\u0142o liczb\u0119 ofiar.<\/p>\n\n\n\n<figure class=\"wp-block-image size-large\"><img fetchpriority=\"high\" decoding=\"async\" width=\"1024\" height=\"576\" src=\"https:\/\/socjolab.pl\/wp-content\/uploads\/2025\/08\/Rola-edukacji-medialnej-i-polityki-informacyjnej-w-budowaniu-odpornosci-miast-1024x576.jpg\" alt=\"\" class=\"wp-image-1963\" srcset=\"https:\/\/socjolab.pl\/wp-content\/uploads\/2025\/08\/Rola-edukacji-medialnej-i-polityki-informacyjnej-w-budowaniu-odpornosci-miast-1024x576.jpg 1024w, https:\/\/socjolab.pl\/wp-content\/uploads\/2025\/08\/Rola-edukacji-medialnej-i-polityki-informacyjnej-w-budowaniu-odpornosci-miast-300x169.jpg 300w, https:\/\/socjolab.pl\/wp-content\/uploads\/2025\/08\/Rola-edukacji-medialnej-i-polityki-informacyjnej-w-budowaniu-odpornosci-miast-768x432.jpg 768w, https:\/\/socjolab.pl\/wp-content\/uploads\/2025\/08\/Rola-edukacji-medialnej-i-polityki-informacyjnej-w-budowaniu-odpornosci-miast-1536x864.jpg 1536w, https:\/\/socjolab.pl\/wp-content\/uploads\/2025\/08\/Rola-edukacji-medialnej-i-polityki-informacyjnej-w-budowaniu-odpornosci-miast.jpg 1920w\" sizes=\"(max-width: 1024px) 100vw, 1024px\" \/><\/figure>\n\n\n\n<p>Podobna sytuacja mia\u0142a miejsce w Polsce, gdzie podczas powodzi w 2024 roku zaobserwowano 300% wzrost aktywno\u015bci dezinformacyjnej. Fa\u0142szywe komunikaty o wysadzaniu wa\u0142\u00f3w przeciwpowodziowych, zmanipulowane nagrania katastrof z innych kraj\u00f3w i oszustwa na zbi\u00f3rkach charytatywnych mia\u0142y na celu wywo\u0142anie paniki i podwa\u017cenie zaufania do instytucji pa\u0144stwowych. W tych krytycznych momentach kluczow\u0105 rol\u0119 odegra\u0142a natychmiastowa reakcja rz\u0105du i s\u0142u\u017cb, kt\u00f3re dementowa\u0142y fa\u0142szywe doniesienia. Te przyk\u0142ady potwierdzaj\u0105, \u017ce w walce z kryzysem informacja jest r\u00f3wnie wa\u017cna, co worki z piaskiem.<\/p>\n\n\n\n<h3 class=\"wp-block-heading\">Edukacja medialna jako szczepionka na fake newsy<\/h3>\n\n\n\n<p>W obliczu tak pot\u0119\u017cnego zagro\u017cenia, jak\u0105 jest dezinformacja, jedyn\u0105 skuteczn\u0105 i trwa\u0142\u0105 obron\u0105 jest <strong>edukacja medialna<\/strong>. Nie jest to tylko przedmiot w szkole, ale proces ci\u0105g\u0142y i d\u0142ugofalowy, kt\u00f3ry obejmuje ca\u0142e \u017cycie. Jego celem jest wyposa\u017cenie spo\u0142ecze\u0144stwa w kompetencje pozwalaj\u0105ce na krytyczne my\u015blenie, umiej\u0119tne korzystanie z medi\u00f3w i rozumienie ich mechanizm\u00f3w.<\/p>\n\n\n\n<figure class=\"wp-block-image size-large\"><img decoding=\"async\" width=\"1024\" height=\"576\" src=\"https:\/\/socjolab.pl\/wp-content\/uploads\/2025\/08\/Rola-edukacji-medialnej-i-polityki-informacyjnej-w-budowaniu-odpornosci-miast-1-1024x576.jpg\" alt=\"\" class=\"wp-image-1964\" srcset=\"https:\/\/socjolab.pl\/wp-content\/uploads\/2025\/08\/Rola-edukacji-medialnej-i-polityki-informacyjnej-w-budowaniu-odpornosci-miast-1-1024x576.jpg 1024w, https:\/\/socjolab.pl\/wp-content\/uploads\/2025\/08\/Rola-edukacji-medialnej-i-polityki-informacyjnej-w-budowaniu-odpornosci-miast-1-300x169.jpg 300w, https:\/\/socjolab.pl\/wp-content\/uploads\/2025\/08\/Rola-edukacji-medialnej-i-polityki-informacyjnej-w-budowaniu-odpornosci-miast-1-768x432.jpg 768w, https:\/\/socjolab.pl\/wp-content\/uploads\/2025\/08\/Rola-edukacji-medialnej-i-polityki-informacyjnej-w-budowaniu-odpornosci-miast-1-1536x864.jpg 1536w, https:\/\/socjolab.pl\/wp-content\/uploads\/2025\/08\/Rola-edukacji-medialnej-i-polityki-informacyjnej-w-budowaniu-odpornosci-miast-1.jpg 1920w\" sizes=\"(max-width: 1024px) 100vw, 1024px\" \/><\/figure>\n\n\n\n<p>Cho\u0107 telewizja i portale internetowe wci\u0105\u017c pozostaj\u0105 g\u0142\u00f3wnymi \u017ar\u00f3d\u0142ami informacji dla Polak\u00f3w, media spo\u0142eczno\u015bciowe dynamicznie zyskuj\u0105 na znaczeniu. To tam, wed\u0142ug bada\u0144, najcz\u0119\u015bciej spotykamy si\u0119 z fake newsami, kt\u00f3re s\u0105 tworzone w celach manipulacji opini\u0105 publiczn\u0105, wywo\u0142ywania paniki czy realizacji cel\u00f3w politycznych.<\/p>\n\n\n\n<h3 class=\"wp-block-heading\">Jak budowa\u0107 odporno\u015b\u0107? Strategie na przysz\u0142o\u015b\u0107<\/h3>\n\n\n\n<p>Aby miasto by\u0142o odporne na kryzysy, konieczna jest <strong>skoordynowana polityka informacyjna<\/strong>, kt\u00f3ra wzmocni edukacj\u0119 medialn\u0105 na wszystkich poziomach. Oto kluczowe strategie:<\/p>\n\n\n\n<ol start=\"1\" class=\"wp-block-list\">\n<li><strong>Integracja z systemem edukacji:<\/strong> Wprowadzenie edukacji medialnej do podstawy programowej szk\u00f3\u0142, by od najm\u0142odszych lat uczy\u0107 weryfikacji \u017ar\u00f3de\u0142 i krytycznego my\u015blenia.<\/li>\n\n\n\n<li><strong>Szkolenia dla doros\u0142ych:<\/strong> Organizowanie warsztat\u00f3w dla doros\u0142ych i senior\u00f3w, kt\u00f3re pomog\u0105 im rozpoznawa\u0107 dezinformacj\u0119 i bezpiecznie porusza\u0107 si\u0119 w cyfrowym \u015bwiecie.<\/li>\n\n\n\n<li><strong>Wsparcie dla fakt-checker\u00f3w:<\/strong> Promowanie i finansowanie niezale\u017cnych serwis\u00f3w do sprawdzania fakt\u00f3w, kt\u00f3re odgrywaj\u0105 kluczow\u0105 rol\u0119 w dementowaniu fa\u0142szywych informacji.<\/li>\n\n\n\n<li><strong>Kampanie spo\u0142eczne:<\/strong> Prowadzenie kampanii edukacyjnych, kt\u00f3re u\u015bwiadamiaj\u0105 obywatelom zagro\u017cenia p\u0142yn\u0105ce z dezinformacji i promuj\u0105 nawyki weryfikowania informacji.<\/li>\n\n\n\n<li><strong>Wsp\u00f3\u0142praca instytucjonalna:<\/strong> Tworzenie zespo\u0142\u00f3w ds. walki z dezinformacj\u0105 w ramach instytucji publicznych i samorz\u0105dowych, kt\u00f3re b\u0119d\u0105 reagowa\u0107 na zagro\u017cenia w czasie rzeczywistym.<\/li>\n<\/ol>\n\n\n\n<p>Warto pami\u0119ta\u0107, \u017ce odporno\u015b\u0107 miasta to nie tylko solidna infrastruktura, ale przede wszystkim \u015bwiadome i krytycznie my\u015bl\u0105ce spo\u0142ecze\u0144stwo. W erze, w kt\u00f3rej dezinformacja jest r\u00f3wnie niebezpieczna jak kataklizm, edukacja medialna staje si\u0119 tarcz\u0105, kt\u00f3ra chroni nas przed chaosem i pozwala na wsp\u00f3lne, skuteczne dzia\u0142anie w obliczu zagro\u017cenia.<\/p>\n\n\n\n<p>Niniejszy materia\u0142 stanowi streszczenie artyku\u0142u naukowego, kt\u00f3ry zosta\u0142 opublikowany w monografii pokonferencyjnej pod tytu\u0142em <strong>\u201eOdporno\u015b\u0107 miast na kryzysy i zagro\u017cenia\u201d<\/strong>, Tom I. Wydawc\u0105 publikacji jest <a href=\"https:\/\/sklep.presscom.pl\/\">Presscom Sp. z o.o.<\/a><\/p>\n\n\n\n<p><em>Niniejszy materia\u0142 stanowi streszczenie artyku\u0142u naukowego, kt\u00f3ry zosta\u0142 opublikowany w monografii pokonferencyjnej pod tytu\u0142em <strong>\u201eOdporno\u015b\u0107 miast na kryzysy i zagro\u017cenia\u201d<\/strong>, Tom I. Wydawc\u0105 publikacji jest Presscom Sp. z o.o.<\/em><\/p>\n","protected":false},"excerpt":{"rendered":"<p>Jak edukacja medialna buduje odporno\u015b\u0107 miast? W obliczu rosn\u0105cej liczby kryzys\u00f3w i katastrof, od nag\u0142ych zjawisk pogodowych po zagro\u017cenia geopolityczne, kluczowe staje si\u0119 pytanie, jak&hellip;&nbsp;<a href=\"https:\/\/socjolab.pl\/?p=1962\" class=\"\" rel=\"bookmark\">Dowiedz si\u0119 wi\u0119cej &raquo;<span class=\"screen-reader-text\">Media w dobie kryzysu?<\/span><\/a><\/p>\n","protected":false},"author":1,"featured_media":1965,"comment_status":"open","ping_status":"open","sticky":false,"template":"","format":"standard","meta":{"neve_meta_sidebar":"","neve_meta_container":"","neve_meta_enable_content_width":"","neve_meta_content_width":0,"neve_meta_title_alignment":"","neve_meta_author_avatar":"","neve_post_elements_order":"","neve_meta_disable_header":"","neve_meta_disable_footer":"","neve_meta_disable_title":"","footnotes":""},"categories":[12],"tags":[72,71,70,6],"class_list":["post-1962","post","type-post","status-publish","format-standard","has-post-thumbnail","hentry","category-wiedza","tag-odpornosc-miast","tag-rezyliencja","tag-urban-resilience","tag-wiedza"],"yoast_head":"<!-- This site is optimized with the Yoast SEO plugin v26.8 - https:\/\/yoast.com\/product\/yoast-seo-wordpress\/ -->\n<title>Media w dobie kryzysu? - SOCJOLAB<\/title>\n<meta name=\"description\" content=\"Edukacja medialna i przemy\u015blana polityka informacyjna stanowi\u0105 fundament, na kt\u00f3rym mo\u017cna budowa\u0107 silne, \u015bwiadome i odporne spo\u0142ecze\u0144stwo.\" \/>\n<meta name=\"robots\" content=\"index, follow, max-snippet:-1, max-image-preview:large, max-video-preview:-1\" \/>\n<link rel=\"canonical\" href=\"https:\/\/socjolab.pl\/?p=1962\" \/>\n<meta property=\"og:locale\" content=\"pl_PL\" \/>\n<meta property=\"og:type\" content=\"article\" \/>\n<meta property=\"og:title\" content=\"Media w dobie kryzysu? - SOCJOLAB\" \/>\n<meta property=\"og:description\" content=\"Edukacja medialna i przemy\u015blana polityka informacyjna stanowi\u0105 fundament, na kt\u00f3rym mo\u017cna budowa\u0107 silne, \u015bwiadome i odporne spo\u0142ecze\u0144stwo.\" \/>\n<meta property=\"og:url\" content=\"https:\/\/socjolab.pl\/?p=1962\" \/>\n<meta property=\"og:site_name\" content=\"SOCJOLAB\" \/>\n<meta property=\"article:published_time\" content=\"2025-06-06T08:29:22+00:00\" \/>\n<meta property=\"article:modified_time\" content=\"2025-08-07T08:41:23+00:00\" \/>\n<meta property=\"og:image\" content=\"https:\/\/socjolab.pl\/wp-content\/uploads\/2025\/08\/Laboratorium-spoleczne-5.jpg\" \/>\n\t<meta property=\"og:image:width\" content=\"1920\" \/>\n\t<meta property=\"og:image:height\" content=\"1080\" \/>\n\t<meta property=\"og:image:type\" content=\"image\/jpeg\" \/>\n<meta name=\"author\" content=\"admin\" \/>\n<meta name=\"twitter:card\" content=\"summary_large_image\" \/>\n<meta name=\"twitter:label1\" content=\"Napisane przez\" \/>\n\t<meta name=\"twitter:data1\" content=\"admin\" \/>\n\t<meta name=\"twitter:label2\" content=\"Szacowany czas czytania\" \/>\n\t<meta name=\"twitter:data2\" content=\"5 minut\" \/>\n<script type=\"application\/ld+json\" class=\"yoast-schema-graph\">{\"@context\":\"https:\/\/schema.org\",\"@graph\":[{\"@type\":\"Article\",\"@id\":\"https:\/\/socjolab.pl\/?p=1962#article\",\"isPartOf\":{\"@id\":\"https:\/\/socjolab.pl\/?p=1962\"},\"author\":{\"name\":\"admin\",\"@id\":\"https:\/\/socjolab.pl\/#\/schema\/person\/fe6eb68d8df4a70ddc05510de89286c4\"},\"headline\":\"Media w dobie kryzysu?\",\"datePublished\":\"2025-06-06T08:29:22+00:00\",\"dateModified\":\"2025-08-07T08:41:23+00:00\",\"mainEntityOfPage\":{\"@id\":\"https:\/\/socjolab.pl\/?p=1962\"},\"wordCount\":884,\"commentCount\":0,\"publisher\":{\"@id\":\"https:\/\/socjolab.pl\/#organization\"},\"image\":{\"@id\":\"https:\/\/socjolab.pl\/?p=1962#primaryimage\"},\"thumbnailUrl\":\"https:\/\/socjolab.pl\/wp-content\/uploads\/2025\/08\/Laboratorium-spoleczne-5.jpg\",\"keywords\":[\"odporno\u015b\u0107 miast\",\"rezyliencja\",\"urban resilience\",\"wiedza\"],\"articleSection\":[\"wiedza\"],\"inLanguage\":\"pl-PL\",\"potentialAction\":[{\"@type\":\"CommentAction\",\"name\":\"Comment\",\"target\":[\"https:\/\/socjolab.pl\/?p=1962#respond\"]}]},{\"@type\":\"WebPage\",\"@id\":\"https:\/\/socjolab.pl\/?p=1962\",\"url\":\"https:\/\/socjolab.pl\/?p=1962\",\"name\":\"Media w dobie kryzysu? - SOCJOLAB\",\"isPartOf\":{\"@id\":\"https:\/\/socjolab.pl\/#website\"},\"primaryImageOfPage\":{\"@id\":\"https:\/\/socjolab.pl\/?p=1962#primaryimage\"},\"image\":{\"@id\":\"https:\/\/socjolab.pl\/?p=1962#primaryimage\"},\"thumbnailUrl\":\"https:\/\/socjolab.pl\/wp-content\/uploads\/2025\/08\/Laboratorium-spoleczne-5.jpg\",\"datePublished\":\"2025-06-06T08:29:22+00:00\",\"dateModified\":\"2025-08-07T08:41:23+00:00\",\"description\":\"Edukacja medialna i przemy\u015blana polityka informacyjna stanowi\u0105 fundament, na kt\u00f3rym mo\u017cna budowa\u0107 silne, \u015bwiadome i odporne spo\u0142ecze\u0144stwo.\",\"breadcrumb\":{\"@id\":\"https:\/\/socjolab.pl\/?p=1962#breadcrumb\"},\"inLanguage\":\"pl-PL\",\"potentialAction\":[{\"@type\":\"ReadAction\",\"target\":[\"https:\/\/socjolab.pl\/?p=1962\"]}]},{\"@type\":\"ImageObject\",\"inLanguage\":\"pl-PL\",\"@id\":\"https:\/\/socjolab.pl\/?p=1962#primaryimage\",\"url\":\"https:\/\/socjolab.pl\/wp-content\/uploads\/2025\/08\/Laboratorium-spoleczne-5.jpg\",\"contentUrl\":\"https:\/\/socjolab.pl\/wp-content\/uploads\/2025\/08\/Laboratorium-spoleczne-5.jpg\",\"width\":1920,\"height\":1080,\"caption\":\"odpornosc miast\"},{\"@type\":\"BreadcrumbList\",\"@id\":\"https:\/\/socjolab.pl\/?p=1962#breadcrumb\",\"itemListElement\":[{\"@type\":\"ListItem\",\"position\":1,\"name\":\"Strona g\u0142\u00f3wna\",\"item\":\"https:\/\/socjolab.pl\/\"},{\"@type\":\"ListItem\",\"position\":2,\"name\":\"Media w dobie kryzysu?\"}]},{\"@type\":\"WebSite\",\"@id\":\"https:\/\/socjolab.pl\/#website\",\"url\":\"https:\/\/socjolab.pl\/\",\"name\":\"SOCJOLAB\",\"description\":\"szkolenia, doradztwo\",\"publisher\":{\"@id\":\"https:\/\/socjolab.pl\/#organization\"},\"potentialAction\":[{\"@type\":\"SearchAction\",\"target\":{\"@type\":\"EntryPoint\",\"urlTemplate\":\"https:\/\/socjolab.pl\/?s={search_term_string}\"},\"query-input\":{\"@type\":\"PropertyValueSpecification\",\"valueRequired\":true,\"valueName\":\"search_term_string\"}}],\"inLanguage\":\"pl-PL\"},{\"@type\":\"Organization\",\"@id\":\"https:\/\/socjolab.pl\/#organization\",\"name\":\"CENTRUM SZKOLENIOWE\",\"url\":\"https:\/\/socjolab.pl\/\",\"logo\":{\"@type\":\"ImageObject\",\"inLanguage\":\"pl-PL\",\"@id\":\"https:\/\/socjolab.pl\/#\/schema\/logo\/image\/\",\"url\":\"https:\/\/socjolab.pl\/wp-content\/uploads\/2024\/03\/Bezowy-Pomaranczowy-Niebieski-i-Zielony-Nieregularne-Bazgroly-Zestaw-do-Swietowania-dla-Firmy-Post-na-Facebooka.jpg\",\"contentUrl\":\"https:\/\/socjolab.pl\/wp-content\/uploads\/2024\/03\/Bezowy-Pomaranczowy-Niebieski-i-Zielony-Nieregularne-Bazgroly-Zestaw-do-Swietowania-dla-Firmy-Post-na-Facebooka.jpg\",\"width\":940,\"height\":788,\"caption\":\"CENTRUM SZKOLENIOWE\"},\"image\":{\"@id\":\"https:\/\/socjolab.pl\/#\/schema\/logo\/image\/\"}},{\"@type\":\"Person\",\"@id\":\"https:\/\/socjolab.pl\/#\/schema\/person\/fe6eb68d8df4a70ddc05510de89286c4\",\"name\":\"admin\",\"image\":{\"@type\":\"ImageObject\",\"inLanguage\":\"pl-PL\",\"@id\":\"https:\/\/socjolab.pl\/#\/schema\/person\/image\/\",\"url\":\"https:\/\/secure.gravatar.com\/avatar\/1a6fbe7312a100f8cf31e6944992876bdc9944a2b29107ef260fd2aa72a26376?s=96&d=mm&r=g\",\"contentUrl\":\"https:\/\/secure.gravatar.com\/avatar\/1a6fbe7312a100f8cf31e6944992876bdc9944a2b29107ef260fd2aa72a26376?s=96&d=mm&r=g\",\"caption\":\"admin\"},\"sameAs\":[\"http:\/\/socjolab.pl\"],\"url\":\"https:\/\/socjolab.pl\/?author=1\"}]}<\/script>\n<!-- \/ Yoast SEO plugin. -->","yoast_head_json":{"title":"Media w dobie kryzysu? - SOCJOLAB","description":"Edukacja medialna i przemy\u015blana polityka informacyjna stanowi\u0105 fundament, na kt\u00f3rym mo\u017cna budowa\u0107 silne, \u015bwiadome i odporne spo\u0142ecze\u0144stwo.","robots":{"index":"index","follow":"follow","max-snippet":"max-snippet:-1","max-image-preview":"max-image-preview:large","max-video-preview":"max-video-preview:-1"},"canonical":"https:\/\/socjolab.pl\/?p=1962","og_locale":"pl_PL","og_type":"article","og_title":"Media w dobie kryzysu? - SOCJOLAB","og_description":"Edukacja medialna i przemy\u015blana polityka informacyjna stanowi\u0105 fundament, na kt\u00f3rym mo\u017cna budowa\u0107 silne, \u015bwiadome i odporne spo\u0142ecze\u0144stwo.","og_url":"https:\/\/socjolab.pl\/?p=1962","og_site_name":"SOCJOLAB","article_published_time":"2025-06-06T08:29:22+00:00","article_modified_time":"2025-08-07T08:41:23+00:00","og_image":[{"width":1920,"height":1080,"url":"https:\/\/socjolab.pl\/wp-content\/uploads\/2025\/08\/Laboratorium-spoleczne-5.jpg","type":"image\/jpeg"}],"author":"admin","twitter_card":"summary_large_image","twitter_misc":{"Napisane przez":"admin","Szacowany czas czytania":"5 minut"},"schema":{"@context":"https:\/\/schema.org","@graph":[{"@type":"Article","@id":"https:\/\/socjolab.pl\/?p=1962#article","isPartOf":{"@id":"https:\/\/socjolab.pl\/?p=1962"},"author":{"name":"admin","@id":"https:\/\/socjolab.pl\/#\/schema\/person\/fe6eb68d8df4a70ddc05510de89286c4"},"headline":"Media w dobie kryzysu?","datePublished":"2025-06-06T08:29:22+00:00","dateModified":"2025-08-07T08:41:23+00:00","mainEntityOfPage":{"@id":"https:\/\/socjolab.pl\/?p=1962"},"wordCount":884,"commentCount":0,"publisher":{"@id":"https:\/\/socjolab.pl\/#organization"},"image":{"@id":"https:\/\/socjolab.pl\/?p=1962#primaryimage"},"thumbnailUrl":"https:\/\/socjolab.pl\/wp-content\/uploads\/2025\/08\/Laboratorium-spoleczne-5.jpg","keywords":["odporno\u015b\u0107 miast","rezyliencja","urban resilience","wiedza"],"articleSection":["wiedza"],"inLanguage":"pl-PL","potentialAction":[{"@type":"CommentAction","name":"Comment","target":["https:\/\/socjolab.pl\/?p=1962#respond"]}]},{"@type":"WebPage","@id":"https:\/\/socjolab.pl\/?p=1962","url":"https:\/\/socjolab.pl\/?p=1962","name":"Media w dobie kryzysu? - SOCJOLAB","isPartOf":{"@id":"https:\/\/socjolab.pl\/#website"},"primaryImageOfPage":{"@id":"https:\/\/socjolab.pl\/?p=1962#primaryimage"},"image":{"@id":"https:\/\/socjolab.pl\/?p=1962#primaryimage"},"thumbnailUrl":"https:\/\/socjolab.pl\/wp-content\/uploads\/2025\/08\/Laboratorium-spoleczne-5.jpg","datePublished":"2025-06-06T08:29:22+00:00","dateModified":"2025-08-07T08:41:23+00:00","description":"Edukacja medialna i przemy\u015blana polityka informacyjna stanowi\u0105 fundament, na kt\u00f3rym mo\u017cna budowa\u0107 silne, \u015bwiadome i odporne spo\u0142ecze\u0144stwo.","breadcrumb":{"@id":"https:\/\/socjolab.pl\/?p=1962#breadcrumb"},"inLanguage":"pl-PL","potentialAction":[{"@type":"ReadAction","target":["https:\/\/socjolab.pl\/?p=1962"]}]},{"@type":"ImageObject","inLanguage":"pl-PL","@id":"https:\/\/socjolab.pl\/?p=1962#primaryimage","url":"https:\/\/socjolab.pl\/wp-content\/uploads\/2025\/08\/Laboratorium-spoleczne-5.jpg","contentUrl":"https:\/\/socjolab.pl\/wp-content\/uploads\/2025\/08\/Laboratorium-spoleczne-5.jpg","width":1920,"height":1080,"caption":"odpornosc miast"},{"@type":"BreadcrumbList","@id":"https:\/\/socjolab.pl\/?p=1962#breadcrumb","itemListElement":[{"@type":"ListItem","position":1,"name":"Strona g\u0142\u00f3wna","item":"https:\/\/socjolab.pl\/"},{"@type":"ListItem","position":2,"name":"Media w dobie kryzysu?"}]},{"@type":"WebSite","@id":"https:\/\/socjolab.pl\/#website","url":"https:\/\/socjolab.pl\/","name":"SOCJOLAB","description":"szkolenia, doradztwo","publisher":{"@id":"https:\/\/socjolab.pl\/#organization"},"potentialAction":[{"@type":"SearchAction","target":{"@type":"EntryPoint","urlTemplate":"https:\/\/socjolab.pl\/?s={search_term_string}"},"query-input":{"@type":"PropertyValueSpecification","valueRequired":true,"valueName":"search_term_string"}}],"inLanguage":"pl-PL"},{"@type":"Organization","@id":"https:\/\/socjolab.pl\/#organization","name":"CENTRUM SZKOLENIOWE","url":"https:\/\/socjolab.pl\/","logo":{"@type":"ImageObject","inLanguage":"pl-PL","@id":"https:\/\/socjolab.pl\/#\/schema\/logo\/image\/","url":"https:\/\/socjolab.pl\/wp-content\/uploads\/2024\/03\/Bezowy-Pomaranczowy-Niebieski-i-Zielony-Nieregularne-Bazgroly-Zestaw-do-Swietowania-dla-Firmy-Post-na-Facebooka.jpg","contentUrl":"https:\/\/socjolab.pl\/wp-content\/uploads\/2024\/03\/Bezowy-Pomaranczowy-Niebieski-i-Zielony-Nieregularne-Bazgroly-Zestaw-do-Swietowania-dla-Firmy-Post-na-Facebooka.jpg","width":940,"height":788,"caption":"CENTRUM SZKOLENIOWE"},"image":{"@id":"https:\/\/socjolab.pl\/#\/schema\/logo\/image\/"}},{"@type":"Person","@id":"https:\/\/socjolab.pl\/#\/schema\/person\/fe6eb68d8df4a70ddc05510de89286c4","name":"admin","image":{"@type":"ImageObject","inLanguage":"pl-PL","@id":"https:\/\/socjolab.pl\/#\/schema\/person\/image\/","url":"https:\/\/secure.gravatar.com\/avatar\/1a6fbe7312a100f8cf31e6944992876bdc9944a2b29107ef260fd2aa72a26376?s=96&d=mm&r=g","contentUrl":"https:\/\/secure.gravatar.com\/avatar\/1a6fbe7312a100f8cf31e6944992876bdc9944a2b29107ef260fd2aa72a26376?s=96&d=mm&r=g","caption":"admin"},"sameAs":["http:\/\/socjolab.pl"],"url":"https:\/\/socjolab.pl\/?author=1"}]}},"_links":{"self":[{"href":"https:\/\/socjolab.pl\/index.php?rest_route=\/wp\/v2\/posts\/1962","targetHints":{"allow":["GET"]}}],"collection":[{"href":"https:\/\/socjolab.pl\/index.php?rest_route=\/wp\/v2\/posts"}],"about":[{"href":"https:\/\/socjolab.pl\/index.php?rest_route=\/wp\/v2\/types\/post"}],"author":[{"embeddable":true,"href":"https:\/\/socjolab.pl\/index.php?rest_route=\/wp\/v2\/users\/1"}],"replies":[{"embeddable":true,"href":"https:\/\/socjolab.pl\/index.php?rest_route=%2Fwp%2Fv2%2Fcomments&post=1962"}],"version-history":[{"count":1,"href":"https:\/\/socjolab.pl\/index.php?rest_route=\/wp\/v2\/posts\/1962\/revisions"}],"predecessor-version":[{"id":1966,"href":"https:\/\/socjolab.pl\/index.php?rest_route=\/wp\/v2\/posts\/1962\/revisions\/1966"}],"wp:featuredmedia":[{"embeddable":true,"href":"https:\/\/socjolab.pl\/index.php?rest_route=\/wp\/v2\/media\/1965"}],"wp:attachment":[{"href":"https:\/\/socjolab.pl\/index.php?rest_route=%2Fwp%2Fv2%2Fmedia&parent=1962"}],"wp:term":[{"taxonomy":"category","embeddable":true,"href":"https:\/\/socjolab.pl\/index.php?rest_route=%2Fwp%2Fv2%2Fcategories&post=1962"},{"taxonomy":"post_tag","embeddable":true,"href":"https:\/\/socjolab.pl\/index.php?rest_route=%2Fwp%2Fv2%2Ftags&post=1962"}],"curies":[{"name":"wp","href":"https:\/\/api.w.org\/{rel}","templated":true}]}}