{"id":1950,"date":"2025-05-09T12:04:00","date_gmt":"2025-05-09T10:04:00","guid":{"rendered":"https:\/\/socjolab.pl\/?p=1950"},"modified":"2025-08-07T10:27:45","modified_gmt":"2025-08-07T08:27:45","slug":"no-to-kiedy-szkolenie","status":"publish","type":"post","link":"https:\/\/socjolab.pl\/?p=1950","title":{"rendered":"No to kiedy szkolenie?"},"content":{"rendered":"\n<p>Lato to czas, kt\u00f3ry wi\u0119kszo\u015bci z nas kojarzy si\u0119 z urlopami, mniejszym nat\u0119\u017ceniem obowi\u0105zk\u00f3w i spokojniejszym tempem pracy. Z perspektywy organizacyjnej cz\u0119sto traktowany jest jako \u201emartwy sezon\u201d na dzia\u0142ania rozwojowe. Czy jednak s\u0142usznie? Coraz wi\u0119cej firm dostrzega, \u017ce w\u0142a\u015bnie wakacje i wczesna jesie\u0144 to dobry moment na realizacj\u0119 <strong><a href=\"https:\/\/socjolab.pl\/?page_id=21\">szkole\u0144 zamkni\u0119tych<\/a><\/strong> dla pracownik\u00f3w.<\/p>\n\n\n\n<h3 class=\"wp-block-heading\">1. <strong>Wi\u0119ksza dost\u0119pno\u015b\u0107 uczestnik\u00f3w<\/strong><\/h3>\n\n\n\n<p>W okresie wakacyjnym wiele zespo\u0142\u00f3w pracuje w zmniejszonym sk\u0142adzie, ale jednocze\u015bnie pojawia si\u0119 wi\u0119cej \u201eokienek czasowych\u201d, kt\u00f3re mo\u017cna efektywnie wykorzysta\u0107 na szkolenie. W mniejszych grupach \u0142atwiej jest zorganizowa\u0107 sesje rozwojowe dopasowane do realnych potrzeb uczestnik\u00f3w.<\/p>\n\n\n\n<h3 class=\"wp-block-heading\">2. <strong>Mniejszy nat\u0142ok codziennych obowi\u0105zk\u00f3w<\/strong><\/h3>\n\n\n\n<p>Letni spadek dynamiki dzia\u0142a\u0144 operacyjnych mo\u017ce by\u0107 sprzymierze\u0144cem \u2013 pozwala pracownikom oderwa\u0107 si\u0119 od bie\u017c\u0105cych zada\u0144 i skupi\u0107 na rozwoju kompetencji. Dotyczy to zw\u0142aszcza szkole\u0144 wymagaj\u0105cych refleksji, pracy warsztatowej czy przemy\u015ble\u0144 nad usprawnieniami w organizacji.<\/p>\n\n\n\n<h3 class=\"wp-block-heading\">3. <strong>Dobre przygotowanie na intensywny IV kwarta\u0142<\/strong><\/h3>\n\n\n\n<p>Szkolenia zaplanowane na prze\u0142om sierpnia i wrze\u015bnia pozwalaj\u0105 zyska\u0107 \u201eefekt \u015bwie\u017co\u015bci\u201d \u2013 uczestnicy wracaj\u0105 do pracy z nowymi pomys\u0142ami i narz\u0119dziami, gotowi do dzia\u0142ania w najbardziej wymagaj\u0105cym okresie roku. To tak\u017ce dobry moment na szkolenia z zakresu <strong>zarz\u0105dzania projektami, komunikacji w zespole czy wdra\u017cania zmian<\/strong>.<\/p>\n\n\n\n<h3 class=\"wp-block-heading\">4. <strong>Dostosowanie tre\u015bci do aktualnych wyzwa\u0144<\/strong><\/h3>\n\n\n\n<p>Szkolenia zamkni\u0119te, organizowane w formule \u201eszytej na miar\u0119\u201d, mog\u0105 by\u0107 \u015bci\u015ble powi\u0105zane z realnymi problemami organizacji. Okres wakacyjny sprzyja modyfikacjom i testom nowych rozwi\u0105za\u0144 \u2013 szczeg\u00f3lnie w jednostkach administracji publicznej, sektorze edukacji, czy firmach wdra\u017caj\u0105cych nowe procedury przed ko\u0144cem roku.<\/p>\n\n\n\n<hr class=\"wp-block-separator has-alpha-channel-opacity\"\/>\n\n\n\n<p><strong>Podsumowanie:<\/strong><br>Wakacje i pocz\u0105tek jesieni to dobry moment, by zainwestowa\u0107 w rozw\u00f3j zespo\u0142u \u2013 szczeg\u00f3lnie je\u015bli zale\u017cy nam na kameralnej atmosferze, elastycznym podej\u015bciu i dopasowaniu tre\u015bci do bie\u017c\u0105cych potrzeb. Szkolenia zamkni\u0119te w tym czasie mog\u0105 okaza\u0107 si\u0119 bardziej efektywne ni\u017c te realizowane w \u015brodku roku \u2013 zar\u00f3wno pod wzgl\u0119dem frekwencji, jak i jako\u015bci pracy grupy.<\/p>\n","protected":false},"excerpt":{"rendered":"<p>Lato to czas, kt\u00f3ry wi\u0119kszo\u015bci z nas kojarzy si\u0119 z urlopami, mniejszym nat\u0119\u017ceniem obowi\u0105zk\u00f3w i spokojniejszym tempem pracy. Z perspektywy organizacyjnej cz\u0119sto traktowany jest jako&hellip;&nbsp;<a href=\"https:\/\/socjolab.pl\/?p=1950\" class=\"\" rel=\"bookmark\">Dowiedz si\u0119 wi\u0119cej &raquo;<span class=\"screen-reader-text\">No to kiedy szkolenie?<\/span><\/a><\/p>\n","protected":false},"author":1,"featured_media":1951,"comment_status":"open","ping_status":"open","sticky":false,"template":"","format":"standard","meta":{"neve_meta_sidebar":"","neve_meta_container":"","neve_meta_enable_content_width":"","neve_meta_content_width":0,"neve_meta_title_alignment":"","neve_meta_author_avatar":"","neve_post_elements_order":"","neve_meta_disable_header":"","neve_meta_disable_footer":"","neve_meta_disable_title":"","footnotes":""},"categories":[50],"tags":[28,16,6],"class_list":["post-1950","post","type-post","status-publish","format-standard","has-post-thumbnail","hentry","category-informacja","tag-hr","tag-szkolenie","tag-wiedza"],"yoast_head":"<!-- This site is optimized with the Yoast SEO plugin v26.8 - https:\/\/yoast.com\/product\/yoast-seo-wordpress\/ -->\n<title>No to kiedy szkolenie? - SOCJOLAB<\/title>\n<meta name=\"robots\" content=\"index, follow, max-snippet:-1, max-image-preview:large, max-video-preview:-1\" \/>\n<link rel=\"canonical\" href=\"https:\/\/socjolab.pl\/?p=1950\" \/>\n<meta property=\"og:locale\" content=\"pl_PL\" \/>\n<meta property=\"og:type\" content=\"article\" \/>\n<meta property=\"og:title\" content=\"No to kiedy szkolenie? - SOCJOLAB\" \/>\n<meta property=\"og:description\" content=\"Lato to czas, kt\u00f3ry wi\u0119kszo\u015bci z nas kojarzy si\u0119 z urlopami, mniejszym nat\u0119\u017ceniem obowi\u0105zk\u00f3w i spokojniejszym tempem pracy. Z perspektywy organizacyjnej cz\u0119sto traktowany jest jako&hellip;&nbsp;Dowiedz si\u0119 wi\u0119cej &raquo;No to kiedy szkolenie?\" \/>\n<meta property=\"og:url\" content=\"https:\/\/socjolab.pl\/?p=1950\" \/>\n<meta property=\"og:site_name\" content=\"SOCJOLAB\" \/>\n<meta property=\"article:published_time\" content=\"2025-05-09T10:04:00+00:00\" \/>\n<meta property=\"article:modified_time\" content=\"2025-08-07T08:27:45+00:00\" \/>\n<meta property=\"og:image\" content=\"https:\/\/socjolab.pl\/wp-content\/uploads\/2025\/05\/Laboratorium-spoleczne-6.jpg\" \/>\n\t<meta property=\"og:image:width\" content=\"1920\" \/>\n\t<meta property=\"og:image:height\" content=\"1080\" \/>\n\t<meta property=\"og:image:type\" content=\"image\/jpeg\" \/>\n<meta name=\"author\" content=\"admin\" \/>\n<meta name=\"twitter:card\" content=\"summary_large_image\" \/>\n<meta name=\"twitter:label1\" content=\"Napisane przez\" \/>\n\t<meta name=\"twitter:data1\" content=\"admin\" \/>\n\t<meta name=\"twitter:label2\" content=\"Szacowany czas czytania\" \/>\n\t<meta name=\"twitter:data2\" content=\"2 minuty\" \/>\n<script type=\"application\/ld+json\" class=\"yoast-schema-graph\">{\"@context\":\"https:\/\/schema.org\",\"@graph\":[{\"@type\":\"Article\",\"@id\":\"https:\/\/socjolab.pl\/?p=1950#article\",\"isPartOf\":{\"@id\":\"https:\/\/socjolab.pl\/?p=1950\"},\"author\":{\"name\":\"admin\",\"@id\":\"https:\/\/socjolab.pl\/#\/schema\/person\/fe6eb68d8df4a70ddc05510de89286c4\"},\"headline\":\"No to kiedy szkolenie?\",\"datePublished\":\"2025-05-09T10:04:00+00:00\",\"dateModified\":\"2025-08-07T08:27:45+00:00\",\"mainEntityOfPage\":{\"@id\":\"https:\/\/socjolab.pl\/?p=1950\"},\"wordCount\":346,\"commentCount\":0,\"publisher\":{\"@id\":\"https:\/\/socjolab.pl\/#organization\"},\"image\":{\"@id\":\"https:\/\/socjolab.pl\/?p=1950#primaryimage\"},\"thumbnailUrl\":\"https:\/\/socjolab.pl\/wp-content\/uploads\/2025\/05\/Laboratorium-spoleczne-6.jpg\",\"keywords\":[\"HR\",\"szkolenie\",\"wiedza\"],\"articleSection\":[\"informacja\"],\"inLanguage\":\"pl-PL\",\"potentialAction\":[{\"@type\":\"CommentAction\",\"name\":\"Comment\",\"target\":[\"https:\/\/socjolab.pl\/?p=1950#respond\"]}]},{\"@type\":\"WebPage\",\"@id\":\"https:\/\/socjolab.pl\/?p=1950\",\"url\":\"https:\/\/socjolab.pl\/?p=1950\",\"name\":\"No to kiedy szkolenie? - SOCJOLAB\",\"isPartOf\":{\"@id\":\"https:\/\/socjolab.pl\/#website\"},\"primaryImageOfPage\":{\"@id\":\"https:\/\/socjolab.pl\/?p=1950#primaryimage\"},\"image\":{\"@id\":\"https:\/\/socjolab.pl\/?p=1950#primaryimage\"},\"thumbnailUrl\":\"https:\/\/socjolab.pl\/wp-content\/uploads\/2025\/05\/Laboratorium-spoleczne-6.jpg\",\"datePublished\":\"2025-05-09T10:04:00+00:00\",\"dateModified\":\"2025-08-07T08:27:45+00:00\",\"breadcrumb\":{\"@id\":\"https:\/\/socjolab.pl\/?p=1950#breadcrumb\"},\"inLanguage\":\"pl-PL\",\"potentialAction\":[{\"@type\":\"ReadAction\",\"target\":[\"https:\/\/socjolab.pl\/?p=1950\"]}]},{\"@type\":\"ImageObject\",\"inLanguage\":\"pl-PL\",\"@id\":\"https:\/\/socjolab.pl\/?p=1950#primaryimage\",\"url\":\"https:\/\/socjolab.pl\/wp-content\/uploads\/2025\/05\/Laboratorium-spoleczne-6.jpg\",\"contentUrl\":\"https:\/\/socjolab.pl\/wp-content\/uploads\/2025\/05\/Laboratorium-spoleczne-6.jpg\",\"width\":1920,\"height\":1080,\"caption\":\"socjolab szkolenia\"},{\"@type\":\"BreadcrumbList\",\"@id\":\"https:\/\/socjolab.pl\/?p=1950#breadcrumb\",\"itemListElement\":[{\"@type\":\"ListItem\",\"position\":1,\"name\":\"Strona g\u0142\u00f3wna\",\"item\":\"https:\/\/socjolab.pl\/\"},{\"@type\":\"ListItem\",\"position\":2,\"name\":\"No to kiedy szkolenie?\"}]},{\"@type\":\"WebSite\",\"@id\":\"https:\/\/socjolab.pl\/#website\",\"url\":\"https:\/\/socjolab.pl\/\",\"name\":\"SOCJOLAB\",\"description\":\"szkolenia, doradztwo\",\"publisher\":{\"@id\":\"https:\/\/socjolab.pl\/#organization\"},\"potentialAction\":[{\"@type\":\"SearchAction\",\"target\":{\"@type\":\"EntryPoint\",\"urlTemplate\":\"https:\/\/socjolab.pl\/?s={search_term_string}\"},\"query-input\":{\"@type\":\"PropertyValueSpecification\",\"valueRequired\":true,\"valueName\":\"search_term_string\"}}],\"inLanguage\":\"pl-PL\"},{\"@type\":\"Organization\",\"@id\":\"https:\/\/socjolab.pl\/#organization\",\"name\":\"CENTRUM SZKOLENIOWE\",\"url\":\"https:\/\/socjolab.pl\/\",\"logo\":{\"@type\":\"ImageObject\",\"inLanguage\":\"pl-PL\",\"@id\":\"https:\/\/socjolab.pl\/#\/schema\/logo\/image\/\",\"url\":\"https:\/\/socjolab.pl\/wp-content\/uploads\/2024\/03\/Bezowy-Pomaranczowy-Niebieski-i-Zielony-Nieregularne-Bazgroly-Zestaw-do-Swietowania-dla-Firmy-Post-na-Facebooka.jpg\",\"contentUrl\":\"https:\/\/socjolab.pl\/wp-content\/uploads\/2024\/03\/Bezowy-Pomaranczowy-Niebieski-i-Zielony-Nieregularne-Bazgroly-Zestaw-do-Swietowania-dla-Firmy-Post-na-Facebooka.jpg\",\"width\":940,\"height\":788,\"caption\":\"CENTRUM SZKOLENIOWE\"},\"image\":{\"@id\":\"https:\/\/socjolab.pl\/#\/schema\/logo\/image\/\"}},{\"@type\":\"Person\",\"@id\":\"https:\/\/socjolab.pl\/#\/schema\/person\/fe6eb68d8df4a70ddc05510de89286c4\",\"name\":\"admin\",\"image\":{\"@type\":\"ImageObject\",\"inLanguage\":\"pl-PL\",\"@id\":\"https:\/\/socjolab.pl\/#\/schema\/person\/image\/\",\"url\":\"https:\/\/secure.gravatar.com\/avatar\/1a6fbe7312a100f8cf31e6944992876bdc9944a2b29107ef260fd2aa72a26376?s=96&d=mm&r=g\",\"contentUrl\":\"https:\/\/secure.gravatar.com\/avatar\/1a6fbe7312a100f8cf31e6944992876bdc9944a2b29107ef260fd2aa72a26376?s=96&d=mm&r=g\",\"caption\":\"admin\"},\"sameAs\":[\"http:\/\/socjolab.pl\"],\"url\":\"https:\/\/socjolab.pl\/?author=1\"}]}<\/script>\n<!-- \/ Yoast SEO plugin. -->","yoast_head_json":{"title":"No to kiedy szkolenie? - SOCJOLAB","robots":{"index":"index","follow":"follow","max-snippet":"max-snippet:-1","max-image-preview":"max-image-preview:large","max-video-preview":"max-video-preview:-1"},"canonical":"https:\/\/socjolab.pl\/?p=1950","og_locale":"pl_PL","og_type":"article","og_title":"No to kiedy szkolenie? - SOCJOLAB","og_description":"Lato to czas, kt\u00f3ry wi\u0119kszo\u015bci z nas kojarzy si\u0119 z urlopami, mniejszym nat\u0119\u017ceniem obowi\u0105zk\u00f3w i spokojniejszym tempem pracy. Z perspektywy organizacyjnej cz\u0119sto traktowany jest jako&hellip;&nbsp;Dowiedz si\u0119 wi\u0119cej &raquo;No to kiedy szkolenie?","og_url":"https:\/\/socjolab.pl\/?p=1950","og_site_name":"SOCJOLAB","article_published_time":"2025-05-09T10:04:00+00:00","article_modified_time":"2025-08-07T08:27:45+00:00","og_image":[{"width":1920,"height":1080,"url":"https:\/\/socjolab.pl\/wp-content\/uploads\/2025\/05\/Laboratorium-spoleczne-6.jpg","type":"image\/jpeg"}],"author":"admin","twitter_card":"summary_large_image","twitter_misc":{"Napisane przez":"admin","Szacowany czas czytania":"2 minuty"},"schema":{"@context":"https:\/\/schema.org","@graph":[{"@type":"Article","@id":"https:\/\/socjolab.pl\/?p=1950#article","isPartOf":{"@id":"https:\/\/socjolab.pl\/?p=1950"},"author":{"name":"admin","@id":"https:\/\/socjolab.pl\/#\/schema\/person\/fe6eb68d8df4a70ddc05510de89286c4"},"headline":"No to kiedy szkolenie?","datePublished":"2025-05-09T10:04:00+00:00","dateModified":"2025-08-07T08:27:45+00:00","mainEntityOfPage":{"@id":"https:\/\/socjolab.pl\/?p=1950"},"wordCount":346,"commentCount":0,"publisher":{"@id":"https:\/\/socjolab.pl\/#organization"},"image":{"@id":"https:\/\/socjolab.pl\/?p=1950#primaryimage"},"thumbnailUrl":"https:\/\/socjolab.pl\/wp-content\/uploads\/2025\/05\/Laboratorium-spoleczne-6.jpg","keywords":["HR","szkolenie","wiedza"],"articleSection":["informacja"],"inLanguage":"pl-PL","potentialAction":[{"@type":"CommentAction","name":"Comment","target":["https:\/\/socjolab.pl\/?p=1950#respond"]}]},{"@type":"WebPage","@id":"https:\/\/socjolab.pl\/?p=1950","url":"https:\/\/socjolab.pl\/?p=1950","name":"No to kiedy szkolenie? - SOCJOLAB","isPartOf":{"@id":"https:\/\/socjolab.pl\/#website"},"primaryImageOfPage":{"@id":"https:\/\/socjolab.pl\/?p=1950#primaryimage"},"image":{"@id":"https:\/\/socjolab.pl\/?p=1950#primaryimage"},"thumbnailUrl":"https:\/\/socjolab.pl\/wp-content\/uploads\/2025\/05\/Laboratorium-spoleczne-6.jpg","datePublished":"2025-05-09T10:04:00+00:00","dateModified":"2025-08-07T08:27:45+00:00","breadcrumb":{"@id":"https:\/\/socjolab.pl\/?p=1950#breadcrumb"},"inLanguage":"pl-PL","potentialAction":[{"@type":"ReadAction","target":["https:\/\/socjolab.pl\/?p=1950"]}]},{"@type":"ImageObject","inLanguage":"pl-PL","@id":"https:\/\/socjolab.pl\/?p=1950#primaryimage","url":"https:\/\/socjolab.pl\/wp-content\/uploads\/2025\/05\/Laboratorium-spoleczne-6.jpg","contentUrl":"https:\/\/socjolab.pl\/wp-content\/uploads\/2025\/05\/Laboratorium-spoleczne-6.jpg","width":1920,"height":1080,"caption":"socjolab szkolenia"},{"@type":"BreadcrumbList","@id":"https:\/\/socjolab.pl\/?p=1950#breadcrumb","itemListElement":[{"@type":"ListItem","position":1,"name":"Strona g\u0142\u00f3wna","item":"https:\/\/socjolab.pl\/"},{"@type":"ListItem","position":2,"name":"No to kiedy szkolenie?"}]},{"@type":"WebSite","@id":"https:\/\/socjolab.pl\/#website","url":"https:\/\/socjolab.pl\/","name":"SOCJOLAB","description":"szkolenia, doradztwo","publisher":{"@id":"https:\/\/socjolab.pl\/#organization"},"potentialAction":[{"@type":"SearchAction","target":{"@type":"EntryPoint","urlTemplate":"https:\/\/socjolab.pl\/?s={search_term_string}"},"query-input":{"@type":"PropertyValueSpecification","valueRequired":true,"valueName":"search_term_string"}}],"inLanguage":"pl-PL"},{"@type":"Organization","@id":"https:\/\/socjolab.pl\/#organization","name":"CENTRUM SZKOLENIOWE","url":"https:\/\/socjolab.pl\/","logo":{"@type":"ImageObject","inLanguage":"pl-PL","@id":"https:\/\/socjolab.pl\/#\/schema\/logo\/image\/","url":"https:\/\/socjolab.pl\/wp-content\/uploads\/2024\/03\/Bezowy-Pomaranczowy-Niebieski-i-Zielony-Nieregularne-Bazgroly-Zestaw-do-Swietowania-dla-Firmy-Post-na-Facebooka.jpg","contentUrl":"https:\/\/socjolab.pl\/wp-content\/uploads\/2024\/03\/Bezowy-Pomaranczowy-Niebieski-i-Zielony-Nieregularne-Bazgroly-Zestaw-do-Swietowania-dla-Firmy-Post-na-Facebooka.jpg","width":940,"height":788,"caption":"CENTRUM SZKOLENIOWE"},"image":{"@id":"https:\/\/socjolab.pl\/#\/schema\/logo\/image\/"}},{"@type":"Person","@id":"https:\/\/socjolab.pl\/#\/schema\/person\/fe6eb68d8df4a70ddc05510de89286c4","name":"admin","image":{"@type":"ImageObject","inLanguage":"pl-PL","@id":"https:\/\/socjolab.pl\/#\/schema\/person\/image\/","url":"https:\/\/secure.gravatar.com\/avatar\/1a6fbe7312a100f8cf31e6944992876bdc9944a2b29107ef260fd2aa72a26376?s=96&d=mm&r=g","contentUrl":"https:\/\/secure.gravatar.com\/avatar\/1a6fbe7312a100f8cf31e6944992876bdc9944a2b29107ef260fd2aa72a26376?s=96&d=mm&r=g","caption":"admin"},"sameAs":["http:\/\/socjolab.pl"],"url":"https:\/\/socjolab.pl\/?author=1"}]}},"_links":{"self":[{"href":"https:\/\/socjolab.pl\/index.php?rest_route=\/wp\/v2\/posts\/1950","targetHints":{"allow":["GET"]}}],"collection":[{"href":"https:\/\/socjolab.pl\/index.php?rest_route=\/wp\/v2\/posts"}],"about":[{"href":"https:\/\/socjolab.pl\/index.php?rest_route=\/wp\/v2\/types\/post"}],"author":[{"embeddable":true,"href":"https:\/\/socjolab.pl\/index.php?rest_route=\/wp\/v2\/users\/1"}],"replies":[{"embeddable":true,"href":"https:\/\/socjolab.pl\/index.php?rest_route=%2Fwp%2Fv2%2Fcomments&post=1950"}],"version-history":[{"count":1,"href":"https:\/\/socjolab.pl\/index.php?rest_route=\/wp\/v2\/posts\/1950\/revisions"}],"predecessor-version":[{"id":1952,"href":"https:\/\/socjolab.pl\/index.php?rest_route=\/wp\/v2\/posts\/1950\/revisions\/1952"}],"wp:featuredmedia":[{"embeddable":true,"href":"https:\/\/socjolab.pl\/index.php?rest_route=\/wp\/v2\/media\/1951"}],"wp:attachment":[{"href":"https:\/\/socjolab.pl\/index.php?rest_route=%2Fwp%2Fv2%2Fmedia&parent=1950"}],"wp:term":[{"taxonomy":"category","embeddable":true,"href":"https:\/\/socjolab.pl\/index.php?rest_route=%2Fwp%2Fv2%2Fcategories&post=1950"},{"taxonomy":"post_tag","embeddable":true,"href":"https:\/\/socjolab.pl\/index.php?rest_route=%2Fwp%2Fv2%2Ftags&post=1950"}],"curies":[{"name":"wp","href":"https:\/\/api.w.org\/{rel}","templated":true}]}}