{"id":1947,"date":"2025-04-30T11:56:34","date_gmt":"2025-04-30T09:56:34","guid":{"rendered":"https:\/\/socjolab.pl\/?p=1947"},"modified":"2025-08-07T10:28:12","modified_gmt":"2025-08-07T08:28:12","slug":"esg-szkolenie","status":"publish","type":"post","link":"https:\/\/socjolab.pl\/?p=1947","title":{"rendered":"Zmiany, zmiany&#8230;"},"content":{"rendered":"\n<p>Czy ESG odchodzi do lamusa? Ewolucja podej\u015bcia do raportowania pozafinansowego.<\/p>\n\n\n\n<p><\/p>\n\n\n\n<p>W ostatnich miesi\u0105cach coraz cz\u0119\u015bciej pojawiaj\u0105 si\u0119 pytania o przysz\u0142o\u015b\u0107 ESG \u2013 koncepcji obejmuj\u0105cej kwestie \u015brodowiskowe (Environmental), spo\u0142eczne (Social) oraz \u0142ad korporacyjny (Governance). W przestrzeni publicznej nie brakuje g\u0142os\u00f3w sugeruj\u0105cych, \u017ce ESG \u201eidzie do kosza\u201d \u2013 szczeg\u00f3lnie w kontek\u015bcie presji politycznej, zmian w komunikacji korporacyjnej oraz rosn\u0105cego sceptycyzmu wobec praktyk tzw. greenwashingu. Rzeczywisto\u015b\u0107 jest jednak bardziej z\u0142o\u017cona.<\/p>\n\n\n\n<h3 class=\"wp-block-heading\">ESG \u2013 zmiana j\u0119zyka, nie kierunku<\/h3>\n\n\n\n<p>W wielu organizacjach obserwujemy przesuni\u0119cie akcent\u00f3w komunikacyjnych. Zamiast u\u017cywa\u0107 skr\u00f3tu \u201eESG\u201d, coraz cz\u0119\u015bciej m\u00f3wi si\u0119 o:<\/p>\n\n\n\n<ul class=\"wp-block-list\">\n<li><strong>zr\u00f3wnowa\u017conym rozwoju<\/strong>,<\/li>\n\n\n\n<li><strong>odpowiedzialno\u015bci spo\u0142ecznej<\/strong>,<\/li>\n\n\n\n<li><strong>zarz\u0105dzaniu ryzykiem niefinansowym<\/strong>,<\/li>\n\n\n\n<li><strong>odpowiedzialnym inwestowaniu<\/strong><br>czy po prostu <strong>wype\u0142nianiu obowi\u0105zk\u00f3w regulacyjnych<\/strong> wynikaj\u0105cych z przepis\u00f3w krajowych i unijnych.<\/li>\n<\/ul>\n\n\n\n<p>Zmiana ta nie oznacza odej\u015bcia od idei ESG jako takiej \u2013 przeciwnie, w wielu przypadkach dzia\u0142ania s\u0105 kontynuowane, a nawet intensyfikowane, szczeg\u00f3lnie tam, gdzie nak\u0142adaj\u0105 je przepisy prawa.<\/p>\n\n\n\n<h3 class=\"wp-block-heading\">Kontekst mi\u0119dzynarodowy<\/h3>\n\n\n\n<p>W <strong>Stanach Zjednoczonych<\/strong> ESG sta\u0142o si\u0119 przedmiotem sporu ideologicznego. Cz\u0119\u015b\u0107 stan\u00f3w zdominowanych przez \u015brodowiska konserwatywne ograniczy\u0142a mo\u017cliwo\u015b\u0107 inwestowania \u015brodk\u00f3w publicznych w fundusze stosuj\u0105ce kryteria ESG. W odpowiedzi cz\u0119\u015b\u0107 firm zacz\u0119\u0142a rezygnowa\u0107 z u\u017cywania samego terminu, ale niekoniecznie z dzia\u0142a\u0144 zgodnych z jego duchem.<\/p>\n\n\n\n<p>W <strong>Unii Europejskiej<\/strong> sytuacja wygl\u0105da odmiennie. Trwaj\u0105ca implementacja <strong>dyrektywy CSRD (Corporate Sustainability Reporting Directive)<\/strong> oraz <strong>unijnej Taksonomii<\/strong> oznacza istotne zaostrzenie obowi\u0105zk\u00f3w raportowych w zakresie zr\u00f3wnowa\u017conego rozwoju. Od 2024 roku (dla najwi\u0119kszych firm) i kolejnych lat (dla mniejszych podmiot\u00f3w) raportowanie kwestii \u015brodowiskowych, spo\u0142ecznych i \u0142adu korporacyjnego stanie si\u0119 obowi\u0105zkowe, szczeg\u00f3\u0142owe i podlegaj\u0105ce niezale\u017cnej weryfikacji.<\/p>\n\n\n\n<h3 class=\"wp-block-heading\">ESG jako praktyka zarz\u0105dzania ryzykiem<\/h3>\n\n\n\n<p>Coraz wi\u0119cej przedsi\u0119biorstw i instytucji przestaje postrzega\u0107 ESG jako element narracji wizerunkowej, a zaczyna traktowa\u0107 je jako <strong>narz\u0119dzie zarz\u0105dzania ryzykiem operacyjnym, regulacyjnym i reputacyjnym<\/strong>. Podej\u015bcie to zak\u0142ada integracj\u0119 kwestii \u015brodowiskowych i spo\u0142ecznych z procesami zarz\u0105dczymi oraz \u0142a\u0144cuchami dostaw, co pozwala na d\u0142ugoterminowe budowanie odporno\u015bci organizacji.<\/p>\n\n\n\n<h3 class=\"wp-block-heading\">Podsumowanie<\/h3>\n\n\n\n<p>ESG nie znika \u2013 ale zmienia si\u0119 jego forma i kontekst. Zmniejsza si\u0119 rola has\u0142owej komunikacji, a ro\u015bnie znaczenie konkretnych dzia\u0142a\u0144, mierzalnych efekt\u00f3w i zgodno\u015bci z obowi\u0105zuj\u0105cym prawem. W szczeg\u00f3lno\u015bci w Unii Europejskiej, gdzie ramy regulacyjne s\u0105 coraz bardziej precyzyjne i wi\u0105\u017c\u0105ce, ESG staje si\u0119 trwa\u0142ym elementem strategii zarz\u0105dzania w wielu sektorach gospodarki.<\/p>\n\n\n\n<p>Warto wi\u0119c nie pyta\u0107, <strong>czy ESG przetrwa<\/strong>, lecz <strong>jakie kompetencje i narz\u0119dzia b\u0119d\u0105 kluczowe<\/strong>, by skutecznie je wdra\u017ca\u0107 i raportowa\u0107 w zmieniaj\u0105cym si\u0119 otoczeniu prawnym i spo\u0142ecznym. <a href=\"https:\/\/socjolab.pl\/?page_id=1439\">Warto wi\u0119c by\u0107 na bie\u017c\u0105co bior\u0105c udzia\u0142 w szkoleniu.<\/a><\/p>\n","protected":false},"excerpt":{"rendered":"<p>Czy ESG odchodzi do lamusa? Ewolucja podej\u015bcia do raportowania pozafinansowego. W ostatnich miesi\u0105cach coraz cz\u0119\u015bciej pojawiaj\u0105 si\u0119 pytania o przysz\u0142o\u015b\u0107 ESG \u2013 koncepcji obejmuj\u0105cej kwestie&hellip;&nbsp;<a href=\"https:\/\/socjolab.pl\/?p=1947\" class=\"\" rel=\"bookmark\">Dowiedz si\u0119 wi\u0119cej &raquo;<span class=\"screen-reader-text\">Zmiany, zmiany&#8230;<\/span><\/a><\/p>\n","protected":false},"author":1,"featured_media":1948,"comment_status":"open","ping_status":"open","sticky":false,"template":"","format":"standard","meta":{"neve_meta_sidebar":"","neve_meta_container":"","neve_meta_enable_content_width":"","neve_meta_content_width":0,"neve_meta_title_alignment":"","neve_meta_author_avatar":"","neve_post_elements_order":"","neve_meta_disable_header":"","neve_meta_disable_footer":"","neve_meta_disable_title":"","footnotes":""},"categories":[12],"tags":[37,43,16,6],"class_list":["post-1947","post","type-post","status-publish","format-standard","has-post-thumbnail","hentry","category-wiedza","tag-csr","tag-esg","tag-szkolenie","tag-wiedza"],"yoast_head":"<!-- This site is optimized with the Yoast SEO plugin v26.8 - https:\/\/yoast.com\/product\/yoast-seo-wordpress\/ -->\n<title>Zmiany, zmiany... - SOCJOLAB<\/title>\n<meta name=\"description\" content=\"Czy ESG odchodzi do lamusa? Ewolucja podej\u015bcia do raportowania pozafinansowego. Co dalej z wytycznymi ESG w UE?\" \/>\n<meta name=\"robots\" content=\"index, follow, max-snippet:-1, max-image-preview:large, max-video-preview:-1\" \/>\n<link rel=\"canonical\" href=\"https:\/\/socjolab.pl\/?p=1947\" \/>\n<meta property=\"og:locale\" content=\"pl_PL\" \/>\n<meta property=\"og:type\" content=\"article\" \/>\n<meta property=\"og:title\" content=\"Zmiany, zmiany... - SOCJOLAB\" \/>\n<meta property=\"og:description\" content=\"Czy ESG odchodzi do lamusa? Ewolucja podej\u015bcia do raportowania pozafinansowego. Co dalej z wytycznymi ESG w UE?\" \/>\n<meta property=\"og:url\" content=\"https:\/\/socjolab.pl\/?p=1947\" \/>\n<meta property=\"og:site_name\" content=\"SOCJOLAB\" \/>\n<meta property=\"article:published_time\" content=\"2025-04-30T09:56:34+00:00\" \/>\n<meta property=\"article:modified_time\" content=\"2025-08-07T08:28:12+00:00\" \/>\n<meta property=\"og:image\" content=\"https:\/\/socjolab.pl\/wp-content\/uploads\/2025\/05\/Laboratorium-spoleczne-5.jpg\" \/>\n\t<meta property=\"og:image:width\" content=\"1920\" \/>\n\t<meta property=\"og:image:height\" content=\"1080\" \/>\n\t<meta property=\"og:image:type\" content=\"image\/jpeg\" \/>\n<meta name=\"author\" content=\"admin\" \/>\n<meta name=\"twitter:card\" content=\"summary_large_image\" \/>\n<meta name=\"twitter:label1\" content=\"Napisane przez\" \/>\n\t<meta name=\"twitter:data1\" content=\"admin\" \/>\n\t<meta name=\"twitter:label2\" content=\"Szacowany czas czytania\" \/>\n\t<meta name=\"twitter:data2\" content=\"3 minuty\" \/>\n<script type=\"application\/ld+json\" class=\"yoast-schema-graph\">{\"@context\":\"https:\/\/schema.org\",\"@graph\":[{\"@type\":\"Article\",\"@id\":\"https:\/\/socjolab.pl\/?p=1947#article\",\"isPartOf\":{\"@id\":\"https:\/\/socjolab.pl\/?p=1947\"},\"author\":{\"name\":\"admin\",\"@id\":\"https:\/\/socjolab.pl\/#\/schema\/person\/fe6eb68d8df4a70ddc05510de89286c4\"},\"headline\":\"Zmiany, zmiany&#8230;\",\"datePublished\":\"2025-04-30T09:56:34+00:00\",\"dateModified\":\"2025-08-07T08:28:12+00:00\",\"mainEntityOfPage\":{\"@id\":\"https:\/\/socjolab.pl\/?p=1947\"},\"wordCount\":463,\"commentCount\":0,\"publisher\":{\"@id\":\"https:\/\/socjolab.pl\/#organization\"},\"image\":{\"@id\":\"https:\/\/socjolab.pl\/?p=1947#primaryimage\"},\"thumbnailUrl\":\"https:\/\/socjolab.pl\/wp-content\/uploads\/2025\/05\/Laboratorium-spoleczne-5.jpg\",\"keywords\":[\"CSR\",\"ESG\",\"szkolenie\",\"wiedza\"],\"articleSection\":[\"wiedza\"],\"inLanguage\":\"pl-PL\",\"potentialAction\":[{\"@type\":\"CommentAction\",\"name\":\"Comment\",\"target\":[\"https:\/\/socjolab.pl\/?p=1947#respond\"]}]},{\"@type\":\"WebPage\",\"@id\":\"https:\/\/socjolab.pl\/?p=1947\",\"url\":\"https:\/\/socjolab.pl\/?p=1947\",\"name\":\"Zmiany, zmiany... - SOCJOLAB\",\"isPartOf\":{\"@id\":\"https:\/\/socjolab.pl\/#website\"},\"primaryImageOfPage\":{\"@id\":\"https:\/\/socjolab.pl\/?p=1947#primaryimage\"},\"image\":{\"@id\":\"https:\/\/socjolab.pl\/?p=1947#primaryimage\"},\"thumbnailUrl\":\"https:\/\/socjolab.pl\/wp-content\/uploads\/2025\/05\/Laboratorium-spoleczne-5.jpg\",\"datePublished\":\"2025-04-30T09:56:34+00:00\",\"dateModified\":\"2025-08-07T08:28:12+00:00\",\"description\":\"Czy ESG odchodzi do lamusa? Ewolucja podej\u015bcia do raportowania pozafinansowego. Co dalej z wytycznymi ESG w UE?\",\"breadcrumb\":{\"@id\":\"https:\/\/socjolab.pl\/?p=1947#breadcrumb\"},\"inLanguage\":\"pl-PL\",\"potentialAction\":[{\"@type\":\"ReadAction\",\"target\":[\"https:\/\/socjolab.pl\/?p=1947\"]}]},{\"@type\":\"ImageObject\",\"inLanguage\":\"pl-PL\",\"@id\":\"https:\/\/socjolab.pl\/?p=1947#primaryimage\",\"url\":\"https:\/\/socjolab.pl\/wp-content\/uploads\/2025\/05\/Laboratorium-spoleczne-5.jpg\",\"contentUrl\":\"https:\/\/socjolab.pl\/wp-content\/uploads\/2025\/05\/Laboratorium-spoleczne-5.jpg\",\"width\":1920,\"height\":1080,\"caption\":\"esg szkolenie\"},{\"@type\":\"BreadcrumbList\",\"@id\":\"https:\/\/socjolab.pl\/?p=1947#breadcrumb\",\"itemListElement\":[{\"@type\":\"ListItem\",\"position\":1,\"name\":\"Strona g\u0142\u00f3wna\",\"item\":\"https:\/\/socjolab.pl\/\"},{\"@type\":\"ListItem\",\"position\":2,\"name\":\"Zmiany, zmiany&#8230;\"}]},{\"@type\":\"WebSite\",\"@id\":\"https:\/\/socjolab.pl\/#website\",\"url\":\"https:\/\/socjolab.pl\/\",\"name\":\"SOCJOLAB\",\"description\":\"szkolenia, doradztwo\",\"publisher\":{\"@id\":\"https:\/\/socjolab.pl\/#organization\"},\"potentialAction\":[{\"@type\":\"SearchAction\",\"target\":{\"@type\":\"EntryPoint\",\"urlTemplate\":\"https:\/\/socjolab.pl\/?s={search_term_string}\"},\"query-input\":{\"@type\":\"PropertyValueSpecification\",\"valueRequired\":true,\"valueName\":\"search_term_string\"}}],\"inLanguage\":\"pl-PL\"},{\"@type\":\"Organization\",\"@id\":\"https:\/\/socjolab.pl\/#organization\",\"name\":\"CENTRUM SZKOLENIOWE\",\"url\":\"https:\/\/socjolab.pl\/\",\"logo\":{\"@type\":\"ImageObject\",\"inLanguage\":\"pl-PL\",\"@id\":\"https:\/\/socjolab.pl\/#\/schema\/logo\/image\/\",\"url\":\"https:\/\/socjolab.pl\/wp-content\/uploads\/2024\/03\/Bezowy-Pomaranczowy-Niebieski-i-Zielony-Nieregularne-Bazgroly-Zestaw-do-Swietowania-dla-Firmy-Post-na-Facebooka.jpg\",\"contentUrl\":\"https:\/\/socjolab.pl\/wp-content\/uploads\/2024\/03\/Bezowy-Pomaranczowy-Niebieski-i-Zielony-Nieregularne-Bazgroly-Zestaw-do-Swietowania-dla-Firmy-Post-na-Facebooka.jpg\",\"width\":940,\"height\":788,\"caption\":\"CENTRUM SZKOLENIOWE\"},\"image\":{\"@id\":\"https:\/\/socjolab.pl\/#\/schema\/logo\/image\/\"}},{\"@type\":\"Person\",\"@id\":\"https:\/\/socjolab.pl\/#\/schema\/person\/fe6eb68d8df4a70ddc05510de89286c4\",\"name\":\"admin\",\"image\":{\"@type\":\"ImageObject\",\"inLanguage\":\"pl-PL\",\"@id\":\"https:\/\/socjolab.pl\/#\/schema\/person\/image\/\",\"url\":\"https:\/\/secure.gravatar.com\/avatar\/1a6fbe7312a100f8cf31e6944992876bdc9944a2b29107ef260fd2aa72a26376?s=96&d=mm&r=g\",\"contentUrl\":\"https:\/\/secure.gravatar.com\/avatar\/1a6fbe7312a100f8cf31e6944992876bdc9944a2b29107ef260fd2aa72a26376?s=96&d=mm&r=g\",\"caption\":\"admin\"},\"sameAs\":[\"http:\/\/socjolab.pl\"],\"url\":\"https:\/\/socjolab.pl\/?author=1\"}]}<\/script>\n<!-- \/ Yoast SEO plugin. -->","yoast_head_json":{"title":"Zmiany, zmiany... - SOCJOLAB","description":"Czy ESG odchodzi do lamusa? Ewolucja podej\u015bcia do raportowania pozafinansowego. Co dalej z wytycznymi ESG w UE?","robots":{"index":"index","follow":"follow","max-snippet":"max-snippet:-1","max-image-preview":"max-image-preview:large","max-video-preview":"max-video-preview:-1"},"canonical":"https:\/\/socjolab.pl\/?p=1947","og_locale":"pl_PL","og_type":"article","og_title":"Zmiany, zmiany... - SOCJOLAB","og_description":"Czy ESG odchodzi do lamusa? Ewolucja podej\u015bcia do raportowania pozafinansowego. Co dalej z wytycznymi ESG w UE?","og_url":"https:\/\/socjolab.pl\/?p=1947","og_site_name":"SOCJOLAB","article_published_time":"2025-04-30T09:56:34+00:00","article_modified_time":"2025-08-07T08:28:12+00:00","og_image":[{"width":1920,"height":1080,"url":"https:\/\/socjolab.pl\/wp-content\/uploads\/2025\/05\/Laboratorium-spoleczne-5.jpg","type":"image\/jpeg"}],"author":"admin","twitter_card":"summary_large_image","twitter_misc":{"Napisane przez":"admin","Szacowany czas czytania":"3 minuty"},"schema":{"@context":"https:\/\/schema.org","@graph":[{"@type":"Article","@id":"https:\/\/socjolab.pl\/?p=1947#article","isPartOf":{"@id":"https:\/\/socjolab.pl\/?p=1947"},"author":{"name":"admin","@id":"https:\/\/socjolab.pl\/#\/schema\/person\/fe6eb68d8df4a70ddc05510de89286c4"},"headline":"Zmiany, zmiany&#8230;","datePublished":"2025-04-30T09:56:34+00:00","dateModified":"2025-08-07T08:28:12+00:00","mainEntityOfPage":{"@id":"https:\/\/socjolab.pl\/?p=1947"},"wordCount":463,"commentCount":0,"publisher":{"@id":"https:\/\/socjolab.pl\/#organization"},"image":{"@id":"https:\/\/socjolab.pl\/?p=1947#primaryimage"},"thumbnailUrl":"https:\/\/socjolab.pl\/wp-content\/uploads\/2025\/05\/Laboratorium-spoleczne-5.jpg","keywords":["CSR","ESG","szkolenie","wiedza"],"articleSection":["wiedza"],"inLanguage":"pl-PL","potentialAction":[{"@type":"CommentAction","name":"Comment","target":["https:\/\/socjolab.pl\/?p=1947#respond"]}]},{"@type":"WebPage","@id":"https:\/\/socjolab.pl\/?p=1947","url":"https:\/\/socjolab.pl\/?p=1947","name":"Zmiany, zmiany... - SOCJOLAB","isPartOf":{"@id":"https:\/\/socjolab.pl\/#website"},"primaryImageOfPage":{"@id":"https:\/\/socjolab.pl\/?p=1947#primaryimage"},"image":{"@id":"https:\/\/socjolab.pl\/?p=1947#primaryimage"},"thumbnailUrl":"https:\/\/socjolab.pl\/wp-content\/uploads\/2025\/05\/Laboratorium-spoleczne-5.jpg","datePublished":"2025-04-30T09:56:34+00:00","dateModified":"2025-08-07T08:28:12+00:00","description":"Czy ESG odchodzi do lamusa? Ewolucja podej\u015bcia do raportowania pozafinansowego. Co dalej z wytycznymi ESG w UE?","breadcrumb":{"@id":"https:\/\/socjolab.pl\/?p=1947#breadcrumb"},"inLanguage":"pl-PL","potentialAction":[{"@type":"ReadAction","target":["https:\/\/socjolab.pl\/?p=1947"]}]},{"@type":"ImageObject","inLanguage":"pl-PL","@id":"https:\/\/socjolab.pl\/?p=1947#primaryimage","url":"https:\/\/socjolab.pl\/wp-content\/uploads\/2025\/05\/Laboratorium-spoleczne-5.jpg","contentUrl":"https:\/\/socjolab.pl\/wp-content\/uploads\/2025\/05\/Laboratorium-spoleczne-5.jpg","width":1920,"height":1080,"caption":"esg szkolenie"},{"@type":"BreadcrumbList","@id":"https:\/\/socjolab.pl\/?p=1947#breadcrumb","itemListElement":[{"@type":"ListItem","position":1,"name":"Strona g\u0142\u00f3wna","item":"https:\/\/socjolab.pl\/"},{"@type":"ListItem","position":2,"name":"Zmiany, zmiany&#8230;"}]},{"@type":"WebSite","@id":"https:\/\/socjolab.pl\/#website","url":"https:\/\/socjolab.pl\/","name":"SOCJOLAB","description":"szkolenia, doradztwo","publisher":{"@id":"https:\/\/socjolab.pl\/#organization"},"potentialAction":[{"@type":"SearchAction","target":{"@type":"EntryPoint","urlTemplate":"https:\/\/socjolab.pl\/?s={search_term_string}"},"query-input":{"@type":"PropertyValueSpecification","valueRequired":true,"valueName":"search_term_string"}}],"inLanguage":"pl-PL"},{"@type":"Organization","@id":"https:\/\/socjolab.pl\/#organization","name":"CENTRUM SZKOLENIOWE","url":"https:\/\/socjolab.pl\/","logo":{"@type":"ImageObject","inLanguage":"pl-PL","@id":"https:\/\/socjolab.pl\/#\/schema\/logo\/image\/","url":"https:\/\/socjolab.pl\/wp-content\/uploads\/2024\/03\/Bezowy-Pomaranczowy-Niebieski-i-Zielony-Nieregularne-Bazgroly-Zestaw-do-Swietowania-dla-Firmy-Post-na-Facebooka.jpg","contentUrl":"https:\/\/socjolab.pl\/wp-content\/uploads\/2024\/03\/Bezowy-Pomaranczowy-Niebieski-i-Zielony-Nieregularne-Bazgroly-Zestaw-do-Swietowania-dla-Firmy-Post-na-Facebooka.jpg","width":940,"height":788,"caption":"CENTRUM SZKOLENIOWE"},"image":{"@id":"https:\/\/socjolab.pl\/#\/schema\/logo\/image\/"}},{"@type":"Person","@id":"https:\/\/socjolab.pl\/#\/schema\/person\/fe6eb68d8df4a70ddc05510de89286c4","name":"admin","image":{"@type":"ImageObject","inLanguage":"pl-PL","@id":"https:\/\/socjolab.pl\/#\/schema\/person\/image\/","url":"https:\/\/secure.gravatar.com\/avatar\/1a6fbe7312a100f8cf31e6944992876bdc9944a2b29107ef260fd2aa72a26376?s=96&d=mm&r=g","contentUrl":"https:\/\/secure.gravatar.com\/avatar\/1a6fbe7312a100f8cf31e6944992876bdc9944a2b29107ef260fd2aa72a26376?s=96&d=mm&r=g","caption":"admin"},"sameAs":["http:\/\/socjolab.pl"],"url":"https:\/\/socjolab.pl\/?author=1"}]}},"_links":{"self":[{"href":"https:\/\/socjolab.pl\/index.php?rest_route=\/wp\/v2\/posts\/1947","targetHints":{"allow":["GET"]}}],"collection":[{"href":"https:\/\/socjolab.pl\/index.php?rest_route=\/wp\/v2\/posts"}],"about":[{"href":"https:\/\/socjolab.pl\/index.php?rest_route=\/wp\/v2\/types\/post"}],"author":[{"embeddable":true,"href":"https:\/\/socjolab.pl\/index.php?rest_route=\/wp\/v2\/users\/1"}],"replies":[{"embeddable":true,"href":"https:\/\/socjolab.pl\/index.php?rest_route=%2Fwp%2Fv2%2Fcomments&post=1947"}],"version-history":[{"count":1,"href":"https:\/\/socjolab.pl\/index.php?rest_route=\/wp\/v2\/posts\/1947\/revisions"}],"predecessor-version":[{"id":1949,"href":"https:\/\/socjolab.pl\/index.php?rest_route=\/wp\/v2\/posts\/1947\/revisions\/1949"}],"wp:featuredmedia":[{"embeddable":true,"href":"https:\/\/socjolab.pl\/index.php?rest_route=\/wp\/v2\/media\/1948"}],"wp:attachment":[{"href":"https:\/\/socjolab.pl\/index.php?rest_route=%2Fwp%2Fv2%2Fmedia&parent=1947"}],"wp:term":[{"taxonomy":"category","embeddable":true,"href":"https:\/\/socjolab.pl\/index.php?rest_route=%2Fwp%2Fv2%2Fcategories&post=1947"},{"taxonomy":"post_tag","embeddable":true,"href":"https:\/\/socjolab.pl\/index.php?rest_route=%2Fwp%2Fv2%2Ftags&post=1947"}],"curies":[{"name":"wp","href":"https:\/\/api.w.org\/{rel}","templated":true}]}}