{"id":1944,"date":"2025-04-23T11:54:15","date_gmt":"2025-04-23T09:54:15","guid":{"rendered":"https:\/\/socjolab.pl\/?p=1944"},"modified":"2025-08-07T10:28:22","modified_gmt":"2025-08-07T08:28:22","slug":"niebawem-nowa-ksiazka","status":"publish","type":"post","link":"https:\/\/socjolab.pl\/?p=1944","title":{"rendered":"Niebawem nowa ksi\u0105\u017cka"},"content":{"rendered":"\n<p>Publikacja koncentruje si\u0119 na zagadnieniach zwi\u0105zanych z projektowaniem, realizacj\u0105 oraz ocen\u0105 efektywno\u015bci polityk medialnych.<\/p>\n\n\n\n<p>W ksi\u0105\u017cce poddano analizie przyk\u0142ady og\u00f3lnokrajowych kampanii informacyjnych realizowanych w ramach polityk medialnych w wybranych pa\u0144stwach europejskich, takich jak Hiszpania, Czechy, Norwegia, Francja oraz Polska.<\/p>\n\n\n\n<p>Publikacja ma charakter analityczno-praktyczny. Zawiera zar\u00f3wno om\u00f3wienie za\u0142o\u017ce\u0144 teoretycznych, jak i studia przypadk\u00f3w, umo\u017cliwiaj\u0105ce lepsze zrozumienie mechanizm\u00f3w funkcjonowania polityk medialnych w r\u00f3\u017cnych kontekstach spo\u0142eczno-politycznych.<\/p>\n\n\n\n<p>Wi\u0119cej informacji, w tym dok\u0142adna data premiery oraz szczeg\u00f3\u0142y dotycz\u0105ce zawarto\u015bci ksi\u0105\u017cki, zostan\u0105 udost\u0119pnione wkr\u00f3tce.<\/p>\n","protected":false},"excerpt":{"rendered":"<p>Publikacja koncentruje si\u0119 na zagadnieniach zwi\u0105zanych z projektowaniem, realizacj\u0105 oraz ocen\u0105 efektywno\u015bci polityk medialnych. W ksi\u0105\u017cce poddano analizie przyk\u0142ady og\u00f3lnokrajowych kampanii informacyjnych realizowanych w ramach&hellip;&nbsp;<a href=\"https:\/\/socjolab.pl\/?p=1944\" class=\"\" rel=\"bookmark\">Dowiedz si\u0119 wi\u0119cej &raquo;<span class=\"screen-reader-text\">Niebawem nowa ksi\u0105\u017cka<\/span><\/a><\/p>\n","protected":false},"author":1,"featured_media":1945,"comment_status":"open","ping_status":"open","sticky":false,"template":"","format":"standard","meta":{"neve_meta_sidebar":"","neve_meta_container":"","neve_meta_enable_content_width":"","neve_meta_content_width":0,"neve_meta_title_alignment":"","neve_meta_author_avatar":"","neve_post_elements_order":"","neve_meta_disable_header":"","neve_meta_disable_footer":"","neve_meta_disable_title":"","footnotes":""},"categories":[50],"tags":[],"class_list":["post-1944","post","type-post","status-publish","format-standard","has-post-thumbnail","hentry","category-informacja"],"yoast_head":"<!-- This site is optimized with the Yoast SEO plugin v26.8 - https:\/\/yoast.com\/product\/yoast-seo-wordpress\/ -->\n<title>Niebawem nowa ksi\u0105\u017cka - SOCJOLAB<\/title>\n<meta name=\"robots\" content=\"index, follow, max-snippet:-1, max-image-preview:large, max-video-preview:-1\" \/>\n<link rel=\"canonical\" href=\"https:\/\/socjolab.pl\/?p=1944\" \/>\n<meta property=\"og:locale\" content=\"pl_PL\" \/>\n<meta property=\"og:type\" content=\"article\" \/>\n<meta property=\"og:title\" content=\"Niebawem nowa ksi\u0105\u017cka - SOCJOLAB\" \/>\n<meta property=\"og:description\" content=\"Publikacja koncentruje si\u0119 na zagadnieniach zwi\u0105zanych z projektowaniem, realizacj\u0105 oraz ocen\u0105 efektywno\u015bci polityk medialnych. W ksi\u0105\u017cce poddano analizie przyk\u0142ady og\u00f3lnokrajowych kampanii informacyjnych realizowanych w ramach&hellip;&nbsp;Dowiedz si\u0119 wi\u0119cej &raquo;Niebawem nowa ksi\u0105\u017cka\" \/>\n<meta property=\"og:url\" content=\"https:\/\/socjolab.pl\/?p=1944\" \/>\n<meta property=\"og:site_name\" content=\"SOCJOLAB\" \/>\n<meta property=\"article:published_time\" content=\"2025-04-23T09:54:15+00:00\" \/>\n<meta property=\"article:modified_time\" content=\"2025-08-07T08:28:22+00:00\" \/>\n<meta property=\"og:image\" content=\"https:\/\/socjolab.pl\/wp-content\/uploads\/2025\/05\/Laboratorium-spoleczne-4.jpg\" \/>\n\t<meta property=\"og:image:width\" content=\"1920\" \/>\n\t<meta property=\"og:image:height\" content=\"1080\" \/>\n\t<meta property=\"og:image:type\" content=\"image\/jpeg\" \/>\n<meta name=\"author\" content=\"admin\" \/>\n<meta name=\"twitter:card\" content=\"summary_large_image\" \/>\n<meta name=\"twitter:label1\" content=\"Napisane przez\" \/>\n\t<meta name=\"twitter:data1\" content=\"admin\" \/>\n\t<meta name=\"twitter:label2\" content=\"Szacowany czas czytania\" \/>\n\t<meta name=\"twitter:data2\" content=\"1 minuta\" \/>\n<script type=\"application\/ld+json\" class=\"yoast-schema-graph\">{\"@context\":\"https:\/\/schema.org\",\"@graph\":[{\"@type\":\"Article\",\"@id\":\"https:\/\/socjolab.pl\/?p=1944#article\",\"isPartOf\":{\"@id\":\"https:\/\/socjolab.pl\/?p=1944\"},\"author\":{\"name\":\"admin\",\"@id\":\"https:\/\/socjolab.pl\/#\/schema\/person\/fe6eb68d8df4a70ddc05510de89286c4\"},\"headline\":\"Niebawem nowa ksi\u0105\u017cka\",\"datePublished\":\"2025-04-23T09:54:15+00:00\",\"dateModified\":\"2025-08-07T08:28:22+00:00\",\"mainEntityOfPage\":{\"@id\":\"https:\/\/socjolab.pl\/?p=1944\"},\"wordCount\":106,\"commentCount\":0,\"publisher\":{\"@id\":\"https:\/\/socjolab.pl\/#organization\"},\"image\":{\"@id\":\"https:\/\/socjolab.pl\/?p=1944#primaryimage\"},\"thumbnailUrl\":\"https:\/\/socjolab.pl\/wp-content\/uploads\/2025\/05\/Laboratorium-spoleczne-4.jpg\",\"articleSection\":[\"informacja\"],\"inLanguage\":\"pl-PL\",\"potentialAction\":[{\"@type\":\"CommentAction\",\"name\":\"Comment\",\"target\":[\"https:\/\/socjolab.pl\/?p=1944#respond\"]}]},{\"@type\":\"WebPage\",\"@id\":\"https:\/\/socjolab.pl\/?p=1944\",\"url\":\"https:\/\/socjolab.pl\/?p=1944\",\"name\":\"Niebawem nowa ksi\u0105\u017cka - SOCJOLAB\",\"isPartOf\":{\"@id\":\"https:\/\/socjolab.pl\/#website\"},\"primaryImageOfPage\":{\"@id\":\"https:\/\/socjolab.pl\/?p=1944#primaryimage\"},\"image\":{\"@id\":\"https:\/\/socjolab.pl\/?p=1944#primaryimage\"},\"thumbnailUrl\":\"https:\/\/socjolab.pl\/wp-content\/uploads\/2025\/05\/Laboratorium-spoleczne-4.jpg\",\"datePublished\":\"2025-04-23T09:54:15+00:00\",\"dateModified\":\"2025-08-07T08:28:22+00:00\",\"breadcrumb\":{\"@id\":\"https:\/\/socjolab.pl\/?p=1944#breadcrumb\"},\"inLanguage\":\"pl-PL\",\"potentialAction\":[{\"@type\":\"ReadAction\",\"target\":[\"https:\/\/socjolab.pl\/?p=1944\"]}]},{\"@type\":\"ImageObject\",\"inLanguage\":\"pl-PL\",\"@id\":\"https:\/\/socjolab.pl\/?p=1944#primaryimage\",\"url\":\"https:\/\/socjolab.pl\/wp-content\/uploads\/2025\/05\/Laboratorium-spoleczne-4.jpg\",\"contentUrl\":\"https:\/\/socjolab.pl\/wp-content\/uploads\/2025\/05\/Laboratorium-spoleczne-4.jpg\",\"width\":1920,\"height\":1080,\"caption\":\"socjolab ksi\u0105\u017cka rafal guzowski\"},{\"@type\":\"BreadcrumbList\",\"@id\":\"https:\/\/socjolab.pl\/?p=1944#breadcrumb\",\"itemListElement\":[{\"@type\":\"ListItem\",\"position\":1,\"name\":\"Strona g\u0142\u00f3wna\",\"item\":\"https:\/\/socjolab.pl\/\"},{\"@type\":\"ListItem\",\"position\":2,\"name\":\"Niebawem nowa ksi\u0105\u017cka\"}]},{\"@type\":\"WebSite\",\"@id\":\"https:\/\/socjolab.pl\/#website\",\"url\":\"https:\/\/socjolab.pl\/\",\"name\":\"SOCJOLAB\",\"description\":\"szkolenia, doradztwo\",\"publisher\":{\"@id\":\"https:\/\/socjolab.pl\/#organization\"},\"potentialAction\":[{\"@type\":\"SearchAction\",\"target\":{\"@type\":\"EntryPoint\",\"urlTemplate\":\"https:\/\/socjolab.pl\/?s={search_term_string}\"},\"query-input\":{\"@type\":\"PropertyValueSpecification\",\"valueRequired\":true,\"valueName\":\"search_term_string\"}}],\"inLanguage\":\"pl-PL\"},{\"@type\":\"Organization\",\"@id\":\"https:\/\/socjolab.pl\/#organization\",\"name\":\"CENTRUM SZKOLENIOWE\",\"url\":\"https:\/\/socjolab.pl\/\",\"logo\":{\"@type\":\"ImageObject\",\"inLanguage\":\"pl-PL\",\"@id\":\"https:\/\/socjolab.pl\/#\/schema\/logo\/image\/\",\"url\":\"https:\/\/socjolab.pl\/wp-content\/uploads\/2024\/03\/Bezowy-Pomaranczowy-Niebieski-i-Zielony-Nieregularne-Bazgroly-Zestaw-do-Swietowania-dla-Firmy-Post-na-Facebooka.jpg\",\"contentUrl\":\"https:\/\/socjolab.pl\/wp-content\/uploads\/2024\/03\/Bezowy-Pomaranczowy-Niebieski-i-Zielony-Nieregularne-Bazgroly-Zestaw-do-Swietowania-dla-Firmy-Post-na-Facebooka.jpg\",\"width\":940,\"height\":788,\"caption\":\"CENTRUM SZKOLENIOWE\"},\"image\":{\"@id\":\"https:\/\/socjolab.pl\/#\/schema\/logo\/image\/\"}},{\"@type\":\"Person\",\"@id\":\"https:\/\/socjolab.pl\/#\/schema\/person\/fe6eb68d8df4a70ddc05510de89286c4\",\"name\":\"admin\",\"image\":{\"@type\":\"ImageObject\",\"inLanguage\":\"pl-PL\",\"@id\":\"https:\/\/socjolab.pl\/#\/schema\/person\/image\/\",\"url\":\"https:\/\/secure.gravatar.com\/avatar\/1a6fbe7312a100f8cf31e6944992876bdc9944a2b29107ef260fd2aa72a26376?s=96&d=mm&r=g\",\"contentUrl\":\"https:\/\/secure.gravatar.com\/avatar\/1a6fbe7312a100f8cf31e6944992876bdc9944a2b29107ef260fd2aa72a26376?s=96&d=mm&r=g\",\"caption\":\"admin\"},\"sameAs\":[\"http:\/\/socjolab.pl\"],\"url\":\"https:\/\/socjolab.pl\/?author=1\"}]}<\/script>\n<!-- \/ Yoast SEO plugin. -->","yoast_head_json":{"title":"Niebawem nowa ksi\u0105\u017cka - SOCJOLAB","robots":{"index":"index","follow":"follow","max-snippet":"max-snippet:-1","max-image-preview":"max-image-preview:large","max-video-preview":"max-video-preview:-1"},"canonical":"https:\/\/socjolab.pl\/?p=1944","og_locale":"pl_PL","og_type":"article","og_title":"Niebawem nowa ksi\u0105\u017cka - SOCJOLAB","og_description":"Publikacja koncentruje si\u0119 na zagadnieniach zwi\u0105zanych z projektowaniem, realizacj\u0105 oraz ocen\u0105 efektywno\u015bci polityk medialnych. W ksi\u0105\u017cce poddano analizie przyk\u0142ady og\u00f3lnokrajowych kampanii informacyjnych realizowanych w ramach&hellip;&nbsp;Dowiedz si\u0119 wi\u0119cej &raquo;Niebawem nowa ksi\u0105\u017cka","og_url":"https:\/\/socjolab.pl\/?p=1944","og_site_name":"SOCJOLAB","article_published_time":"2025-04-23T09:54:15+00:00","article_modified_time":"2025-08-07T08:28:22+00:00","og_image":[{"width":1920,"height":1080,"url":"https:\/\/socjolab.pl\/wp-content\/uploads\/2025\/05\/Laboratorium-spoleczne-4.jpg","type":"image\/jpeg"}],"author":"admin","twitter_card":"summary_large_image","twitter_misc":{"Napisane przez":"admin","Szacowany czas czytania":"1 minuta"},"schema":{"@context":"https:\/\/schema.org","@graph":[{"@type":"Article","@id":"https:\/\/socjolab.pl\/?p=1944#article","isPartOf":{"@id":"https:\/\/socjolab.pl\/?p=1944"},"author":{"name":"admin","@id":"https:\/\/socjolab.pl\/#\/schema\/person\/fe6eb68d8df4a70ddc05510de89286c4"},"headline":"Niebawem nowa ksi\u0105\u017cka","datePublished":"2025-04-23T09:54:15+00:00","dateModified":"2025-08-07T08:28:22+00:00","mainEntityOfPage":{"@id":"https:\/\/socjolab.pl\/?p=1944"},"wordCount":106,"commentCount":0,"publisher":{"@id":"https:\/\/socjolab.pl\/#organization"},"image":{"@id":"https:\/\/socjolab.pl\/?p=1944#primaryimage"},"thumbnailUrl":"https:\/\/socjolab.pl\/wp-content\/uploads\/2025\/05\/Laboratorium-spoleczne-4.jpg","articleSection":["informacja"],"inLanguage":"pl-PL","potentialAction":[{"@type":"CommentAction","name":"Comment","target":["https:\/\/socjolab.pl\/?p=1944#respond"]}]},{"@type":"WebPage","@id":"https:\/\/socjolab.pl\/?p=1944","url":"https:\/\/socjolab.pl\/?p=1944","name":"Niebawem nowa ksi\u0105\u017cka - SOCJOLAB","isPartOf":{"@id":"https:\/\/socjolab.pl\/#website"},"primaryImageOfPage":{"@id":"https:\/\/socjolab.pl\/?p=1944#primaryimage"},"image":{"@id":"https:\/\/socjolab.pl\/?p=1944#primaryimage"},"thumbnailUrl":"https:\/\/socjolab.pl\/wp-content\/uploads\/2025\/05\/Laboratorium-spoleczne-4.jpg","datePublished":"2025-04-23T09:54:15+00:00","dateModified":"2025-08-07T08:28:22+00:00","breadcrumb":{"@id":"https:\/\/socjolab.pl\/?p=1944#breadcrumb"},"inLanguage":"pl-PL","potentialAction":[{"@type":"ReadAction","target":["https:\/\/socjolab.pl\/?p=1944"]}]},{"@type":"ImageObject","inLanguage":"pl-PL","@id":"https:\/\/socjolab.pl\/?p=1944#primaryimage","url":"https:\/\/socjolab.pl\/wp-content\/uploads\/2025\/05\/Laboratorium-spoleczne-4.jpg","contentUrl":"https:\/\/socjolab.pl\/wp-content\/uploads\/2025\/05\/Laboratorium-spoleczne-4.jpg","width":1920,"height":1080,"caption":"socjolab ksi\u0105\u017cka rafal guzowski"},{"@type":"BreadcrumbList","@id":"https:\/\/socjolab.pl\/?p=1944#breadcrumb","itemListElement":[{"@type":"ListItem","position":1,"name":"Strona g\u0142\u00f3wna","item":"https:\/\/socjolab.pl\/"},{"@type":"ListItem","position":2,"name":"Niebawem nowa ksi\u0105\u017cka"}]},{"@type":"WebSite","@id":"https:\/\/socjolab.pl\/#website","url":"https:\/\/socjolab.pl\/","name":"SOCJOLAB","description":"szkolenia, doradztwo","publisher":{"@id":"https:\/\/socjolab.pl\/#organization"},"potentialAction":[{"@type":"SearchAction","target":{"@type":"EntryPoint","urlTemplate":"https:\/\/socjolab.pl\/?s={search_term_string}"},"query-input":{"@type":"PropertyValueSpecification","valueRequired":true,"valueName":"search_term_string"}}],"inLanguage":"pl-PL"},{"@type":"Organization","@id":"https:\/\/socjolab.pl\/#organization","name":"CENTRUM SZKOLENIOWE","url":"https:\/\/socjolab.pl\/","logo":{"@type":"ImageObject","inLanguage":"pl-PL","@id":"https:\/\/socjolab.pl\/#\/schema\/logo\/image\/","url":"https:\/\/socjolab.pl\/wp-content\/uploads\/2024\/03\/Bezowy-Pomaranczowy-Niebieski-i-Zielony-Nieregularne-Bazgroly-Zestaw-do-Swietowania-dla-Firmy-Post-na-Facebooka.jpg","contentUrl":"https:\/\/socjolab.pl\/wp-content\/uploads\/2024\/03\/Bezowy-Pomaranczowy-Niebieski-i-Zielony-Nieregularne-Bazgroly-Zestaw-do-Swietowania-dla-Firmy-Post-na-Facebooka.jpg","width":940,"height":788,"caption":"CENTRUM SZKOLENIOWE"},"image":{"@id":"https:\/\/socjolab.pl\/#\/schema\/logo\/image\/"}},{"@type":"Person","@id":"https:\/\/socjolab.pl\/#\/schema\/person\/fe6eb68d8df4a70ddc05510de89286c4","name":"admin","image":{"@type":"ImageObject","inLanguage":"pl-PL","@id":"https:\/\/socjolab.pl\/#\/schema\/person\/image\/","url":"https:\/\/secure.gravatar.com\/avatar\/1a6fbe7312a100f8cf31e6944992876bdc9944a2b29107ef260fd2aa72a26376?s=96&d=mm&r=g","contentUrl":"https:\/\/secure.gravatar.com\/avatar\/1a6fbe7312a100f8cf31e6944992876bdc9944a2b29107ef260fd2aa72a26376?s=96&d=mm&r=g","caption":"admin"},"sameAs":["http:\/\/socjolab.pl"],"url":"https:\/\/socjolab.pl\/?author=1"}]}},"_links":{"self":[{"href":"https:\/\/socjolab.pl\/index.php?rest_route=\/wp\/v2\/posts\/1944","targetHints":{"allow":["GET"]}}],"collection":[{"href":"https:\/\/socjolab.pl\/index.php?rest_route=\/wp\/v2\/posts"}],"about":[{"href":"https:\/\/socjolab.pl\/index.php?rest_route=\/wp\/v2\/types\/post"}],"author":[{"embeddable":true,"href":"https:\/\/socjolab.pl\/index.php?rest_route=\/wp\/v2\/users\/1"}],"replies":[{"embeddable":true,"href":"https:\/\/socjolab.pl\/index.php?rest_route=%2Fwp%2Fv2%2Fcomments&post=1944"}],"version-history":[{"count":1,"href":"https:\/\/socjolab.pl\/index.php?rest_route=\/wp\/v2\/posts\/1944\/revisions"}],"predecessor-version":[{"id":1946,"href":"https:\/\/socjolab.pl\/index.php?rest_route=\/wp\/v2\/posts\/1944\/revisions\/1946"}],"wp:featuredmedia":[{"embeddable":true,"href":"https:\/\/socjolab.pl\/index.php?rest_route=\/wp\/v2\/media\/1945"}],"wp:attachment":[{"href":"https:\/\/socjolab.pl\/index.php?rest_route=%2Fwp%2Fv2%2Fmedia&parent=1944"}],"wp:term":[{"taxonomy":"category","embeddable":true,"href":"https:\/\/socjolab.pl\/index.php?rest_route=%2Fwp%2Fv2%2Fcategories&post=1944"},{"taxonomy":"post_tag","embeddable":true,"href":"https:\/\/socjolab.pl\/index.php?rest_route=%2Fwp%2Fv2%2Ftags&post=1944"}],"curies":[{"name":"wp","href":"https:\/\/api.w.org\/{rel}","templated":true}]}}