{"id":1795,"date":"2025-02-28T11:25:00","date_gmt":"2025-02-28T10:25:00","guid":{"rendered":"https:\/\/socjolab.pl\/?p=1795"},"modified":"2025-03-05T12:19:25","modified_gmt":"2025-03-05T11:19:25","slug":"wizerunek-i-publikacja","status":"publish","type":"post","link":"https:\/\/socjolab.pl\/?p=1795","title":{"rendered":"Wiedza poparta naukowo"},"content":{"rendered":"\n<p>Ochrona wizerunku pracownik\u00f3w administracji publicznej \u2013 nowa publikacja naukowa!<\/p>\n\n\n\n<p><em>Wizerunek pracownika administracji publicznej w mediach spo\u0142eczno\u015bciowych \u2013 zasady publikacji, granice swob\u00f3d obywatelskich i prawa do ochrony wizerunku<\/em>&nbsp;w wydawnictwie&nbsp;<em>SIM \u2013 Studia i Materia\u0142y Centralnej Biblioteki Wojskowej im. Marsza\u0142ka J\u00f3zefa Pi\u0142sudskiego<\/em>.<\/p>\n\n\n\n<p>Celem periodyku&nbsp;<em>SIM<\/em>&nbsp;jest stworzenie interdyscyplinarnej platformy badawczej dla os\u00f3b zainteresowanych wsp\u00f3\u0142czesnymi problemami wojska, jego histori\u0105, obronno\u015bci\u0105 kraju, a tak\u017ce bibliotekoznawstwem i informacj\u0105 naukow\u0105 w kontek\u015bcie wojskowo\u015bci. Wydawnictwo to stanowi istotne \u017ar\u00f3d\u0142o wiedzy dla ekspert\u00f3w prawa, administracji publicznej oraz szeroko poj\u0119tej nauki o bezpiecze\u0144stwie.<\/p>\n\n\n\n<h2 class=\"wp-block-heading\">Media spo\u0142eczno\u015bciowe a wizerunek pracownik\u00f3w administracji publicznej<\/h2>\n\n\n\n<p>W artykule dr Guzowski analizuje rosn\u0105ce znaczenie medi\u00f3w spo\u0142eczno\u015bciowych w kszta\u0142towaniu wizerunku pracownik\u00f3w administracji publicznej. W dobie cyfryzacji i spo\u0142ecze\u0144stwa informacyjnego pracownicy sektora publicznego coraz cz\u0119\u015bciej staj\u0105 si\u0119 obiektem nagra\u0144 i publikacji w internecie \u2013 nierzadko bez ich zgody.<\/p>\n\n\n\n<p><strong>Autor podkre\u015bla, \u017ce cho\u0107 media spo\u0142eczno\u015bciowe stanowi\u0105 kluczowy kana\u0142 komunikacji, to jednocze\u015bnie nios\u0105 ryzyko dezinformacji oraz hejtu.<\/strong>&nbsp;Coraz cz\u0119\u015bciej obserwujemy zjawisko nagrywania interwencji urz\u0119dnik\u00f3w i publikowania ich w sieci przez dziennikarzy obywatelskich. Taka praktyka rodzi pytania o granice swobody obywatelskiej oraz ochrony wizerunku.<\/p>\n\n\n\n<h2 class=\"wp-block-heading\">Kiedy publikacja wizerunku jest zgodna z prawem?<\/h2>\n\n\n\n<p>Prawo autorskie jasno okre\u015bla przepisy publikacji wizerunku \u2013 co do zasady jego rozpowszechnianie wymaga zgody osoby przedstawionej.<strong>&nbsp;Istniej\u0105 jednak wyj\u0105tki, szczeg\u00f3lnie w przypadku os\u00f3b powszechnie znanych lub pe\u0142ni\u0105cych funkcje publiczne.<\/strong><\/p>\n\n\n\n<p>W artykule om\u00f3wiono przypadki, w kt\u00f3rych publikacja wizerunku urz\u0119dnika mo\u017ce narusza\u0107 jego prawa, a tak\u017ce sytuacje, w kt\u00f3rych jest ona zgodna z prawem. Autor odnosi si\u0119 r\u00f3wnie\u017c do problemu nadu\u017cy\u0107 oraz konieczno\u015bci ochrony prywatno\u015bci w kontek\u015bcie s\u0142u\u017cbowych obowi\u0105zk\u00f3w.<\/p>\n\n\n\n<h2 class=\"wp-block-heading\">Kodeks pracy a publikacja wizerunku przez pracodawc\u0119<\/h2>\n\n\n\n<p>Opr\u00f3cz kwestii zwi\u0105zanych z publikacj\u0105 wizerunku przez osoby trzecie, artyku\u0142 porusza r\u00f3wnie\u017c temat obowi\u0105zk\u00f3w pracodawc\u00f3w wynikaj\u0105cych z Kodeksu pracy.<\/p>\n\n\n\n<p>Dr Guzowski podkre\u015bla, \u017ce&nbsp;<strong>ka\u017cda publikacja zdj\u0119cia lub nagrania pracownika przez pracodawc\u0119 wymaga jego wyra\u017anej zgody<\/strong>. W kontek\u015bcie administracji publicznej, gdzie wizerunek urz\u0119dnik\u00f3w cz\u0119sto pojawia si\u0119 w mediach, niezwykle wa\u017cne jest przestrzeganie procedur zwi\u0105zanych z przetwarzaniem danych osobowych.<\/p>\n\n\n\n<h2 class=\"wp-block-heading\">\u015arodki ochrony prawnej w przypadku naruszenia wizerunku<\/h2>\n\n\n\n<p>Je\u015bli pracownik administracji publicznej uzna, \u017ce jego wizerunek zosta\u0142 wykorzystany bezprawnie, mo\u017ce skorzysta\u0107 z kilku form ochrony prawnej, takich jak:<\/p>\n\n\n\n<ul class=\"wp-block-list\">\n<li><strong>\u017c\u0105danie zaprzestania rozpowszechniania<\/strong>\u00a0\u2013 osoba poszkodowana ma prawo domaga\u0107 si\u0119 usuni\u0119cia zdj\u0119\u0107 i nagra\u0144 ze stron internetowych;<\/li>\n\n\n\n<li><strong>usuni\u0119cie skutk\u00f3w naruszenia<\/strong>\u00a0\u2013 zobowi\u0105zanie podmiotu publikuj\u0105cego do oficjalnych przeprosin lub sprostowania tre\u015bci;<\/li>\n\n\n\n<li><strong>zado\u015b\u0107uczynienie finansowe<\/strong>\u00a0\u2013 w niekt\u00f3rych przypadkach osoba, kt\u00f3rej wizerunek zosta\u0142 bezprawnie wykorzystany, mo\u017ce dochodzi\u0107 rekompensaty pieni\u0119\u017cnej.<\/li>\n<\/ul>\n\n\n\n<h2 class=\"wp-block-heading\">RODO a ochrona wizerunku pracownik\u00f3w administracji publicznej<\/h2>\n\n\n\n<p>Jednym z kluczowych zagadnie\u0144 poruszonych w publikacji jest wp\u0142yw przepis\u00f3w RODO na ochron\u0119 wizerunku.<\/p>\n\n\n\n<p>W kontek\u015bcie prawa europejskiego&nbsp;<strong>wizerunek mo\u017ce by\u0107 traktowany jako dane osobowe, a w niekt\u00f3rych przypadkach nawet jako dane biometryczne<\/strong>, je\u015bli umo\u017cliwia jednoznaczn\u0105 identyfikacj\u0119 osoby. To oznacza, \u017ce nieuprawnione przetwarzanie wizerunku \u2013 np. publikacja zdj\u0119\u0107 urz\u0119dnik\u00f3w bez ich zgody \u2013 mo\u017ce wi\u0105za\u0107 si\u0119 z powa\u017cnymi konsekwencjami prawnymi.<\/p>\n\n\n\n<h2 class=\"wp-block-heading\">Dlaczego warto zainteresowa\u0107 si\u0119 lektur\u0105 tej publikacji?<\/h2>\n\n\n\n<p>Publikacja dr. Rafa\u0142a Guzowskiego to wa\u017cna analiza wsp\u00f3\u0142czesnych wyzwa\u0144 zwi\u0105zanych z ochron\u0105 wizerunku pracownik\u00f3w administracji publicznej. W dobie spo\u0142ecze\u0144stwa cyfrowego, gdzie ka\u017cdy mo\u017ce sta\u0107 si\u0119 obiektem nagrania i medialnej debaty, konieczne jest&nbsp;<strong>wypracowanie r\u00f3wnowagi mi\u0119dzy swobod\u0105 obywatelsk\u0105 a ochron\u0105 prywatno\u015bci i praw pracowniczych.<\/strong><\/p>\n\n\n\n<p>Artyku\u0142 w\u00a0<em>Studiach i Materia\u0142ach Centralnej Biblioteki Wojskowej<\/em>\u00a0rzuca nowe \u015bwiat\u0142o na t\u0119 problematyk\u0119 i dostarcza cennych wskaz\u00f3wek zar\u00f3wno dla pracownik\u00f3w administracji publicznej, jak i ich pracodawc\u00f3w &#8211; artyku\u0142 dost\u0119pny jest <a href=\"https:\/\/bibliotekanauki.pl\/articles\/57190031.pdf\">tutaj<\/a>.<\/p>\n\n\n\n<p><\/p>\n","protected":false},"excerpt":{"rendered":"<p>Ochrona wizerunku pracownik\u00f3w administracji publicznej \u2013 nowa publikacja naukowa! Wizerunek pracownika administracji publicznej w mediach spo\u0142eczno\u015bciowych \u2013 zasady publikacji, granice swob\u00f3d obywatelskich i prawa do&hellip;&nbsp;<a href=\"https:\/\/socjolab.pl\/?p=1795\" class=\"\" rel=\"bookmark\">Dowiedz si\u0119 wi\u0119cej &raquo;<span class=\"screen-reader-text\">Wiedza poparta naukowo<\/span><\/a><\/p>\n","protected":false},"author":1,"featured_media":1796,"comment_status":"open","ping_status":"open","sticky":false,"template":"","format":"standard","meta":{"neve_meta_sidebar":"","neve_meta_container":"","neve_meta_enable_content_width":"","neve_meta_content_width":0,"neve_meta_title_alignment":"","neve_meta_author_avatar":"","neve_post_elements_order":"","neve_meta_disable_header":"","neve_meta_disable_footer":"","neve_meta_disable_title":"","footnotes":""},"categories":[50,12],"tags":[69,68,6,25],"class_list":["post-1795","post","type-post","status-publish","format-standard","has-post-thumbnail","hentry","category-informacja","category-wiedza","tag-artykul-naukowy","tag-ochrona-wizerunku","tag-wiedza","tag-wizerunek"],"yoast_head":"<!-- This site is optimized with the Yoast SEO plugin v26.8 - https:\/\/yoast.com\/product\/yoast-seo-wordpress\/ -->\n<title>Wiedza poparta naukowo - SOCJOLAB<\/title>\n<meta name=\"description\" content=\"Przedstawiamy artyku\u0142 naukowy dot. wizerunku pracownika administracji publicznej i granic prawa do jego publikowania!\" \/>\n<meta name=\"robots\" content=\"index, follow, max-snippet:-1, max-image-preview:large, max-video-preview:-1\" \/>\n<link rel=\"canonical\" href=\"https:\/\/socjolab.pl\/?p=1795\" \/>\n<meta property=\"og:locale\" content=\"pl_PL\" \/>\n<meta property=\"og:type\" content=\"article\" \/>\n<meta property=\"og:title\" content=\"Wiedza poparta naukowo - SOCJOLAB\" \/>\n<meta property=\"og:description\" content=\"Przedstawiamy artyku\u0142 naukowy dot. wizerunku pracownika administracji publicznej i granic prawa do jego publikowania!\" \/>\n<meta property=\"og:url\" content=\"https:\/\/socjolab.pl\/?p=1795\" \/>\n<meta property=\"og:site_name\" content=\"SOCJOLAB\" \/>\n<meta property=\"article:published_time\" content=\"2025-02-28T10:25:00+00:00\" \/>\n<meta property=\"article:modified_time\" content=\"2025-03-05T11:19:25+00:00\" \/>\n<meta property=\"og:image\" content=\"https:\/\/socjolab.pl\/wp-content\/uploads\/2025\/03\/Laboratorium-spoleczne-17.jpg\" \/>\n\t<meta property=\"og:image:width\" content=\"1920\" \/>\n\t<meta property=\"og:image:height\" content=\"1080\" \/>\n\t<meta property=\"og:image:type\" content=\"image\/jpeg\" \/>\n<meta name=\"author\" content=\"admin\" \/>\n<meta name=\"twitter:card\" content=\"summary_large_image\" \/>\n<meta name=\"twitter:label1\" content=\"Napisane przez\" \/>\n\t<meta name=\"twitter:data1\" content=\"admin\" \/>\n\t<meta name=\"twitter:label2\" content=\"Szacowany czas czytania\" \/>\n\t<meta name=\"twitter:data2\" content=\"4 minuty\" \/>\n<script type=\"application\/ld+json\" class=\"yoast-schema-graph\">{\"@context\":\"https:\/\/schema.org\",\"@graph\":[{\"@type\":\"Article\",\"@id\":\"https:\/\/socjolab.pl\/?p=1795#article\",\"isPartOf\":{\"@id\":\"https:\/\/socjolab.pl\/?p=1795\"},\"author\":{\"name\":\"admin\",\"@id\":\"https:\/\/socjolab.pl\/#\/schema\/person\/fe6eb68d8df4a70ddc05510de89286c4\"},\"headline\":\"Wiedza poparta naukowo\",\"datePublished\":\"2025-02-28T10:25:00+00:00\",\"dateModified\":\"2025-03-05T11:19:25+00:00\",\"mainEntityOfPage\":{\"@id\":\"https:\/\/socjolab.pl\/?p=1795\"},\"wordCount\":658,\"commentCount\":0,\"publisher\":{\"@id\":\"https:\/\/socjolab.pl\/#organization\"},\"image\":{\"@id\":\"https:\/\/socjolab.pl\/?p=1795#primaryimage\"},\"thumbnailUrl\":\"https:\/\/socjolab.pl\/wp-content\/uploads\/2025\/03\/Laboratorium-spoleczne-17.jpg\",\"keywords\":[\"artyku\u0142 naukowy\",\"ochrona wizerunku\",\"wiedza\",\"wizerunek\"],\"articleSection\":[\"informacja\",\"wiedza\"],\"inLanguage\":\"pl-PL\",\"potentialAction\":[{\"@type\":\"CommentAction\",\"name\":\"Comment\",\"target\":[\"https:\/\/socjolab.pl\/?p=1795#respond\"]}]},{\"@type\":\"WebPage\",\"@id\":\"https:\/\/socjolab.pl\/?p=1795\",\"url\":\"https:\/\/socjolab.pl\/?p=1795\",\"name\":\"Wiedza poparta naukowo - SOCJOLAB\",\"isPartOf\":{\"@id\":\"https:\/\/socjolab.pl\/#website\"},\"primaryImageOfPage\":{\"@id\":\"https:\/\/socjolab.pl\/?p=1795#primaryimage\"},\"image\":{\"@id\":\"https:\/\/socjolab.pl\/?p=1795#primaryimage\"},\"thumbnailUrl\":\"https:\/\/socjolab.pl\/wp-content\/uploads\/2025\/03\/Laboratorium-spoleczne-17.jpg\",\"datePublished\":\"2025-02-28T10:25:00+00:00\",\"dateModified\":\"2025-03-05T11:19:25+00:00\",\"description\":\"Przedstawiamy artyku\u0142 naukowy dot. wizerunku pracownika administracji publicznej i granic prawa do jego publikowania!\",\"breadcrumb\":{\"@id\":\"https:\/\/socjolab.pl\/?p=1795#breadcrumb\"},\"inLanguage\":\"pl-PL\",\"potentialAction\":[{\"@type\":\"ReadAction\",\"target\":[\"https:\/\/socjolab.pl\/?p=1795\"]}]},{\"@type\":\"ImageObject\",\"inLanguage\":\"pl-PL\",\"@id\":\"https:\/\/socjolab.pl\/?p=1795#primaryimage\",\"url\":\"https:\/\/socjolab.pl\/wp-content\/uploads\/2025\/03\/Laboratorium-spoleczne-17.jpg\",\"contentUrl\":\"https:\/\/socjolab.pl\/wp-content\/uploads\/2025\/03\/Laboratorium-spoleczne-17.jpg\",\"width\":1920,\"height\":1080,\"caption\":\"SOCJOLAB DR RAFA\u0141 GUZOWSKI\"},{\"@type\":\"BreadcrumbList\",\"@id\":\"https:\/\/socjolab.pl\/?p=1795#breadcrumb\",\"itemListElement\":[{\"@type\":\"ListItem\",\"position\":1,\"name\":\"Strona g\u0142\u00f3wna\",\"item\":\"https:\/\/socjolab.pl\/\"},{\"@type\":\"ListItem\",\"position\":2,\"name\":\"Wiedza poparta naukowo\"}]},{\"@type\":\"WebSite\",\"@id\":\"https:\/\/socjolab.pl\/#website\",\"url\":\"https:\/\/socjolab.pl\/\",\"name\":\"SOCJOLAB\",\"description\":\"szkolenia, doradztwo\",\"publisher\":{\"@id\":\"https:\/\/socjolab.pl\/#organization\"},\"potentialAction\":[{\"@type\":\"SearchAction\",\"target\":{\"@type\":\"EntryPoint\",\"urlTemplate\":\"https:\/\/socjolab.pl\/?s={search_term_string}\"},\"query-input\":{\"@type\":\"PropertyValueSpecification\",\"valueRequired\":true,\"valueName\":\"search_term_string\"}}],\"inLanguage\":\"pl-PL\"},{\"@type\":\"Organization\",\"@id\":\"https:\/\/socjolab.pl\/#organization\",\"name\":\"CENTRUM SZKOLENIOWE\",\"url\":\"https:\/\/socjolab.pl\/\",\"logo\":{\"@type\":\"ImageObject\",\"inLanguage\":\"pl-PL\",\"@id\":\"https:\/\/socjolab.pl\/#\/schema\/logo\/image\/\",\"url\":\"https:\/\/socjolab.pl\/wp-content\/uploads\/2024\/03\/Bezowy-Pomaranczowy-Niebieski-i-Zielony-Nieregularne-Bazgroly-Zestaw-do-Swietowania-dla-Firmy-Post-na-Facebooka.jpg\",\"contentUrl\":\"https:\/\/socjolab.pl\/wp-content\/uploads\/2024\/03\/Bezowy-Pomaranczowy-Niebieski-i-Zielony-Nieregularne-Bazgroly-Zestaw-do-Swietowania-dla-Firmy-Post-na-Facebooka.jpg\",\"width\":940,\"height\":788,\"caption\":\"CENTRUM SZKOLENIOWE\"},\"image\":{\"@id\":\"https:\/\/socjolab.pl\/#\/schema\/logo\/image\/\"}},{\"@type\":\"Person\",\"@id\":\"https:\/\/socjolab.pl\/#\/schema\/person\/fe6eb68d8df4a70ddc05510de89286c4\",\"name\":\"admin\",\"image\":{\"@type\":\"ImageObject\",\"inLanguage\":\"pl-PL\",\"@id\":\"https:\/\/socjolab.pl\/#\/schema\/person\/image\/\",\"url\":\"https:\/\/secure.gravatar.com\/avatar\/1a6fbe7312a100f8cf31e6944992876bdc9944a2b29107ef260fd2aa72a26376?s=96&d=mm&r=g\",\"contentUrl\":\"https:\/\/secure.gravatar.com\/avatar\/1a6fbe7312a100f8cf31e6944992876bdc9944a2b29107ef260fd2aa72a26376?s=96&d=mm&r=g\",\"caption\":\"admin\"},\"sameAs\":[\"http:\/\/socjolab.pl\"],\"url\":\"https:\/\/socjolab.pl\/?author=1\"}]}<\/script>\n<!-- \/ Yoast SEO plugin. -->","yoast_head_json":{"title":"Wiedza poparta naukowo - SOCJOLAB","description":"Przedstawiamy artyku\u0142 naukowy dot. wizerunku pracownika administracji publicznej i granic prawa do jego publikowania!","robots":{"index":"index","follow":"follow","max-snippet":"max-snippet:-1","max-image-preview":"max-image-preview:large","max-video-preview":"max-video-preview:-1"},"canonical":"https:\/\/socjolab.pl\/?p=1795","og_locale":"pl_PL","og_type":"article","og_title":"Wiedza poparta naukowo - SOCJOLAB","og_description":"Przedstawiamy artyku\u0142 naukowy dot. wizerunku pracownika administracji publicznej i granic prawa do jego publikowania!","og_url":"https:\/\/socjolab.pl\/?p=1795","og_site_name":"SOCJOLAB","article_published_time":"2025-02-28T10:25:00+00:00","article_modified_time":"2025-03-05T11:19:25+00:00","og_image":[{"width":1920,"height":1080,"url":"https:\/\/socjolab.pl\/wp-content\/uploads\/2025\/03\/Laboratorium-spoleczne-17.jpg","type":"image\/jpeg"}],"author":"admin","twitter_card":"summary_large_image","twitter_misc":{"Napisane przez":"admin","Szacowany czas czytania":"4 minuty"},"schema":{"@context":"https:\/\/schema.org","@graph":[{"@type":"Article","@id":"https:\/\/socjolab.pl\/?p=1795#article","isPartOf":{"@id":"https:\/\/socjolab.pl\/?p=1795"},"author":{"name":"admin","@id":"https:\/\/socjolab.pl\/#\/schema\/person\/fe6eb68d8df4a70ddc05510de89286c4"},"headline":"Wiedza poparta naukowo","datePublished":"2025-02-28T10:25:00+00:00","dateModified":"2025-03-05T11:19:25+00:00","mainEntityOfPage":{"@id":"https:\/\/socjolab.pl\/?p=1795"},"wordCount":658,"commentCount":0,"publisher":{"@id":"https:\/\/socjolab.pl\/#organization"},"image":{"@id":"https:\/\/socjolab.pl\/?p=1795#primaryimage"},"thumbnailUrl":"https:\/\/socjolab.pl\/wp-content\/uploads\/2025\/03\/Laboratorium-spoleczne-17.jpg","keywords":["artyku\u0142 naukowy","ochrona wizerunku","wiedza","wizerunek"],"articleSection":["informacja","wiedza"],"inLanguage":"pl-PL","potentialAction":[{"@type":"CommentAction","name":"Comment","target":["https:\/\/socjolab.pl\/?p=1795#respond"]}]},{"@type":"WebPage","@id":"https:\/\/socjolab.pl\/?p=1795","url":"https:\/\/socjolab.pl\/?p=1795","name":"Wiedza poparta naukowo - SOCJOLAB","isPartOf":{"@id":"https:\/\/socjolab.pl\/#website"},"primaryImageOfPage":{"@id":"https:\/\/socjolab.pl\/?p=1795#primaryimage"},"image":{"@id":"https:\/\/socjolab.pl\/?p=1795#primaryimage"},"thumbnailUrl":"https:\/\/socjolab.pl\/wp-content\/uploads\/2025\/03\/Laboratorium-spoleczne-17.jpg","datePublished":"2025-02-28T10:25:00+00:00","dateModified":"2025-03-05T11:19:25+00:00","description":"Przedstawiamy artyku\u0142 naukowy dot. wizerunku pracownika administracji publicznej i granic prawa do jego publikowania!","breadcrumb":{"@id":"https:\/\/socjolab.pl\/?p=1795#breadcrumb"},"inLanguage":"pl-PL","potentialAction":[{"@type":"ReadAction","target":["https:\/\/socjolab.pl\/?p=1795"]}]},{"@type":"ImageObject","inLanguage":"pl-PL","@id":"https:\/\/socjolab.pl\/?p=1795#primaryimage","url":"https:\/\/socjolab.pl\/wp-content\/uploads\/2025\/03\/Laboratorium-spoleczne-17.jpg","contentUrl":"https:\/\/socjolab.pl\/wp-content\/uploads\/2025\/03\/Laboratorium-spoleczne-17.jpg","width":1920,"height":1080,"caption":"SOCJOLAB DR RAFA\u0141 GUZOWSKI"},{"@type":"BreadcrumbList","@id":"https:\/\/socjolab.pl\/?p=1795#breadcrumb","itemListElement":[{"@type":"ListItem","position":1,"name":"Strona g\u0142\u00f3wna","item":"https:\/\/socjolab.pl\/"},{"@type":"ListItem","position":2,"name":"Wiedza poparta naukowo"}]},{"@type":"WebSite","@id":"https:\/\/socjolab.pl\/#website","url":"https:\/\/socjolab.pl\/","name":"SOCJOLAB","description":"szkolenia, doradztwo","publisher":{"@id":"https:\/\/socjolab.pl\/#organization"},"potentialAction":[{"@type":"SearchAction","target":{"@type":"EntryPoint","urlTemplate":"https:\/\/socjolab.pl\/?s={search_term_string}"},"query-input":{"@type":"PropertyValueSpecification","valueRequired":true,"valueName":"search_term_string"}}],"inLanguage":"pl-PL"},{"@type":"Organization","@id":"https:\/\/socjolab.pl\/#organization","name":"CENTRUM SZKOLENIOWE","url":"https:\/\/socjolab.pl\/","logo":{"@type":"ImageObject","inLanguage":"pl-PL","@id":"https:\/\/socjolab.pl\/#\/schema\/logo\/image\/","url":"https:\/\/socjolab.pl\/wp-content\/uploads\/2024\/03\/Bezowy-Pomaranczowy-Niebieski-i-Zielony-Nieregularne-Bazgroly-Zestaw-do-Swietowania-dla-Firmy-Post-na-Facebooka.jpg","contentUrl":"https:\/\/socjolab.pl\/wp-content\/uploads\/2024\/03\/Bezowy-Pomaranczowy-Niebieski-i-Zielony-Nieregularne-Bazgroly-Zestaw-do-Swietowania-dla-Firmy-Post-na-Facebooka.jpg","width":940,"height":788,"caption":"CENTRUM SZKOLENIOWE"},"image":{"@id":"https:\/\/socjolab.pl\/#\/schema\/logo\/image\/"}},{"@type":"Person","@id":"https:\/\/socjolab.pl\/#\/schema\/person\/fe6eb68d8df4a70ddc05510de89286c4","name":"admin","image":{"@type":"ImageObject","inLanguage":"pl-PL","@id":"https:\/\/socjolab.pl\/#\/schema\/person\/image\/","url":"https:\/\/secure.gravatar.com\/avatar\/1a6fbe7312a100f8cf31e6944992876bdc9944a2b29107ef260fd2aa72a26376?s=96&d=mm&r=g","contentUrl":"https:\/\/secure.gravatar.com\/avatar\/1a6fbe7312a100f8cf31e6944992876bdc9944a2b29107ef260fd2aa72a26376?s=96&d=mm&r=g","caption":"admin"},"sameAs":["http:\/\/socjolab.pl"],"url":"https:\/\/socjolab.pl\/?author=1"}]}},"_links":{"self":[{"href":"https:\/\/socjolab.pl\/index.php?rest_route=\/wp\/v2\/posts\/1795","targetHints":{"allow":["GET"]}}],"collection":[{"href":"https:\/\/socjolab.pl\/index.php?rest_route=\/wp\/v2\/posts"}],"about":[{"href":"https:\/\/socjolab.pl\/index.php?rest_route=\/wp\/v2\/types\/post"}],"author":[{"embeddable":true,"href":"https:\/\/socjolab.pl\/index.php?rest_route=\/wp\/v2\/users\/1"}],"replies":[{"embeddable":true,"href":"https:\/\/socjolab.pl\/index.php?rest_route=%2Fwp%2Fv2%2Fcomments&post=1795"}],"version-history":[{"count":1,"href":"https:\/\/socjolab.pl\/index.php?rest_route=\/wp\/v2\/posts\/1795\/revisions"}],"predecessor-version":[{"id":1797,"href":"https:\/\/socjolab.pl\/index.php?rest_route=\/wp\/v2\/posts\/1795\/revisions\/1797"}],"wp:featuredmedia":[{"embeddable":true,"href":"https:\/\/socjolab.pl\/index.php?rest_route=\/wp\/v2\/media\/1796"}],"wp:attachment":[{"href":"https:\/\/socjolab.pl\/index.php?rest_route=%2Fwp%2Fv2%2Fmedia&parent=1795"}],"wp:term":[{"taxonomy":"category","embeddable":true,"href":"https:\/\/socjolab.pl\/index.php?rest_route=%2Fwp%2Fv2%2Fcategories&post=1795"},{"taxonomy":"post_tag","embeddable":true,"href":"https:\/\/socjolab.pl\/index.php?rest_route=%2Fwp%2Fv2%2Ftags&post=1795"}],"curies":[{"name":"wp","href":"https:\/\/api.w.org\/{rel}","templated":true}]}}