{"id":1766,"date":"2025-01-31T19:11:33","date_gmt":"2025-01-31T18:11:33","guid":{"rendered":"https:\/\/socjolab.pl\/?p=1766"},"modified":"2025-01-31T19:15:57","modified_gmt":"2025-01-31T18:15:57","slug":"komunikacja-w-grupie","status":"publish","type":"post","link":"https:\/\/socjolab.pl\/?p=1766","title":{"rendered":"Komunikacja w grupie \u2013 dlaczego \u201eJa\u201d ma znaczenie?"},"content":{"rendered":"\n<p>Efektywna komunikacja to fundament dobrze funkcjonuj\u0105cego zespo\u0142u. Nie chodzi tylko o przekazywanie informacji, ale o spos\u00f3b, w jaki to robimy. W tym kontek\u015bcie kluczowe znaczenie ma asertywno\u015b\u0107, wyra\u017canie w\u0142asnych emocji oraz \u015bwiadomo\u015b\u0107 tego, jak nasze s\u0142owa wp\u0142ywaj\u0105 na innych.<\/p>\n\n\n\n<p>Zespo\u0142y, kt\u00f3re potrafi\u0105 otwarcie komunikowa\u0107 swoje potrzeby, szybciej rozwi\u0105zuj\u0105 konflikty i pracuj\u0105 w lepszej atmosferze. Jak powiedzia\u0142 Peter Drucker: <strong>\u201eNajwa\u017cniejsz\u0105 rzecz\u0105 w komunikacji jest us\u0142yszenie tego, co nie zosta\u0142o powiedziane.\u201d<\/strong> To w\u0142a\u015bnie w umiej\u0119tno\u015bci rozumienia emocji \u2013 w\u0142asnych i innych \u2013 kryje si\u0119 si\u0142a dobrego zespo\u0142u.<\/p>\n\n\n\n<h3 class=\"wp-block-heading\">Komunikacja asertywna \u2013 sztuka r\u00f3wnowagi<\/h3>\n\n\n\n<p>Asertywno\u015b\u0107 to nie agresja ani uleg\u0142o\u015b\u0107, lecz zdolno\u015b\u0107 do wyra\u017cania swoich my\u015bli i uczu\u0107 z poszanowaniem granic innych. Osoby, kt\u00f3re komunikuj\u0105 si\u0119 asertywnie, nie boj\u0105 si\u0119 m\u00f3wi\u0107 o swoich potrzebach, ale jednocze\u015bnie potrafi\u0105 s\u0142ucha\u0107. W zespo\u0142ach, gdzie ludzie otwarcie dziel\u0105 si\u0119 swoimi emocjami i opiniami, nie dochodzi do t\u0142umienia frustracji, kt\u00f3re mog\u0105 prowadzi\u0107 do konflikt\u00f3w.<\/p>\n\n\n\n<p>Marshall B. Rosenberg, tw\u00f3rca Porozumienia bez Przemocy, podkre\u015bla\u0142, \u017ce: <strong>\u201eS\u0142owa mog\u0105 by\u0107 oknami lub murami.\u201d<\/strong> To od nas zale\u017cy, czy nasza komunikacja b\u0119dzie budowa\u0107 mosty, czy raczej oddziela\u0107 ludzi od siebie.<\/p>\n\n\n\n<p>Jednym z najprostszych narz\u0119dzi asertywnej komunikacji jest stosowanie komunikat\u00f3w \u201eJa\u201d zamiast \u201eTy\u201d.<\/p>\n\n\n\n<p>Przyk\u0142ady:<br>\u274c <strong>\u201eTy nigdy nie s\u0142uchasz moich pomys\u0142\u00f3w!\u201d<\/strong><br>\u2705 <strong>\u201eCzuj\u0119 si\u0119 pomijany, gdy moje pomys\u0142y nie s\u0105 brane pod uwag\u0119.\u201d<\/strong><\/p>\n\n\n\n<p>Zamiana oskar\u017ce\u0144 na osobiste odczucia pozwala unikn\u0105\u0107 eskalacji konfliktu i otwiera przestrze\u0144 do merytorycznej rozmowy.<\/p>\n\n\n\n<h3 class=\"wp-block-heading\"><strong>Komunikacja w grupie \u2013 dlaczego \u201eJa\u201d ma znaczenie?<\/strong><\/h3>\n\n\n\n<p>Efektywna komunikacja to fundament dobrze funkcjonuj\u0105cego zespo\u0142u. Nie chodzi tylko o przekazywanie informacji, ale o spos\u00f3b, w jaki to robimy. W tym kontek\u015bcie kluczowe znaczenie ma asertywno\u015b\u0107, wyra\u017canie w\u0142asnych emocji oraz \u015bwiadomo\u015b\u0107 tego, jak nasze s\u0142owa wp\u0142ywaj\u0105 na innych.<\/p>\n\n\n\n<p>Zespo\u0142y, kt\u00f3re potrafi\u0105 otwarcie komunikowa\u0107 swoje potrzeby, szybciej rozwi\u0105zuj\u0105 konflikty i pracuj\u0105 w lepszej atmosferze. Jak powiedzia\u0142 Peter Drucker:<br><strong>\u201eNajwa\u017cniejsz\u0105 rzecz\u0105 w komunikacji jest us\u0142yszenie tego, co nie zosta\u0142o powiedziane.\u201d<\/strong><br>To w\u0142a\u015bnie w umiej\u0119tno\u015bci rozumienia emocji \u2013 w\u0142asnych i innych \u2013 kryje si\u0119 si\u0142a dobrego zespo\u0142u.<\/p>\n\n\n\n<hr class=\"wp-block-separator has-alpha-channel-opacity\"\/>\n\n\n\n<h2 class=\"wp-block-heading\"><\/h2>\n\n\n\n<hr class=\"wp-block-separator has-alpha-channel-opacity\"\/>\n\n\n\n<h2 class=\"wp-block-heading\"><strong>Emocje w zespole \u2013 lekcja od Paula Ekmana<\/strong><\/h2>\n\n\n\n<h2 class=\"wp-block-heading\"><strong>Uniwersalno\u015b\u0107 emocji \u2013 fundament komunikacji<\/strong><\/h2>\n\n\n\n<p>Ekman, na podstawie bada\u0144 mi\u0119dzykulturowych, wykaza\u0142, \u017ce sze\u015b\u0107 podstawowych emocji \u2013 <strong>rado\u015b\u0107, smutek, z\u0142o\u015b\u0107, strach, zaskoczenie i wstr\u0119t<\/strong> \u2013 jest wsp\u00f3lnych dla wszystkich ludzi, niezale\u017cnie od pochodzenia, kultury czy j\u0119zyka. Udowodni\u0142, \u017ce mimika wyra\u017caj\u0105ca te emocje jest wrodzona, a nie wyuczona. Oznacza to, \u017ce spos\u00f3b, w jaki wyra\u017camy podstawowe emocje, jest zrozumia\u0142y na ca\u0142ym \u015bwiecie.<\/p>\n\n\n\n<p>To odkrycie ma kluczowe znaczenie dla komunikacji w zespo\u0142ach, szczeg\u00f3lnie w \u015brodowiskach wielokulturowych. \u015awiadomo\u015b\u0107 emocji w\u0142asnych i innych pozwala na lepsze porozumienie i unikanie konflikt\u00f3w wynikaj\u0105cych z b\u0142\u0119dnej interpretacji zachowa\u0144.<\/p>\n\n\n\n<p>Jak m\u00f3wi\u0142 Ekman:<br><strong>\u201eEmocje zmieniaj\u0105 spos\u00f3b, w jaki postrzegamy \u015bwiat i jak t\u0142umaczymy dzia\u0142ania innych ludzi.\u201d<\/strong><\/p>\n\n\n\n<p>Innymi s\u0142owy, nasze emocje wp\u0142ywaj\u0105 nie tylko na to, jak si\u0119 czujemy, ale r\u00f3wnie\u017c na to, jak odbieramy rzeczywisto\u015b\u0107. Dlatego tak wa\u017cne jest, aby w pracy zespo\u0142owej nauczy\u0107 si\u0119 rozpoznawa\u0107 swoje emocje i \u015bwiadomie nimi zarz\u0105dza\u0107.<\/p>\n\n\n\n<p>Paul Ekman, ameryka\u0144ski psycholog, wyr\u00f3\u017cni\u0142 sze\u015b\u0107 podstawowych emocji:<\/p>\n\n\n\n<figure class=\"wp-block-image size-large\"><img fetchpriority=\"high\" decoding=\"async\" width=\"1024\" height=\"576\" src=\"https:\/\/socjolab.pl\/wp-content\/uploads\/2025\/01\/Laboratorium-spoleczne-14-1024x576.jpg\" alt=\"\" class=\"wp-image-1767\" srcset=\"https:\/\/socjolab.pl\/wp-content\/uploads\/2025\/01\/Laboratorium-spoleczne-14-1024x576.jpg 1024w, https:\/\/socjolab.pl\/wp-content\/uploads\/2025\/01\/Laboratorium-spoleczne-14-300x169.jpg 300w, https:\/\/socjolab.pl\/wp-content\/uploads\/2025\/01\/Laboratorium-spoleczne-14-768x432.jpg 768w, https:\/\/socjolab.pl\/wp-content\/uploads\/2025\/01\/Laboratorium-spoleczne-14-1536x864.jpg 1536w, https:\/\/socjolab.pl\/wp-content\/uploads\/2025\/01\/Laboratorium-spoleczne-14.jpg 1920w\" sizes=\"(max-width: 1024px) 100vw, 1024px\" \/><\/figure>\n\n\n\n<p><\/p>\n\n\n\n<p>1\ufe0f\u20e3 <strong>Rado\u015b\u0107<\/strong> \u2013 buduje motywacj\u0119 i pozytywne relacje w zespole.<br>2\ufe0f\u20e3 <strong>Smutek<\/strong> \u2013 sygnalizuje straty i pozwala na refleksj\u0119.<br>3\ufe0f\u20e3 <strong>Z\u0142o\u015b\u0107<\/strong> \u2013 mo\u017ce by\u0107 konstruktywna, je\u015bli wyra\u017cana jest w spos\u00f3b kontrolowany.<br>4\ufe0f\u20e3 <strong>Strach<\/strong> \u2013 pomaga dostrzega\u0107 zagro\u017cenia i odpowiednio reagowa\u0107.<br>5\ufe0f\u20e3 <strong>Zaskoczenie<\/strong> \u2013 umo\u017cliwia szybk\u0105 adaptacj\u0119 do nowych sytuacji.<br>6\ufe0f\u20e3 <strong>Wstr\u0119t<\/strong> \u2013 chroni nas przed sytuacjami, kt\u00f3re uznajemy za szkodliwe.<\/p>\n\n\n\n<p>\u015awiadomo\u015b\u0107 emocji \u2013 zar\u00f3wno w\u0142asnych, jak i innych os\u00f3b \u2013 pozwala lepiej rozumie\u0107 dynamik\u0119 zespo\u0142u. Ignorowanie emocji nie sprawia, \u017ce znikaj\u0105. Wr\u0119cz przeciwnie \u2013 mog\u0105 si\u0119 kumulowa\u0107 i prowadzi\u0107 do nieporozumie\u0144.<\/p>\n\n\n\n<h2 class=\"wp-block-heading\"><strong>Zarz\u0105dzanie emocjami \u2013 klucz do sukcesu<\/strong><\/h2>\n\n\n\n<p>Emocje s\u0105 nieod\u0142\u0105cznym elementem ludzkiego do\u015bwiadczenia. Nie da si\u0119 ich wyeliminowa\u0107, ale mo\u017cna si\u0119 nauczy\u0107 je rozpoznawa\u0107 i konstruktywnie wykorzystywa\u0107. W\u0142a\u015bnie dlatego Paul Ekman po\u015bwi\u0119ci\u0142 wiele lat na badanie mikroekspresji \u2013 kr\u00f3tkich, mimowolnych reakcji, kt\u00f3re zdradzaj\u0105 nasze prawdziwe uczucia.<\/p>\n\n\n\n<p>Dzi\u0119ki jego badaniom wiemy, \u017ce skuteczna komunikacja w zespole to nie tylko s\u0142owa, ale r\u00f3wnie\u017c umiej\u0119tno\u015b\u0107 odczytywania emocji. \u015awiadomo\u015b\u0107 emocjonalna pomaga w budowaniu silniejszych, bardziej zgranych zespo\u0142\u00f3w, kt\u00f3re potrafi\u0105 efektywnie wsp\u00f3\u0142pracowa\u0107 i radzi\u0107 sobie z wyzwaniami.<\/p>\n\n\n\n<p>Na koniec warto przypomnie\u0107 s\u0142owa Ekmana: <strong>\u201eJe\u015bli nie kontrolujemy naszych emocji, one zaczynaj\u0105 kontrolowa\u0107 nas.\u201d<\/strong><\/p>\n\n\n\n<blockquote class=\"wp-block-quote is-layout-flow wp-block-quote-is-layout-flow\">\n<blockquote class=\"wp-block-quote is-layout-flow wp-block-quote-is-layout-flow\">\n<p>\u015awiadoma komunikacja to nie tylko wymiana informacji, ale tak\u017ce budowanie atmosfery wsp\u00f3\u0142pracy i wzajemnego szacunku. Gdy uczymy si\u0119 m\u00f3wi\u0107 o swoich emocjach i potrzebach w spos\u00f3b asertywny, tworzymy zesp\u00f3\u0142, kt\u00f3ry nie tylko pracuje efektywnie, ale r\u00f3wnie\u017c lepiej si\u0119 rozumie. Mo\u017ce okaza\u0107 si\u0119, \u017ce szkolenie dotycz\u0105ce <a href=\"https:\/\/socjolab.pl\/?page_id=926\">r\u00f3l w zespole <\/a>b\u0119dzie ciekawym do\u015bwiadczeniem!<\/p>\n<\/blockquote>\n<\/blockquote>\n\n\n\n<p><\/p>\n","protected":false},"excerpt":{"rendered":"<p>Efektywna komunikacja to fundament dobrze funkcjonuj\u0105cego zespo\u0142u. Nie chodzi tylko o przekazywanie informacji, ale o spos\u00f3b, w jaki to robimy. W tym kontek\u015bcie kluczowe znaczenie&hellip;&nbsp;<a href=\"https:\/\/socjolab.pl\/?p=1766\" class=\"\" rel=\"bookmark\">Dowiedz si\u0119 wi\u0119cej &raquo;<span class=\"screen-reader-text\">Komunikacja w grupie \u2013 dlaczego \u201eJa\u201d ma znaczenie?<\/span><\/a><\/p>\n","protected":false},"author":1,"featured_media":1768,"comment_status":"open","ping_status":"open","sticky":false,"template":"","format":"standard","meta":{"neve_meta_sidebar":"","neve_meta_container":"","neve_meta_enable_content_width":"","neve_meta_content_width":0,"neve_meta_title_alignment":"","neve_meta_author_avatar":"","neve_post_elements_order":"","neve_meta_disable_header":"","neve_meta_disable_footer":"","neve_meta_disable_title":"","footnotes":""},"categories":[1],"tags":[],"class_list":["post-1766","post","type-post","status-publish","format-standard","has-post-thumbnail","hentry","category-bez-kategorii"],"yoast_head":"<!-- This site is optimized with the Yoast SEO plugin v26.8 - https:\/\/yoast.com\/product\/yoast-seo-wordpress\/ -->\n<title>Komunikacja w grupie \u2013 dlaczego \u201eJa\u201d ma znaczenie? - SOCJOLAB<\/title>\n<meta name=\"description\" content=\"Efektywna komunikacja to fundament dobrze funkcjonuj\u0105cego zespo\u0142u. Dlaczego wa\u017cna jest komunikacja w grupie?\" \/>\n<meta name=\"robots\" content=\"index, follow, max-snippet:-1, max-image-preview:large, max-video-preview:-1\" \/>\n<link rel=\"canonical\" href=\"https:\/\/socjolab.pl\/?p=1766\" \/>\n<meta property=\"og:locale\" content=\"pl_PL\" \/>\n<meta property=\"og:type\" content=\"article\" \/>\n<meta property=\"og:title\" content=\"Komunikacja w grupie \u2013 dlaczego \u201eJa\u201d ma znaczenie? - SOCJOLAB\" \/>\n<meta property=\"og:description\" content=\"Efektywna komunikacja to fundament dobrze funkcjonuj\u0105cego zespo\u0142u. Dlaczego wa\u017cna jest komunikacja w grupie?\" \/>\n<meta property=\"og:url\" content=\"https:\/\/socjolab.pl\/?p=1766\" \/>\n<meta property=\"og:site_name\" content=\"SOCJOLAB\" \/>\n<meta property=\"article:published_time\" content=\"2025-01-31T18:11:33+00:00\" \/>\n<meta property=\"article:modified_time\" content=\"2025-01-31T18:15:57+00:00\" \/>\n<meta property=\"og:image\" content=\"https:\/\/socjolab.pl\/wp-content\/uploads\/2025\/01\/Laboratorium-spoleczne-15.jpg\" \/>\n\t<meta property=\"og:image:width\" content=\"1920\" \/>\n\t<meta property=\"og:image:height\" content=\"1080\" \/>\n\t<meta property=\"og:image:type\" content=\"image\/jpeg\" \/>\n<meta name=\"author\" content=\"admin\" \/>\n<meta name=\"twitter:card\" content=\"summary_large_image\" \/>\n<meta name=\"twitter:label1\" content=\"Napisane przez\" \/>\n\t<meta name=\"twitter:data1\" content=\"admin\" \/>\n\t<meta name=\"twitter:label2\" content=\"Szacowany czas czytania\" \/>\n\t<meta name=\"twitter:data2\" content=\"5 minut\" \/>\n<script type=\"application\/ld+json\" class=\"yoast-schema-graph\">{\"@context\":\"https:\/\/schema.org\",\"@graph\":[{\"@type\":\"Article\",\"@id\":\"https:\/\/socjolab.pl\/?p=1766#article\",\"isPartOf\":{\"@id\":\"https:\/\/socjolab.pl\/?p=1766\"},\"author\":{\"name\":\"admin\",\"@id\":\"https:\/\/socjolab.pl\/#\/schema\/person\/fe6eb68d8df4a70ddc05510de89286c4\"},\"headline\":\"Komunikacja w grupie \u2013 dlaczego \u201eJa\u201d ma znaczenie?\",\"datePublished\":\"2025-01-31T18:11:33+00:00\",\"dateModified\":\"2025-01-31T18:15:57+00:00\",\"mainEntityOfPage\":{\"@id\":\"https:\/\/socjolab.pl\/?p=1766\"},\"wordCount\":830,\"commentCount\":0,\"publisher\":{\"@id\":\"https:\/\/socjolab.pl\/#organization\"},\"image\":{\"@id\":\"https:\/\/socjolab.pl\/?p=1766#primaryimage\"},\"thumbnailUrl\":\"https:\/\/socjolab.pl\/wp-content\/uploads\/2025\/01\/Laboratorium-spoleczne-15.jpg\",\"inLanguage\":\"pl-PL\",\"potentialAction\":[{\"@type\":\"CommentAction\",\"name\":\"Comment\",\"target\":[\"https:\/\/socjolab.pl\/?p=1766#respond\"]}]},{\"@type\":\"WebPage\",\"@id\":\"https:\/\/socjolab.pl\/?p=1766\",\"url\":\"https:\/\/socjolab.pl\/?p=1766\",\"name\":\"Komunikacja w grupie \u2013 dlaczego \u201eJa\u201d ma znaczenie? - SOCJOLAB\",\"isPartOf\":{\"@id\":\"https:\/\/socjolab.pl\/#website\"},\"primaryImageOfPage\":{\"@id\":\"https:\/\/socjolab.pl\/?p=1766#primaryimage\"},\"image\":{\"@id\":\"https:\/\/socjolab.pl\/?p=1766#primaryimage\"},\"thumbnailUrl\":\"https:\/\/socjolab.pl\/wp-content\/uploads\/2025\/01\/Laboratorium-spoleczne-15.jpg\",\"datePublished\":\"2025-01-31T18:11:33+00:00\",\"dateModified\":\"2025-01-31T18:15:57+00:00\",\"description\":\"Efektywna komunikacja to fundament dobrze funkcjonuj\u0105cego zespo\u0142u. Dlaczego wa\u017cna jest komunikacja w grupie?\",\"breadcrumb\":{\"@id\":\"https:\/\/socjolab.pl\/?p=1766#breadcrumb\"},\"inLanguage\":\"pl-PL\",\"potentialAction\":[{\"@type\":\"ReadAction\",\"target\":[\"https:\/\/socjolab.pl\/?p=1766\"]}]},{\"@type\":\"ImageObject\",\"inLanguage\":\"pl-PL\",\"@id\":\"https:\/\/socjolab.pl\/?p=1766#primaryimage\",\"url\":\"https:\/\/socjolab.pl\/wp-content\/uploads\/2025\/01\/Laboratorium-spoleczne-15.jpg\",\"contentUrl\":\"https:\/\/socjolab.pl\/wp-content\/uploads\/2025\/01\/Laboratorium-spoleczne-15.jpg\",\"width\":1920,\"height\":1080,\"caption\":\"komunikacja w grupie, socjolab dr Rafa\u0142 Guzowski\"},{\"@type\":\"BreadcrumbList\",\"@id\":\"https:\/\/socjolab.pl\/?p=1766#breadcrumb\",\"itemListElement\":[{\"@type\":\"ListItem\",\"position\":1,\"name\":\"Strona g\u0142\u00f3wna\",\"item\":\"https:\/\/socjolab.pl\/\"},{\"@type\":\"ListItem\",\"position\":2,\"name\":\"Komunikacja w grupie \u2013 dlaczego \u201eJa\u201d ma znaczenie?\"}]},{\"@type\":\"WebSite\",\"@id\":\"https:\/\/socjolab.pl\/#website\",\"url\":\"https:\/\/socjolab.pl\/\",\"name\":\"SOCJOLAB\",\"description\":\"szkolenia, doradztwo\",\"publisher\":{\"@id\":\"https:\/\/socjolab.pl\/#organization\"},\"potentialAction\":[{\"@type\":\"SearchAction\",\"target\":{\"@type\":\"EntryPoint\",\"urlTemplate\":\"https:\/\/socjolab.pl\/?s={search_term_string}\"},\"query-input\":{\"@type\":\"PropertyValueSpecification\",\"valueRequired\":true,\"valueName\":\"search_term_string\"}}],\"inLanguage\":\"pl-PL\"},{\"@type\":\"Organization\",\"@id\":\"https:\/\/socjolab.pl\/#organization\",\"name\":\"CENTRUM SZKOLENIOWE\",\"url\":\"https:\/\/socjolab.pl\/\",\"logo\":{\"@type\":\"ImageObject\",\"inLanguage\":\"pl-PL\",\"@id\":\"https:\/\/socjolab.pl\/#\/schema\/logo\/image\/\",\"url\":\"https:\/\/socjolab.pl\/wp-content\/uploads\/2024\/03\/Bezowy-Pomaranczowy-Niebieski-i-Zielony-Nieregularne-Bazgroly-Zestaw-do-Swietowania-dla-Firmy-Post-na-Facebooka.jpg\",\"contentUrl\":\"https:\/\/socjolab.pl\/wp-content\/uploads\/2024\/03\/Bezowy-Pomaranczowy-Niebieski-i-Zielony-Nieregularne-Bazgroly-Zestaw-do-Swietowania-dla-Firmy-Post-na-Facebooka.jpg\",\"width\":940,\"height\":788,\"caption\":\"CENTRUM SZKOLENIOWE\"},\"image\":{\"@id\":\"https:\/\/socjolab.pl\/#\/schema\/logo\/image\/\"}},{\"@type\":\"Person\",\"@id\":\"https:\/\/socjolab.pl\/#\/schema\/person\/fe6eb68d8df4a70ddc05510de89286c4\",\"name\":\"admin\",\"image\":{\"@type\":\"ImageObject\",\"inLanguage\":\"pl-PL\",\"@id\":\"https:\/\/socjolab.pl\/#\/schema\/person\/image\/\",\"url\":\"https:\/\/secure.gravatar.com\/avatar\/1a6fbe7312a100f8cf31e6944992876bdc9944a2b29107ef260fd2aa72a26376?s=96&d=mm&r=g\",\"contentUrl\":\"https:\/\/secure.gravatar.com\/avatar\/1a6fbe7312a100f8cf31e6944992876bdc9944a2b29107ef260fd2aa72a26376?s=96&d=mm&r=g\",\"caption\":\"admin\"},\"sameAs\":[\"http:\/\/socjolab.pl\"],\"url\":\"https:\/\/socjolab.pl\/?author=1\"}]}<\/script>\n<!-- \/ Yoast SEO plugin. -->","yoast_head_json":{"title":"Komunikacja w grupie \u2013 dlaczego \u201eJa\u201d ma znaczenie? - SOCJOLAB","description":"Efektywna komunikacja to fundament dobrze funkcjonuj\u0105cego zespo\u0142u. Dlaczego wa\u017cna jest komunikacja w grupie?","robots":{"index":"index","follow":"follow","max-snippet":"max-snippet:-1","max-image-preview":"max-image-preview:large","max-video-preview":"max-video-preview:-1"},"canonical":"https:\/\/socjolab.pl\/?p=1766","og_locale":"pl_PL","og_type":"article","og_title":"Komunikacja w grupie \u2013 dlaczego \u201eJa\u201d ma znaczenie? - SOCJOLAB","og_description":"Efektywna komunikacja to fundament dobrze funkcjonuj\u0105cego zespo\u0142u. Dlaczego wa\u017cna jest komunikacja w grupie?","og_url":"https:\/\/socjolab.pl\/?p=1766","og_site_name":"SOCJOLAB","article_published_time":"2025-01-31T18:11:33+00:00","article_modified_time":"2025-01-31T18:15:57+00:00","og_image":[{"width":1920,"height":1080,"url":"https:\/\/socjolab.pl\/wp-content\/uploads\/2025\/01\/Laboratorium-spoleczne-15.jpg","type":"image\/jpeg"}],"author":"admin","twitter_card":"summary_large_image","twitter_misc":{"Napisane przez":"admin","Szacowany czas czytania":"5 minut"},"schema":{"@context":"https:\/\/schema.org","@graph":[{"@type":"Article","@id":"https:\/\/socjolab.pl\/?p=1766#article","isPartOf":{"@id":"https:\/\/socjolab.pl\/?p=1766"},"author":{"name":"admin","@id":"https:\/\/socjolab.pl\/#\/schema\/person\/fe6eb68d8df4a70ddc05510de89286c4"},"headline":"Komunikacja w grupie \u2013 dlaczego \u201eJa\u201d ma znaczenie?","datePublished":"2025-01-31T18:11:33+00:00","dateModified":"2025-01-31T18:15:57+00:00","mainEntityOfPage":{"@id":"https:\/\/socjolab.pl\/?p=1766"},"wordCount":830,"commentCount":0,"publisher":{"@id":"https:\/\/socjolab.pl\/#organization"},"image":{"@id":"https:\/\/socjolab.pl\/?p=1766#primaryimage"},"thumbnailUrl":"https:\/\/socjolab.pl\/wp-content\/uploads\/2025\/01\/Laboratorium-spoleczne-15.jpg","inLanguage":"pl-PL","potentialAction":[{"@type":"CommentAction","name":"Comment","target":["https:\/\/socjolab.pl\/?p=1766#respond"]}]},{"@type":"WebPage","@id":"https:\/\/socjolab.pl\/?p=1766","url":"https:\/\/socjolab.pl\/?p=1766","name":"Komunikacja w grupie \u2013 dlaczego \u201eJa\u201d ma znaczenie? - SOCJOLAB","isPartOf":{"@id":"https:\/\/socjolab.pl\/#website"},"primaryImageOfPage":{"@id":"https:\/\/socjolab.pl\/?p=1766#primaryimage"},"image":{"@id":"https:\/\/socjolab.pl\/?p=1766#primaryimage"},"thumbnailUrl":"https:\/\/socjolab.pl\/wp-content\/uploads\/2025\/01\/Laboratorium-spoleczne-15.jpg","datePublished":"2025-01-31T18:11:33+00:00","dateModified":"2025-01-31T18:15:57+00:00","description":"Efektywna komunikacja to fundament dobrze funkcjonuj\u0105cego zespo\u0142u. Dlaczego wa\u017cna jest komunikacja w grupie?","breadcrumb":{"@id":"https:\/\/socjolab.pl\/?p=1766#breadcrumb"},"inLanguage":"pl-PL","potentialAction":[{"@type":"ReadAction","target":["https:\/\/socjolab.pl\/?p=1766"]}]},{"@type":"ImageObject","inLanguage":"pl-PL","@id":"https:\/\/socjolab.pl\/?p=1766#primaryimage","url":"https:\/\/socjolab.pl\/wp-content\/uploads\/2025\/01\/Laboratorium-spoleczne-15.jpg","contentUrl":"https:\/\/socjolab.pl\/wp-content\/uploads\/2025\/01\/Laboratorium-spoleczne-15.jpg","width":1920,"height":1080,"caption":"komunikacja w grupie, socjolab dr Rafa\u0142 Guzowski"},{"@type":"BreadcrumbList","@id":"https:\/\/socjolab.pl\/?p=1766#breadcrumb","itemListElement":[{"@type":"ListItem","position":1,"name":"Strona g\u0142\u00f3wna","item":"https:\/\/socjolab.pl\/"},{"@type":"ListItem","position":2,"name":"Komunikacja w grupie \u2013 dlaczego \u201eJa\u201d ma znaczenie?"}]},{"@type":"WebSite","@id":"https:\/\/socjolab.pl\/#website","url":"https:\/\/socjolab.pl\/","name":"SOCJOLAB","description":"szkolenia, doradztwo","publisher":{"@id":"https:\/\/socjolab.pl\/#organization"},"potentialAction":[{"@type":"SearchAction","target":{"@type":"EntryPoint","urlTemplate":"https:\/\/socjolab.pl\/?s={search_term_string}"},"query-input":{"@type":"PropertyValueSpecification","valueRequired":true,"valueName":"search_term_string"}}],"inLanguage":"pl-PL"},{"@type":"Organization","@id":"https:\/\/socjolab.pl\/#organization","name":"CENTRUM SZKOLENIOWE","url":"https:\/\/socjolab.pl\/","logo":{"@type":"ImageObject","inLanguage":"pl-PL","@id":"https:\/\/socjolab.pl\/#\/schema\/logo\/image\/","url":"https:\/\/socjolab.pl\/wp-content\/uploads\/2024\/03\/Bezowy-Pomaranczowy-Niebieski-i-Zielony-Nieregularne-Bazgroly-Zestaw-do-Swietowania-dla-Firmy-Post-na-Facebooka.jpg","contentUrl":"https:\/\/socjolab.pl\/wp-content\/uploads\/2024\/03\/Bezowy-Pomaranczowy-Niebieski-i-Zielony-Nieregularne-Bazgroly-Zestaw-do-Swietowania-dla-Firmy-Post-na-Facebooka.jpg","width":940,"height":788,"caption":"CENTRUM SZKOLENIOWE"},"image":{"@id":"https:\/\/socjolab.pl\/#\/schema\/logo\/image\/"}},{"@type":"Person","@id":"https:\/\/socjolab.pl\/#\/schema\/person\/fe6eb68d8df4a70ddc05510de89286c4","name":"admin","image":{"@type":"ImageObject","inLanguage":"pl-PL","@id":"https:\/\/socjolab.pl\/#\/schema\/person\/image\/","url":"https:\/\/secure.gravatar.com\/avatar\/1a6fbe7312a100f8cf31e6944992876bdc9944a2b29107ef260fd2aa72a26376?s=96&d=mm&r=g","contentUrl":"https:\/\/secure.gravatar.com\/avatar\/1a6fbe7312a100f8cf31e6944992876bdc9944a2b29107ef260fd2aa72a26376?s=96&d=mm&r=g","caption":"admin"},"sameAs":["http:\/\/socjolab.pl"],"url":"https:\/\/socjolab.pl\/?author=1"}]}},"_links":{"self":[{"href":"https:\/\/socjolab.pl\/index.php?rest_route=\/wp\/v2\/posts\/1766","targetHints":{"allow":["GET"]}}],"collection":[{"href":"https:\/\/socjolab.pl\/index.php?rest_route=\/wp\/v2\/posts"}],"about":[{"href":"https:\/\/socjolab.pl\/index.php?rest_route=\/wp\/v2\/types\/post"}],"author":[{"embeddable":true,"href":"https:\/\/socjolab.pl\/index.php?rest_route=\/wp\/v2\/users\/1"}],"replies":[{"embeddable":true,"href":"https:\/\/socjolab.pl\/index.php?rest_route=%2Fwp%2Fv2%2Fcomments&post=1766"}],"version-history":[{"count":2,"href":"https:\/\/socjolab.pl\/index.php?rest_route=\/wp\/v2\/posts\/1766\/revisions"}],"predecessor-version":[{"id":1771,"href":"https:\/\/socjolab.pl\/index.php?rest_route=\/wp\/v2\/posts\/1766\/revisions\/1771"}],"wp:featuredmedia":[{"embeddable":true,"href":"https:\/\/socjolab.pl\/index.php?rest_route=\/wp\/v2\/media\/1768"}],"wp:attachment":[{"href":"https:\/\/socjolab.pl\/index.php?rest_route=%2Fwp%2Fv2%2Fmedia&parent=1766"}],"wp:term":[{"taxonomy":"category","embeddable":true,"href":"https:\/\/socjolab.pl\/index.php?rest_route=%2Fwp%2Fv2%2Fcategories&post=1766"},{"taxonomy":"post_tag","embeddable":true,"href":"https:\/\/socjolab.pl\/index.php?rest_route=%2Fwp%2Fv2%2Ftags&post=1766"}],"curies":[{"name":"wp","href":"https:\/\/api.w.org\/{rel}","templated":true}]}}