{"id":1576,"date":"2024-07-30T12:05:42","date_gmt":"2024-07-30T10:05:42","guid":{"rendered":"https:\/\/socjolab.pl\/?p=1576"},"modified":"2024-07-30T12:06:30","modified_gmt":"2024-07-30T10:06:30","slug":"szkolenia-w-socjolab","status":"publish","type":"post","link":"https:\/\/socjolab.pl\/?p=1576","title":{"rendered":"Nowe terminy"},"content":{"rendered":"\n<p>Cieszymy si\u0119, \u017ce mo\u017cemy og\u0142osi\u0107 nowe terminy szkole\u0144 dost\u0119pnych na platformie Eventis! Nasza oferta zosta\u0142a wzbogacona o pi\u0119\u0107 specjalistycznych szkole\u0144, kt\u00f3re mog\u0105 Pa\u0144stwa zainteresowa\u0107. Szkolenia te s\u0105 dost\u0119pne do indywidualnych zapis\u00f3w, co oznacza, \u017ce ka\u017cdy z Was mo\u017ce do\u0142\u0105czy\u0107 do wybranych kurs\u00f3w i rozwija\u0107 swoje umiej\u0119tno\u015bci w dogodnym dla siebie czasie.<\/p>\n\n\n\n<h3 class=\"wp-block-heading\">Lista dost\u0119pnych szkole\u0144:<\/h3>\n\n\n\n<ol class=\"wp-block-list\">\n<li><strong>Sygnalista w firmie<\/strong> Dowiedz si\u0119, jak wdro\u017cy\u0107 system zg\u0142aszania nieprawid\u0142owo\u015bci w organizacji i jakie korzy\u015bci p\u0142yn\u0105 z takiego rozwi\u0105zania. Szkolenie obejmuje aspekty prawne, procedury i narz\u0119dzia potrzebne do efektywnego zarz\u0105dzania zg\u0142oszeniami. Link do zapis\u00f3w: <a href=\"https:\/\/eventis.pl\/szkolenie\/sygnalista-w-firmie-94383-id89066\">tutaj<\/a><\/li>\n\n\n\n<li><strong>Ocena pracownicza<\/strong> Poznaj metody skutecznej oceny pracownik\u00f3w, kt\u00f3re pomog\u0105 w motywowaniu zespo\u0142u oraz identyfikacji obszar\u00f3w do rozwoju. Szkolenie obejmuje praktyczne wskaz\u00f3wki oraz narz\u0119dzia, kt\u00f3re u\u0142atwi\u0105 proces oceny. Link do zapis\u00f3w: <a href=\"https:\/\/eventis.pl\/szkolenie\/ocena-pracownicza-94385-id89066\">tutaj<\/a><\/li>\n\n\n\n<li><strong>Specjalista ds. raportowania ESG<\/strong> Rozszerz swoj\u0105 wiedz\u0119 na temat raportowania z zakresu \u015brodowiskowego, spo\u0142ecznego i \u0142adu korporacyjnego (ESG). To szkolenie jest idealne dla os\u00f3b, kt\u00f3re chc\u0105 zrozumie\u0107, jak przygotowa\u0107 i analizowa\u0107 raporty ESG zgodnie z najnowszymi standardami. Link do zapis\u00f3w: <a href=\"https:\/\/eventis.pl\/szkolenie\/specjalista-ds-raportowania-esg-94381-id89066\">tutaj<\/a><\/li>\n\n\n\n<li><strong>Niwelowanie poziomu stresu w pracy<\/strong> Naucz si\u0119 technik i strategii zarz\u0105dzania stresem, kt\u00f3re pomog\u0105 Ci zwi\u0119kszy\u0107 efektywno\u015b\u0107 i poprawi\u0107 jako\u015b\u0107 \u017cycia zawodowego. Szkolenie to obejmuje zar\u00f3wno teoretyczne podstawy, jak i praktyczne \u0107wiczenia. Link do zapis\u00f3w: <a href=\"https:\/\/eventis.pl\/szkolenie\/niwelowanie-poziomu-stresu-w-pracy-94380-id89066\">tutaj<\/a><\/li>\n\n\n\n<li><strong>Canva w praktyce<\/strong> Zdob\u0105d\u017a praktyczne umiej\u0119tno\u015bci w korzystaniu z Canvy \u2013 popularnego narz\u0119dzia do tworzenia grafiki. Kurs ten jest idealny dla os\u00f3b chc\u0105cych szybko i efektywnie tworzy\u0107 atrakcyjne materia\u0142y wizualne na potrzeby marketingu, prezentacji czy medi\u00f3w spo\u0142eczno\u015bciowych. Link do zapis\u00f3w: <a href=\"https:\/\/eventis.pl\/szkolenie\/canva-w-praktyce-94379-id89066\">tutaj<\/a><\/li>\n<\/ol>\n\n\n\n<p>Serdecznie zapraszamy do zapis\u00f3w! Ka\u017cde szkolenie jest prowadzone przez do\u015bwiadczonych trener\u00f3w i oferuje praktyczn\u0105 wiedz\u0119 oraz wsparcie na ka\u017cdym etapie nauki. <\/p>\n\n\n\n<h2 class=\"wp-block-heading\">Dodatkowe szkolenia<\/h2>\n\n\n\n<p>Opr\u00f3cz powy\u017cszych szkole\u0144, <a href=\"https:\/\/socjolab.pl\/?page_id=21\">w naszej ofercie<\/a> znajdziecie Pa\u0144stwo r\u00f3wnie\u017c szeroki wyb\u00f3r kurs\u00f3w dostosowanych do r\u00f3\u017cnych potrzeb. Niezale\u017cnie od tego, czy reprezentujecie firm\u0119, czy instytucj\u0119 administracji publicznej, mamy szkolenia, kt\u00f3re pomog\u0105 Waszemu zespo\u0142owi rozwija\u0107 kluczowe kompetencje.<\/p>\n\n\n\n<p>Je\u015bli Wasza organizacja potrzebuje specjalistycznego szkolenia w konkretnej dziedzinie, jeste\u015bmy gotowi przygotowa\u0107 dedykowany program szkoleniowy, kt\u00f3ry b\u0119dzie idealnie odpowiada\u0142 Waszym wymaganiom. Ponadto, oferujemy mo\u017cliwo\u015b\u0107 organizacji szkole\u0144 indywidualnych, dostosowanych do unikalnych potrzeb ka\u017cdego uczestnika. Dzi\u0119ki temu, ka\u017cdy uczestnik mo\u017ce liczy\u0107 na pe\u0142ne wsparcie i odpowiedzi na wszystkie swoje pytania.<\/p>\n\n\n\n<p>Nie przegapcie tej okazji, by zainwestowa\u0107 w rozw\u00f3j swojego zespo\u0142u i podnie\u015b\u0107 poziom kompetencji w Waszej organizacji!<\/p>\n","protected":false},"excerpt":{"rendered":"<p>Cieszymy si\u0119, \u017ce mo\u017cemy og\u0142osi\u0107 nowe terminy szkole\u0144 dost\u0119pnych na platformie Eventis! Nasza oferta zosta\u0142a wzbogacona o pi\u0119\u0107 specjalistycznych szkole\u0144, kt\u00f3re mog\u0105 Pa\u0144stwa zainteresowa\u0107. Szkolenia&hellip;&nbsp;<a href=\"https:\/\/socjolab.pl\/?p=1576\" class=\"\" rel=\"bookmark\">Dowiedz si\u0119 wi\u0119cej &raquo;<span class=\"screen-reader-text\">Nowe terminy<\/span><\/a><\/p>\n","protected":false},"author":1,"featured_media":1577,"comment_status":"open","ping_status":"open","sticky":false,"template":"","format":"standard","meta":{"neve_meta_sidebar":"","neve_meta_container":"","neve_meta_enable_content_width":"","neve_meta_content_width":0,"neve_meta_title_alignment":"","neve_meta_author_avatar":"","neve_post_elements_order":"","neve_meta_disable_header":"","neve_meta_disable_footer":"","neve_meta_disable_title":"","footnotes":""},"categories":[50],"tags":[16,53,6],"class_list":["post-1576","post","type-post","status-publish","format-standard","has-post-thumbnail","hentry","category-informacja","tag-szkolenie","tag-terminy-szkolen","tag-wiedza"],"yoast_head":"<!-- This site is optimized with the Yoast SEO plugin v26.8 - https:\/\/yoast.com\/product\/yoast-seo-wordpress\/ -->\n<title>Nowe terminy - SOCJOLAB<\/title>\n<meta name=\"description\" content=\"Szkolenia specjalistyczne dla firm i administracji publicznej - szybkie terminy realizacji profesjonalnych szkole\u0144!\" \/>\n<meta name=\"robots\" content=\"index, follow, max-snippet:-1, max-image-preview:large, max-video-preview:-1\" \/>\n<link rel=\"canonical\" href=\"https:\/\/socjolab.pl\/?p=1576\" \/>\n<meta property=\"og:locale\" content=\"pl_PL\" \/>\n<meta property=\"og:type\" content=\"article\" \/>\n<meta property=\"og:title\" content=\"Nowe terminy - SOCJOLAB\" \/>\n<meta property=\"og:description\" content=\"Szkolenia specjalistyczne dla firm i administracji publicznej - szybkie terminy realizacji profesjonalnych szkole\u0144!\" \/>\n<meta property=\"og:url\" content=\"https:\/\/socjolab.pl\/?p=1576\" \/>\n<meta property=\"og:site_name\" content=\"SOCJOLAB\" \/>\n<meta property=\"article:published_time\" content=\"2024-07-30T10:05:42+00:00\" \/>\n<meta property=\"article:modified_time\" content=\"2024-07-30T10:06:30+00:00\" \/>\n<meta property=\"og:image\" content=\"https:\/\/socjolab.pl\/wp-content\/uploads\/2024\/07\/wstep-1.jpg\" \/>\n\t<meta property=\"og:image:width\" content=\"1920\" \/>\n\t<meta property=\"og:image:height\" content=\"1080\" \/>\n\t<meta property=\"og:image:type\" content=\"image\/jpeg\" \/>\n<meta name=\"author\" content=\"admin\" \/>\n<meta name=\"twitter:card\" content=\"summary_large_image\" \/>\n<meta name=\"twitter:label1\" content=\"Napisane przez\" \/>\n\t<meta name=\"twitter:data1\" content=\"admin\" \/>\n\t<meta name=\"twitter:label2\" content=\"Szacowany czas czytania\" \/>\n\t<meta name=\"twitter:data2\" content=\"3 minuty\" \/>\n<script type=\"application\/ld+json\" class=\"yoast-schema-graph\">{\"@context\":\"https:\/\/schema.org\",\"@graph\":[{\"@type\":\"Article\",\"@id\":\"https:\/\/socjolab.pl\/?p=1576#article\",\"isPartOf\":{\"@id\":\"https:\/\/socjolab.pl\/?p=1576\"},\"author\":{\"name\":\"admin\",\"@id\":\"https:\/\/socjolab.pl\/#\/schema\/person\/fe6eb68d8df4a70ddc05510de89286c4\"},\"headline\":\"Nowe terminy\",\"datePublished\":\"2024-07-30T10:05:42+00:00\",\"dateModified\":\"2024-07-30T10:06:30+00:00\",\"mainEntityOfPage\":{\"@id\":\"https:\/\/socjolab.pl\/?p=1576\"},\"wordCount\":444,\"commentCount\":0,\"publisher\":{\"@id\":\"https:\/\/socjolab.pl\/#organization\"},\"image\":{\"@id\":\"https:\/\/socjolab.pl\/?p=1576#primaryimage\"},\"thumbnailUrl\":\"https:\/\/socjolab.pl\/wp-content\/uploads\/2024\/07\/wstep-1.jpg\",\"keywords\":[\"szkolenie\",\"terminy szkole\u0144\",\"wiedza\"],\"articleSection\":[\"informacja\"],\"inLanguage\":\"pl-PL\",\"potentialAction\":[{\"@type\":\"CommentAction\",\"name\":\"Comment\",\"target\":[\"https:\/\/socjolab.pl\/?p=1576#respond\"]}]},{\"@type\":\"WebPage\",\"@id\":\"https:\/\/socjolab.pl\/?p=1576\",\"url\":\"https:\/\/socjolab.pl\/?p=1576\",\"name\":\"Nowe terminy - SOCJOLAB\",\"isPartOf\":{\"@id\":\"https:\/\/socjolab.pl\/#website\"},\"primaryImageOfPage\":{\"@id\":\"https:\/\/socjolab.pl\/?p=1576#primaryimage\"},\"image\":{\"@id\":\"https:\/\/socjolab.pl\/?p=1576#primaryimage\"},\"thumbnailUrl\":\"https:\/\/socjolab.pl\/wp-content\/uploads\/2024\/07\/wstep-1.jpg\",\"datePublished\":\"2024-07-30T10:05:42+00:00\",\"dateModified\":\"2024-07-30T10:06:30+00:00\",\"description\":\"Szkolenia specjalistyczne dla firm i administracji publicznej - szybkie terminy realizacji profesjonalnych szkole\u0144!\",\"breadcrumb\":{\"@id\":\"https:\/\/socjolab.pl\/?p=1576#breadcrumb\"},\"inLanguage\":\"pl-PL\",\"potentialAction\":[{\"@type\":\"ReadAction\",\"target\":[\"https:\/\/socjolab.pl\/?p=1576\"]}]},{\"@type\":\"ImageObject\",\"inLanguage\":\"pl-PL\",\"@id\":\"https:\/\/socjolab.pl\/?p=1576#primaryimage\",\"url\":\"https:\/\/socjolab.pl\/wp-content\/uploads\/2024\/07\/wstep-1.jpg\",\"contentUrl\":\"https:\/\/socjolab.pl\/wp-content\/uploads\/2024\/07\/wstep-1.jpg\",\"width\":1920,\"height\":1080,\"caption\":\"nowe terminy szkole\u0144 socjolab\"},{\"@type\":\"BreadcrumbList\",\"@id\":\"https:\/\/socjolab.pl\/?p=1576#breadcrumb\",\"itemListElement\":[{\"@type\":\"ListItem\",\"position\":1,\"name\":\"Strona g\u0142\u00f3wna\",\"item\":\"https:\/\/socjolab.pl\/\"},{\"@type\":\"ListItem\",\"position\":2,\"name\":\"Nowe terminy\"}]},{\"@type\":\"WebSite\",\"@id\":\"https:\/\/socjolab.pl\/#website\",\"url\":\"https:\/\/socjolab.pl\/\",\"name\":\"SOCJOLAB\",\"description\":\"szkolenia, doradztwo\",\"publisher\":{\"@id\":\"https:\/\/socjolab.pl\/#organization\"},\"potentialAction\":[{\"@type\":\"SearchAction\",\"target\":{\"@type\":\"EntryPoint\",\"urlTemplate\":\"https:\/\/socjolab.pl\/?s={search_term_string}\"},\"query-input\":{\"@type\":\"PropertyValueSpecification\",\"valueRequired\":true,\"valueName\":\"search_term_string\"}}],\"inLanguage\":\"pl-PL\"},{\"@type\":\"Organization\",\"@id\":\"https:\/\/socjolab.pl\/#organization\",\"name\":\"CENTRUM SZKOLENIOWE\",\"url\":\"https:\/\/socjolab.pl\/\",\"logo\":{\"@type\":\"ImageObject\",\"inLanguage\":\"pl-PL\",\"@id\":\"https:\/\/socjolab.pl\/#\/schema\/logo\/image\/\",\"url\":\"https:\/\/socjolab.pl\/wp-content\/uploads\/2024\/03\/Bezowy-Pomaranczowy-Niebieski-i-Zielony-Nieregularne-Bazgroly-Zestaw-do-Swietowania-dla-Firmy-Post-na-Facebooka.jpg\",\"contentUrl\":\"https:\/\/socjolab.pl\/wp-content\/uploads\/2024\/03\/Bezowy-Pomaranczowy-Niebieski-i-Zielony-Nieregularne-Bazgroly-Zestaw-do-Swietowania-dla-Firmy-Post-na-Facebooka.jpg\",\"width\":940,\"height\":788,\"caption\":\"CENTRUM SZKOLENIOWE\"},\"image\":{\"@id\":\"https:\/\/socjolab.pl\/#\/schema\/logo\/image\/\"}},{\"@type\":\"Person\",\"@id\":\"https:\/\/socjolab.pl\/#\/schema\/person\/fe6eb68d8df4a70ddc05510de89286c4\",\"name\":\"admin\",\"image\":{\"@type\":\"ImageObject\",\"inLanguage\":\"pl-PL\",\"@id\":\"https:\/\/socjolab.pl\/#\/schema\/person\/image\/\",\"url\":\"https:\/\/secure.gravatar.com\/avatar\/1a6fbe7312a100f8cf31e6944992876bdc9944a2b29107ef260fd2aa72a26376?s=96&d=mm&r=g\",\"contentUrl\":\"https:\/\/secure.gravatar.com\/avatar\/1a6fbe7312a100f8cf31e6944992876bdc9944a2b29107ef260fd2aa72a26376?s=96&d=mm&r=g\",\"caption\":\"admin\"},\"sameAs\":[\"http:\/\/socjolab.pl\"],\"url\":\"https:\/\/socjolab.pl\/?author=1\"}]}<\/script>\n<!-- \/ Yoast SEO plugin. -->","yoast_head_json":{"title":"Nowe terminy - SOCJOLAB","description":"Szkolenia specjalistyczne dla firm i administracji publicznej - szybkie terminy realizacji profesjonalnych szkole\u0144!","robots":{"index":"index","follow":"follow","max-snippet":"max-snippet:-1","max-image-preview":"max-image-preview:large","max-video-preview":"max-video-preview:-1"},"canonical":"https:\/\/socjolab.pl\/?p=1576","og_locale":"pl_PL","og_type":"article","og_title":"Nowe terminy - SOCJOLAB","og_description":"Szkolenia specjalistyczne dla firm i administracji publicznej - szybkie terminy realizacji profesjonalnych szkole\u0144!","og_url":"https:\/\/socjolab.pl\/?p=1576","og_site_name":"SOCJOLAB","article_published_time":"2024-07-30T10:05:42+00:00","article_modified_time":"2024-07-30T10:06:30+00:00","og_image":[{"width":1920,"height":1080,"url":"https:\/\/socjolab.pl\/wp-content\/uploads\/2024\/07\/wstep-1.jpg","type":"image\/jpeg"}],"author":"admin","twitter_card":"summary_large_image","twitter_misc":{"Napisane przez":"admin","Szacowany czas czytania":"3 minuty"},"schema":{"@context":"https:\/\/schema.org","@graph":[{"@type":"Article","@id":"https:\/\/socjolab.pl\/?p=1576#article","isPartOf":{"@id":"https:\/\/socjolab.pl\/?p=1576"},"author":{"name":"admin","@id":"https:\/\/socjolab.pl\/#\/schema\/person\/fe6eb68d8df4a70ddc05510de89286c4"},"headline":"Nowe terminy","datePublished":"2024-07-30T10:05:42+00:00","dateModified":"2024-07-30T10:06:30+00:00","mainEntityOfPage":{"@id":"https:\/\/socjolab.pl\/?p=1576"},"wordCount":444,"commentCount":0,"publisher":{"@id":"https:\/\/socjolab.pl\/#organization"},"image":{"@id":"https:\/\/socjolab.pl\/?p=1576#primaryimage"},"thumbnailUrl":"https:\/\/socjolab.pl\/wp-content\/uploads\/2024\/07\/wstep-1.jpg","keywords":["szkolenie","terminy szkole\u0144","wiedza"],"articleSection":["informacja"],"inLanguage":"pl-PL","potentialAction":[{"@type":"CommentAction","name":"Comment","target":["https:\/\/socjolab.pl\/?p=1576#respond"]}]},{"@type":"WebPage","@id":"https:\/\/socjolab.pl\/?p=1576","url":"https:\/\/socjolab.pl\/?p=1576","name":"Nowe terminy - SOCJOLAB","isPartOf":{"@id":"https:\/\/socjolab.pl\/#website"},"primaryImageOfPage":{"@id":"https:\/\/socjolab.pl\/?p=1576#primaryimage"},"image":{"@id":"https:\/\/socjolab.pl\/?p=1576#primaryimage"},"thumbnailUrl":"https:\/\/socjolab.pl\/wp-content\/uploads\/2024\/07\/wstep-1.jpg","datePublished":"2024-07-30T10:05:42+00:00","dateModified":"2024-07-30T10:06:30+00:00","description":"Szkolenia specjalistyczne dla firm i administracji publicznej - szybkie terminy realizacji profesjonalnych szkole\u0144!","breadcrumb":{"@id":"https:\/\/socjolab.pl\/?p=1576#breadcrumb"},"inLanguage":"pl-PL","potentialAction":[{"@type":"ReadAction","target":["https:\/\/socjolab.pl\/?p=1576"]}]},{"@type":"ImageObject","inLanguage":"pl-PL","@id":"https:\/\/socjolab.pl\/?p=1576#primaryimage","url":"https:\/\/socjolab.pl\/wp-content\/uploads\/2024\/07\/wstep-1.jpg","contentUrl":"https:\/\/socjolab.pl\/wp-content\/uploads\/2024\/07\/wstep-1.jpg","width":1920,"height":1080,"caption":"nowe terminy szkole\u0144 socjolab"},{"@type":"BreadcrumbList","@id":"https:\/\/socjolab.pl\/?p=1576#breadcrumb","itemListElement":[{"@type":"ListItem","position":1,"name":"Strona g\u0142\u00f3wna","item":"https:\/\/socjolab.pl\/"},{"@type":"ListItem","position":2,"name":"Nowe terminy"}]},{"@type":"WebSite","@id":"https:\/\/socjolab.pl\/#website","url":"https:\/\/socjolab.pl\/","name":"SOCJOLAB","description":"szkolenia, doradztwo","publisher":{"@id":"https:\/\/socjolab.pl\/#organization"},"potentialAction":[{"@type":"SearchAction","target":{"@type":"EntryPoint","urlTemplate":"https:\/\/socjolab.pl\/?s={search_term_string}"},"query-input":{"@type":"PropertyValueSpecification","valueRequired":true,"valueName":"search_term_string"}}],"inLanguage":"pl-PL"},{"@type":"Organization","@id":"https:\/\/socjolab.pl\/#organization","name":"CENTRUM SZKOLENIOWE","url":"https:\/\/socjolab.pl\/","logo":{"@type":"ImageObject","inLanguage":"pl-PL","@id":"https:\/\/socjolab.pl\/#\/schema\/logo\/image\/","url":"https:\/\/socjolab.pl\/wp-content\/uploads\/2024\/03\/Bezowy-Pomaranczowy-Niebieski-i-Zielony-Nieregularne-Bazgroly-Zestaw-do-Swietowania-dla-Firmy-Post-na-Facebooka.jpg","contentUrl":"https:\/\/socjolab.pl\/wp-content\/uploads\/2024\/03\/Bezowy-Pomaranczowy-Niebieski-i-Zielony-Nieregularne-Bazgroly-Zestaw-do-Swietowania-dla-Firmy-Post-na-Facebooka.jpg","width":940,"height":788,"caption":"CENTRUM SZKOLENIOWE"},"image":{"@id":"https:\/\/socjolab.pl\/#\/schema\/logo\/image\/"}},{"@type":"Person","@id":"https:\/\/socjolab.pl\/#\/schema\/person\/fe6eb68d8df4a70ddc05510de89286c4","name":"admin","image":{"@type":"ImageObject","inLanguage":"pl-PL","@id":"https:\/\/socjolab.pl\/#\/schema\/person\/image\/","url":"https:\/\/secure.gravatar.com\/avatar\/1a6fbe7312a100f8cf31e6944992876bdc9944a2b29107ef260fd2aa72a26376?s=96&d=mm&r=g","contentUrl":"https:\/\/secure.gravatar.com\/avatar\/1a6fbe7312a100f8cf31e6944992876bdc9944a2b29107ef260fd2aa72a26376?s=96&d=mm&r=g","caption":"admin"},"sameAs":["http:\/\/socjolab.pl"],"url":"https:\/\/socjolab.pl\/?author=1"}]}},"_links":{"self":[{"href":"https:\/\/socjolab.pl\/index.php?rest_route=\/wp\/v2\/posts\/1576","targetHints":{"allow":["GET"]}}],"collection":[{"href":"https:\/\/socjolab.pl\/index.php?rest_route=\/wp\/v2\/posts"}],"about":[{"href":"https:\/\/socjolab.pl\/index.php?rest_route=\/wp\/v2\/types\/post"}],"author":[{"embeddable":true,"href":"https:\/\/socjolab.pl\/index.php?rest_route=\/wp\/v2\/users\/1"}],"replies":[{"embeddable":true,"href":"https:\/\/socjolab.pl\/index.php?rest_route=%2Fwp%2Fv2%2Fcomments&post=1576"}],"version-history":[{"count":2,"href":"https:\/\/socjolab.pl\/index.php?rest_route=\/wp\/v2\/posts\/1576\/revisions"}],"predecessor-version":[{"id":1579,"href":"https:\/\/socjolab.pl\/index.php?rest_route=\/wp\/v2\/posts\/1576\/revisions\/1579"}],"wp:featuredmedia":[{"embeddable":true,"href":"https:\/\/socjolab.pl\/index.php?rest_route=\/wp\/v2\/media\/1577"}],"wp:attachment":[{"href":"https:\/\/socjolab.pl\/index.php?rest_route=%2Fwp%2Fv2%2Fmedia&parent=1576"}],"wp:term":[{"taxonomy":"category","embeddable":true,"href":"https:\/\/socjolab.pl\/index.php?rest_route=%2Fwp%2Fv2%2Fcategories&post=1576"},{"taxonomy":"post_tag","embeddable":true,"href":"https:\/\/socjolab.pl\/index.php?rest_route=%2Fwp%2Fv2%2Ftags&post=1576"}],"curies":[{"name":"wp","href":"https:\/\/api.w.org\/{rel}","templated":true}]}}