{"id":1425,"date":"2024-05-24T10:04:37","date_gmt":"2024-05-24T08:04:37","guid":{"rendered":"https:\/\/socjolab.pl\/?p=1425"},"modified":"2024-05-24T10:04:38","modified_gmt":"2024-05-24T08:04:38","slug":"planowanie-w-mediach-spolecznosciowych","status":"publish","type":"post","link":"https:\/\/socjolab.pl\/?p=1425","title":{"rendered":"Planowanie w socialmedia"},"content":{"rendered":"\n<p>Media spo\u0142eczno\u015bciowe sta\u0142y si\u0119 nieod\u0142\u0105cznym elementem komunikacji w dzisiejszym \u015bwiecie. S\u0105 one nie tylko platform\u0105 do nawi\u0105zywania kontakt\u00f3w towarzyskich, ale r\u00f3wnie\u017c skutecznym narz\u0119dziem do komunikacji w administracji publicznej. <\/p>\n\n\n\n<p>Jednak\u017ce, aby osi\u0105gn\u0105\u0107 zamierzone cele, ich wykorzystanie musi by\u0107 starannie zaplanowane. Oto kilka kluczowych powod\u00f3w, dlaczego planowanie medi\u00f3w spo\u0142eczno\u015bciowych w administracji publicznej jest niezb\u0119dne.<\/p>\n\n\n\n<h2 class=\"wp-block-heading\">Dlaczego wa\u017cne jest planowanie medi\u00f3w spo\u0142eczno\u015bciowych?<\/h2>\n\n\n\n<ol class=\"wp-block-list\">\n<li>Sp\u00f3jno\u015b\u0107 i jednolito\u015b\u0107 przekazu<br>Planowanie medi\u00f3w spo\u0142eczno\u015bciowych pozwala na utrzymanie sp\u00f3jno\u015bci i jednolito\u015bci przekazu. W administracji publicznej wa\u017cne jest, aby komunikaty by\u0142y klarowne, zrozumia\u0142e i zgodne z polityk\u0105 informacyjn\u0105 danej instytucji. Dzi\u0119ki planowaniu mo\u017cna unikn\u0105\u0107 niesp\u00f3jno\u015bci, kt\u00f3re mog\u0105 prowadzi\u0107 do dezinformacji i chaosu komunikacyjnego.<\/li>\n\n\n\n<li>Efektywne zarz\u0105dzanie kryzysowe<br>W sytuacjach kryzysowych, takich jak kl\u0119ski \u017cywio\u0142owe, zagro\u017cenia zdrowotne czy inne sytuacje awaryjne, media spo\u0142eczno\u015bciowe odgrywaj\u0105 kluczow\u0105 rol\u0119 w szybkim przekazywaniu informacji. Planowanie komunikacji kryzysowej w mediach spo\u0142eczno\u015bciowych pozwala na przygotowanie gotowych scenariuszy dzia\u0142ania, co skraca czas reakcji i zwi\u0119ksza efektywno\u015b\u0107 komunikacji z obywatelami.<\/li>\n\n\n\n<li>Zwi\u0119kszenie zaanga\u017cowania obywateli<br>Media spo\u0142eczno\u015bciowe s\u0105 doskona\u0142ym narz\u0119dziem do budowania relacji z obywatelami. Planowanie aktywno\u015bci w mediach spo\u0142eczno\u015bciowych umo\u017cliwia regularne publikowanie interesuj\u0105cych tre\u015bci, organizowanie interaktywnych kampanii oraz odpowiadanie na pytania i komentarze obywateli. To z kolei prowadzi do wi\u0119kszego zaanga\u017cowania spo\u0142eczno\u015bci i budowania zaufania do instytucji publicznych.<\/li>\n\n\n\n<li>Optymalizacja zasob\u00f3w<br>Planowanie medi\u00f3w spo\u0142eczno\u015bciowych pozwala na efektywne wykorzystanie zasob\u00f3w, zar\u00f3wno ludzkich, jak i finansowych. Dzi\u0119ki stworzeniu harmonogramu publikacji oraz okre\u015bleniu priorytet\u00f3w komunikacyjnych, mo\u017cna unikn\u0105\u0107 marnowania czasu i \u015brodk\u00f3w na przypadkowe i nieprzemy\u015blane dzia\u0142ania. Dodatkowo, planowanie umo\u017cliwia lepsze monitorowanie wynik\u00f3w i analiz\u0119 efektywno\u015bci dzia\u0142a\u0144.<\/li>\n\n\n\n<li>Lepsze targetowanie i personalizacja<br>Planowanie dzia\u0142a\u0144 w mediach spo\u0142eczno\u015bciowych umo\u017cliwia lepsze dopasowanie komunikat\u00f3w do potrzeb i oczekiwa\u0144 r\u00f3\u017cnych grup odbiorc\u00f3w. Administracja publiczna obs\u0142uguje szeroki zakres interesariuszy, od obywateli po przedsi\u0119biorc\u00f3w i organizacje pozarz\u0105dowe. Dzi\u0119ki analizie danych i planowaniu, mo\u017cna tworzy\u0107 bardziej spersonalizowane i trafne komunikaty, kt\u00f3re skuteczniej dotr\u0105 do poszczeg\u00f3lnych grup.<\/li>\n\n\n\n<li>Zachowanie standard\u00f3w etycznych i prawnych<br>Administracja publiczna musi dzia\u0142a\u0107 zgodnie z okre\u015blonymi standardami etycznymi i prawnymi. Planowanie komunikacji w mediach spo\u0142eczno\u015bciowych pozwala na uwzgl\u0119dnienie tych wymog\u00f3w, w tym ochrony danych osobowych, transparentno\u015bci oraz odpowiedzialno\u015bci za publikowane tre\u015bci. Dzi\u0119ki temu mo\u017cna unikn\u0105\u0107 potencjalnych narusze\u0144 i zwi\u0105zanych z nimi konsekwencji prawnych.<\/li>\n<\/ol>\n\n\n\n<h3 class=\"wp-block-heading\">Dlaczego warto planowa\u0107 media spo\u0142eczno\u015bciowe?<\/h3>\n\n\n\n<p>Planowanie medi\u00f3w spo\u0142eczno\u015bciowych w administracji publicznej pozwala na bardziej efektywne zarz\u0105dzanie tre\u015bciami, co jest kluczowe w kontek\u015bcie dynamicznie zmieniaj\u0105cej si\u0119 sytuacji spo\u0142ecznej i politycznej. Dzi\u0119ki strategicznemu podej\u015bciu mo\u017cliwe jest lepsze przygotowanie kampanii informacyjnych, kt\u00f3re mog\u0105 by\u0107 bardziej trafnie ukierunkowane na potrzeby obywateli. Media spo\u0142eczno\u015bciowe umo\u017cliwiaj\u0105 r\u00f3wnie\u017c monitorowanie opinii publicznej w czasie rzeczywistym, co pozwala na szybkie reagowanie na nastroje spo\u0142eczne i ewentualne modyfikowanie komunikat\u00f3w.<\/p>\n\n\n\n<p>Planowanie pozwala r\u00f3wnie\u017c na lepsze wykorzystanie narz\u0119dzi analitycznych, kt\u00f3re mog\u0105 dostarczy\u0107 cennych informacji na temat efektywno\u015bci dzia\u0142a\u0144 komunikacyjnych. Administracja publiczna, korzystaj\u0105c z tych danych, mo\u017ce optymalizowa\u0107 swoje strategie i lepiej dostosowywa\u0107 przekazy do potrzeb i oczekiwa\u0144 obywateli. Wa\u017cnym aspektem jest r\u00f3wnie\u017c koordynacja dzia\u0142a\u0144 mi\u0119dzy r\u00f3\u017cnymi jednostkami administracyjnymi, co pozwala na unikni\u0119cie dublowania si\u0119 komunikat\u00f3w i zapewnia sp\u00f3jno\u015b\u0107 informacji.<\/p>\n\n\n\n<h3 class=\"wp-block-heading\">I na koniec, jeszcze o planowaniu<\/h3>\n\n\n\n<p><br>Planowanie medi\u00f3w spo\u0142eczno\u015bciowych w administracji publicznej nie jest luksusem, lecz konieczno\u015bci\u0105. Sp\u00f3jno\u015b\u0107 przekazu, efektywne zarz\u0105dzanie kryzysowe, zwi\u0119kszenie zaanga\u017cowania obywateli, optymalizacja zasob\u00f3w, lepsze targetowanie i personalizacja oraz zachowanie standard\u00f3w etycznych i prawnych to tylko niekt\u00f3re z korzy\u015bci, jakie niesie ze sob\u0105 strategiczne podej\u015bcie do medi\u00f3w spo\u0142eczno\u015bciowych. W dzisiejszym dynamicznym \u015brodowisku komunikacyjnym, dobrze zaplanowane dzia\u0142ania w mediach spo\u0142eczno\u015bciowych mog\u0105 znacz\u0105co przyczyni\u0107 si\u0119 do poprawy wizerunku i efektywno\u015bci administracji publicznej.<\/p>\n\n\n\n<h3 class=\"wp-block-heading\">Szkolenie z planowania medi\u00f3w spo\u0142eczno\u015bciowych<\/h3>\n\n\n\n<p>Zapraszamy na szkolenie &#8211; szczeg\u00f3\u0142owy opis szkolenia <a href=\"https:\/\/socjolab.pl\/?page_id=1049\">tutaj<\/a> podczas kt\u00f3rego zg\u0142\u0119bimy nie tylko podstawy korzystania z platform spo\u0142eczno\u015bciowych, ale r\u00f3wnie\u017c om\u00f3wimy strategie efektywnego wykorzystania Facebooka i Instagrama do cel\u00f3w administracyjnych. Naszym celem jest dostarczenie Wam praktycznej wiedzy i narz\u0119dzi, kt\u00f3re pozwol\u0105 Wam skutecznie komunikowa\u0107 si\u0119 z obywatelami, promowa\u0107 inicjatywy publiczne oraz budowa\u0107 zaufanie spo\u0142eczne poprzez te popularne platformy.<\/p>\n\n\n\n<p>Podczas zaj\u0119\u0107 zapoznamy si\u0119 z r\u00f3\u017cnorodnymi tematami, takimi jak tworzenie tre\u015bci, zarz\u0105dzanie profilem, analiza danych oraz strategie dotarcia do r\u00f3\u017cnych grup spo\u0142ecznych. B\u0119dziemy r\u00f3wnie\u017c omawia\u0107 najlepsze praktyki oraz studia przypadk\u00f3w, kt\u00f3re ilustruj\u0105 skuteczne wykorzystanie medi\u00f3w spo\u0142eczno\u015bciowych przez administracj\u0119 publiczn\u0105. Szkolenie obejmie r\u00f3wnie\u017c aspekty zwi\u0105zane z zarz\u0105dzaniem kryzysowym, pozwalaj\u0105c na przygotowanie si\u0119 do szybkiej i efektywnej reakcji w sytuacjach awaryjnych.<\/p>\n","protected":false},"excerpt":{"rendered":"<p>Media spo\u0142eczno\u015bciowe sta\u0142y si\u0119 nieod\u0142\u0105cznym elementem komunikacji w dzisiejszym \u015bwiecie. S\u0105 one nie tylko platform\u0105 do nawi\u0105zywania kontakt\u00f3w towarzyskich, ale r\u00f3wnie\u017c skutecznym narz\u0119dziem do komunikacji&hellip;&nbsp;<a href=\"https:\/\/socjolab.pl\/?p=1425\" class=\"\" rel=\"bookmark\">Dowiedz si\u0119 wi\u0119cej &raquo;<span class=\"screen-reader-text\">Planowanie w socialmedia<\/span><\/a><\/p>\n","protected":false},"author":1,"featured_media":1426,"comment_status":"open","ping_status":"open","sticky":false,"template":"","format":"standard","meta":{"neve_meta_sidebar":"","neve_meta_container":"","neve_meta_enable_content_width":"","neve_meta_content_width":0,"neve_meta_title_alignment":"","neve_meta_author_avatar":"","neve_post_elements_order":"","neve_meta_disable_header":"","neve_meta_disable_footer":"","neve_meta_disable_title":"","footnotes":""},"categories":[12],"tags":[8,57,56,59,58,17,60,61],"class_list":["post-1425","post","type-post","status-publish","format-standard","has-post-thumbnail","hentry","category-wiedza","tag-administracja-publiczna","tag-facebook","tag-fb","tag-ig","tag-instagram","tag-media-spolecznosciowe","tag-polityka-informacyjna","tag-samorzad"],"yoast_head":"<!-- This site is optimized with the Yoast SEO plugin v26.8 - https:\/\/yoast.com\/product\/yoast-seo-wordpress\/ -->\n<title>Planowanie w socialmedia - SOCJOLAB<\/title>\n<meta name=\"description\" content=\"Czy planowanie w mediach spo\u0142eczno\u015bciowych ma sens? Jak prowadzi\u0107 proaktywnie media spo\u0142eczno\u015bciowe, by wzbudza\u0107 zainteresowanie?\" \/>\n<meta name=\"robots\" content=\"index, follow, max-snippet:-1, max-image-preview:large, max-video-preview:-1\" \/>\n<link rel=\"canonical\" href=\"https:\/\/socjolab.pl\/?p=1425\" \/>\n<meta property=\"og:locale\" content=\"pl_PL\" \/>\n<meta property=\"og:type\" content=\"article\" \/>\n<meta property=\"og:title\" content=\"Planowanie w socialmedia - SOCJOLAB\" \/>\n<meta property=\"og:description\" content=\"Czy planowanie w mediach spo\u0142eczno\u015bciowych ma sens? Jak prowadzi\u0107 proaktywnie media spo\u0142eczno\u015bciowe, by wzbudza\u0107 zainteresowanie?\" \/>\n<meta property=\"og:url\" content=\"https:\/\/socjolab.pl\/?p=1425\" \/>\n<meta property=\"og:site_name\" content=\"SOCJOLAB\" \/>\n<meta property=\"article:published_time\" content=\"2024-05-24T08:04:37+00:00\" \/>\n<meta property=\"article:modified_time\" content=\"2024-05-24T08:04:38+00:00\" \/>\n<meta property=\"og:image\" content=\"https:\/\/socjolab.pl\/wp-content\/uploads\/2024\/05\/Laboratorium-spoleczne-3-1.jpg\" \/>\n\t<meta property=\"og:image:width\" content=\"1920\" \/>\n\t<meta property=\"og:image:height\" content=\"1080\" \/>\n\t<meta property=\"og:image:type\" content=\"image\/jpeg\" \/>\n<meta name=\"author\" content=\"admin\" \/>\n<meta name=\"twitter:card\" content=\"summary_large_image\" \/>\n<meta name=\"twitter:label1\" content=\"Napisane przez\" \/>\n\t<meta name=\"twitter:data1\" content=\"admin\" \/>\n\t<meta name=\"twitter:label2\" content=\"Szacowany czas czytania\" \/>\n\t<meta name=\"twitter:data2\" content=\"5 minut\" \/>\n<script type=\"application\/ld+json\" class=\"yoast-schema-graph\">{\"@context\":\"https:\/\/schema.org\",\"@graph\":[{\"@type\":\"Article\",\"@id\":\"https:\/\/socjolab.pl\/?p=1425#article\",\"isPartOf\":{\"@id\":\"https:\/\/socjolab.pl\/?p=1425\"},\"author\":{\"name\":\"admin\",\"@id\":\"https:\/\/socjolab.pl\/#\/schema\/person\/fe6eb68d8df4a70ddc05510de89286c4\"},\"headline\":\"Planowanie w socialmedia\",\"datePublished\":\"2024-05-24T08:04:37+00:00\",\"dateModified\":\"2024-05-24T08:04:38+00:00\",\"mainEntityOfPage\":{\"@id\":\"https:\/\/socjolab.pl\/?p=1425\"},\"wordCount\":850,\"commentCount\":0,\"publisher\":{\"@id\":\"https:\/\/socjolab.pl\/#organization\"},\"image\":{\"@id\":\"https:\/\/socjolab.pl\/?p=1425#primaryimage\"},\"thumbnailUrl\":\"https:\/\/socjolab.pl\/wp-content\/uploads\/2024\/05\/Laboratorium-spoleczne-3-1.jpg\",\"keywords\":[\"administracja publiczna\",\"facebook\",\"fb\",\"IG\",\"instagram\",\"media spo\u0142eczno\u015bciowe\",\"polityka informacyjna\",\"samorz\u0105d\"],\"articleSection\":[\"wiedza\"],\"inLanguage\":\"pl-PL\",\"potentialAction\":[{\"@type\":\"CommentAction\",\"name\":\"Comment\",\"target\":[\"https:\/\/socjolab.pl\/?p=1425#respond\"]}]},{\"@type\":\"WebPage\",\"@id\":\"https:\/\/socjolab.pl\/?p=1425\",\"url\":\"https:\/\/socjolab.pl\/?p=1425\",\"name\":\"Planowanie w socialmedia - SOCJOLAB\",\"isPartOf\":{\"@id\":\"https:\/\/socjolab.pl\/#website\"},\"primaryImageOfPage\":{\"@id\":\"https:\/\/socjolab.pl\/?p=1425#primaryimage\"},\"image\":{\"@id\":\"https:\/\/socjolab.pl\/?p=1425#primaryimage\"},\"thumbnailUrl\":\"https:\/\/socjolab.pl\/wp-content\/uploads\/2024\/05\/Laboratorium-spoleczne-3-1.jpg\",\"datePublished\":\"2024-05-24T08:04:37+00:00\",\"dateModified\":\"2024-05-24T08:04:38+00:00\",\"description\":\"Czy planowanie w mediach spo\u0142eczno\u015bciowych ma sens? Jak prowadzi\u0107 proaktywnie media spo\u0142eczno\u015bciowe, by wzbudza\u0107 zainteresowanie?\",\"breadcrumb\":{\"@id\":\"https:\/\/socjolab.pl\/?p=1425#breadcrumb\"},\"inLanguage\":\"pl-PL\",\"potentialAction\":[{\"@type\":\"ReadAction\",\"target\":[\"https:\/\/socjolab.pl\/?p=1425\"]}]},{\"@type\":\"ImageObject\",\"inLanguage\":\"pl-PL\",\"@id\":\"https:\/\/socjolab.pl\/?p=1425#primaryimage\",\"url\":\"https:\/\/socjolab.pl\/wp-content\/uploads\/2024\/05\/Laboratorium-spoleczne-3-1.jpg\",\"contentUrl\":\"https:\/\/socjolab.pl\/wp-content\/uploads\/2024\/05\/Laboratorium-spoleczne-3-1.jpg\",\"width\":1920,\"height\":1080,\"caption\":\"socjolab media spo\u0142eczno\u015bciowe\"},{\"@type\":\"BreadcrumbList\",\"@id\":\"https:\/\/socjolab.pl\/?p=1425#breadcrumb\",\"itemListElement\":[{\"@type\":\"ListItem\",\"position\":1,\"name\":\"Strona g\u0142\u00f3wna\",\"item\":\"https:\/\/socjolab.pl\/\"},{\"@type\":\"ListItem\",\"position\":2,\"name\":\"Planowanie w socialmedia\"}]},{\"@type\":\"WebSite\",\"@id\":\"https:\/\/socjolab.pl\/#website\",\"url\":\"https:\/\/socjolab.pl\/\",\"name\":\"SOCJOLAB\",\"description\":\"szkolenia, doradztwo\",\"publisher\":{\"@id\":\"https:\/\/socjolab.pl\/#organization\"},\"potentialAction\":[{\"@type\":\"SearchAction\",\"target\":{\"@type\":\"EntryPoint\",\"urlTemplate\":\"https:\/\/socjolab.pl\/?s={search_term_string}\"},\"query-input\":{\"@type\":\"PropertyValueSpecification\",\"valueRequired\":true,\"valueName\":\"search_term_string\"}}],\"inLanguage\":\"pl-PL\"},{\"@type\":\"Organization\",\"@id\":\"https:\/\/socjolab.pl\/#organization\",\"name\":\"CENTRUM SZKOLENIOWE\",\"url\":\"https:\/\/socjolab.pl\/\",\"logo\":{\"@type\":\"ImageObject\",\"inLanguage\":\"pl-PL\",\"@id\":\"https:\/\/socjolab.pl\/#\/schema\/logo\/image\/\",\"url\":\"https:\/\/socjolab.pl\/wp-content\/uploads\/2024\/03\/Bezowy-Pomaranczowy-Niebieski-i-Zielony-Nieregularne-Bazgroly-Zestaw-do-Swietowania-dla-Firmy-Post-na-Facebooka.jpg\",\"contentUrl\":\"https:\/\/socjolab.pl\/wp-content\/uploads\/2024\/03\/Bezowy-Pomaranczowy-Niebieski-i-Zielony-Nieregularne-Bazgroly-Zestaw-do-Swietowania-dla-Firmy-Post-na-Facebooka.jpg\",\"width\":940,\"height\":788,\"caption\":\"CENTRUM SZKOLENIOWE\"},\"image\":{\"@id\":\"https:\/\/socjolab.pl\/#\/schema\/logo\/image\/\"}},{\"@type\":\"Person\",\"@id\":\"https:\/\/socjolab.pl\/#\/schema\/person\/fe6eb68d8df4a70ddc05510de89286c4\",\"name\":\"admin\",\"image\":{\"@type\":\"ImageObject\",\"inLanguage\":\"pl-PL\",\"@id\":\"https:\/\/socjolab.pl\/#\/schema\/person\/image\/\",\"url\":\"https:\/\/secure.gravatar.com\/avatar\/1a6fbe7312a100f8cf31e6944992876bdc9944a2b29107ef260fd2aa72a26376?s=96&d=mm&r=g\",\"contentUrl\":\"https:\/\/secure.gravatar.com\/avatar\/1a6fbe7312a100f8cf31e6944992876bdc9944a2b29107ef260fd2aa72a26376?s=96&d=mm&r=g\",\"caption\":\"admin\"},\"sameAs\":[\"http:\/\/socjolab.pl\"],\"url\":\"https:\/\/socjolab.pl\/?author=1\"}]}<\/script>\n<!-- \/ Yoast SEO plugin. -->","yoast_head_json":{"title":"Planowanie w socialmedia - SOCJOLAB","description":"Czy planowanie w mediach spo\u0142eczno\u015bciowych ma sens? Jak prowadzi\u0107 proaktywnie media spo\u0142eczno\u015bciowe, by wzbudza\u0107 zainteresowanie?","robots":{"index":"index","follow":"follow","max-snippet":"max-snippet:-1","max-image-preview":"max-image-preview:large","max-video-preview":"max-video-preview:-1"},"canonical":"https:\/\/socjolab.pl\/?p=1425","og_locale":"pl_PL","og_type":"article","og_title":"Planowanie w socialmedia - SOCJOLAB","og_description":"Czy planowanie w mediach spo\u0142eczno\u015bciowych ma sens? Jak prowadzi\u0107 proaktywnie media spo\u0142eczno\u015bciowe, by wzbudza\u0107 zainteresowanie?","og_url":"https:\/\/socjolab.pl\/?p=1425","og_site_name":"SOCJOLAB","article_published_time":"2024-05-24T08:04:37+00:00","article_modified_time":"2024-05-24T08:04:38+00:00","og_image":[{"width":1920,"height":1080,"url":"https:\/\/socjolab.pl\/wp-content\/uploads\/2024\/05\/Laboratorium-spoleczne-3-1.jpg","type":"image\/jpeg"}],"author":"admin","twitter_card":"summary_large_image","twitter_misc":{"Napisane przez":"admin","Szacowany czas czytania":"5 minut"},"schema":{"@context":"https:\/\/schema.org","@graph":[{"@type":"Article","@id":"https:\/\/socjolab.pl\/?p=1425#article","isPartOf":{"@id":"https:\/\/socjolab.pl\/?p=1425"},"author":{"name":"admin","@id":"https:\/\/socjolab.pl\/#\/schema\/person\/fe6eb68d8df4a70ddc05510de89286c4"},"headline":"Planowanie w socialmedia","datePublished":"2024-05-24T08:04:37+00:00","dateModified":"2024-05-24T08:04:38+00:00","mainEntityOfPage":{"@id":"https:\/\/socjolab.pl\/?p=1425"},"wordCount":850,"commentCount":0,"publisher":{"@id":"https:\/\/socjolab.pl\/#organization"},"image":{"@id":"https:\/\/socjolab.pl\/?p=1425#primaryimage"},"thumbnailUrl":"https:\/\/socjolab.pl\/wp-content\/uploads\/2024\/05\/Laboratorium-spoleczne-3-1.jpg","keywords":["administracja publiczna","facebook","fb","IG","instagram","media spo\u0142eczno\u015bciowe","polityka informacyjna","samorz\u0105d"],"articleSection":["wiedza"],"inLanguage":"pl-PL","potentialAction":[{"@type":"CommentAction","name":"Comment","target":["https:\/\/socjolab.pl\/?p=1425#respond"]}]},{"@type":"WebPage","@id":"https:\/\/socjolab.pl\/?p=1425","url":"https:\/\/socjolab.pl\/?p=1425","name":"Planowanie w socialmedia - SOCJOLAB","isPartOf":{"@id":"https:\/\/socjolab.pl\/#website"},"primaryImageOfPage":{"@id":"https:\/\/socjolab.pl\/?p=1425#primaryimage"},"image":{"@id":"https:\/\/socjolab.pl\/?p=1425#primaryimage"},"thumbnailUrl":"https:\/\/socjolab.pl\/wp-content\/uploads\/2024\/05\/Laboratorium-spoleczne-3-1.jpg","datePublished":"2024-05-24T08:04:37+00:00","dateModified":"2024-05-24T08:04:38+00:00","description":"Czy planowanie w mediach spo\u0142eczno\u015bciowych ma sens? Jak prowadzi\u0107 proaktywnie media spo\u0142eczno\u015bciowe, by wzbudza\u0107 zainteresowanie?","breadcrumb":{"@id":"https:\/\/socjolab.pl\/?p=1425#breadcrumb"},"inLanguage":"pl-PL","potentialAction":[{"@type":"ReadAction","target":["https:\/\/socjolab.pl\/?p=1425"]}]},{"@type":"ImageObject","inLanguage":"pl-PL","@id":"https:\/\/socjolab.pl\/?p=1425#primaryimage","url":"https:\/\/socjolab.pl\/wp-content\/uploads\/2024\/05\/Laboratorium-spoleczne-3-1.jpg","contentUrl":"https:\/\/socjolab.pl\/wp-content\/uploads\/2024\/05\/Laboratorium-spoleczne-3-1.jpg","width":1920,"height":1080,"caption":"socjolab media spo\u0142eczno\u015bciowe"},{"@type":"BreadcrumbList","@id":"https:\/\/socjolab.pl\/?p=1425#breadcrumb","itemListElement":[{"@type":"ListItem","position":1,"name":"Strona g\u0142\u00f3wna","item":"https:\/\/socjolab.pl\/"},{"@type":"ListItem","position":2,"name":"Planowanie w socialmedia"}]},{"@type":"WebSite","@id":"https:\/\/socjolab.pl\/#website","url":"https:\/\/socjolab.pl\/","name":"SOCJOLAB","description":"szkolenia, doradztwo","publisher":{"@id":"https:\/\/socjolab.pl\/#organization"},"potentialAction":[{"@type":"SearchAction","target":{"@type":"EntryPoint","urlTemplate":"https:\/\/socjolab.pl\/?s={search_term_string}"},"query-input":{"@type":"PropertyValueSpecification","valueRequired":true,"valueName":"search_term_string"}}],"inLanguage":"pl-PL"},{"@type":"Organization","@id":"https:\/\/socjolab.pl\/#organization","name":"CENTRUM SZKOLENIOWE","url":"https:\/\/socjolab.pl\/","logo":{"@type":"ImageObject","inLanguage":"pl-PL","@id":"https:\/\/socjolab.pl\/#\/schema\/logo\/image\/","url":"https:\/\/socjolab.pl\/wp-content\/uploads\/2024\/03\/Bezowy-Pomaranczowy-Niebieski-i-Zielony-Nieregularne-Bazgroly-Zestaw-do-Swietowania-dla-Firmy-Post-na-Facebooka.jpg","contentUrl":"https:\/\/socjolab.pl\/wp-content\/uploads\/2024\/03\/Bezowy-Pomaranczowy-Niebieski-i-Zielony-Nieregularne-Bazgroly-Zestaw-do-Swietowania-dla-Firmy-Post-na-Facebooka.jpg","width":940,"height":788,"caption":"CENTRUM SZKOLENIOWE"},"image":{"@id":"https:\/\/socjolab.pl\/#\/schema\/logo\/image\/"}},{"@type":"Person","@id":"https:\/\/socjolab.pl\/#\/schema\/person\/fe6eb68d8df4a70ddc05510de89286c4","name":"admin","image":{"@type":"ImageObject","inLanguage":"pl-PL","@id":"https:\/\/socjolab.pl\/#\/schema\/person\/image\/","url":"https:\/\/secure.gravatar.com\/avatar\/1a6fbe7312a100f8cf31e6944992876bdc9944a2b29107ef260fd2aa72a26376?s=96&d=mm&r=g","contentUrl":"https:\/\/secure.gravatar.com\/avatar\/1a6fbe7312a100f8cf31e6944992876bdc9944a2b29107ef260fd2aa72a26376?s=96&d=mm&r=g","caption":"admin"},"sameAs":["http:\/\/socjolab.pl"],"url":"https:\/\/socjolab.pl\/?author=1"}]}},"_links":{"self":[{"href":"https:\/\/socjolab.pl\/index.php?rest_route=\/wp\/v2\/posts\/1425","targetHints":{"allow":["GET"]}}],"collection":[{"href":"https:\/\/socjolab.pl\/index.php?rest_route=\/wp\/v2\/posts"}],"about":[{"href":"https:\/\/socjolab.pl\/index.php?rest_route=\/wp\/v2\/types\/post"}],"author":[{"embeddable":true,"href":"https:\/\/socjolab.pl\/index.php?rest_route=\/wp\/v2\/users\/1"}],"replies":[{"embeddable":true,"href":"https:\/\/socjolab.pl\/index.php?rest_route=%2Fwp%2Fv2%2Fcomments&post=1425"}],"version-history":[{"count":1,"href":"https:\/\/socjolab.pl\/index.php?rest_route=\/wp\/v2\/posts\/1425\/revisions"}],"predecessor-version":[{"id":1427,"href":"https:\/\/socjolab.pl\/index.php?rest_route=\/wp\/v2\/posts\/1425\/revisions\/1427"}],"wp:featuredmedia":[{"embeddable":true,"href":"https:\/\/socjolab.pl\/index.php?rest_route=\/wp\/v2\/media\/1426"}],"wp:attachment":[{"href":"https:\/\/socjolab.pl\/index.php?rest_route=%2Fwp%2Fv2%2Fmedia&parent=1425"}],"wp:term":[{"taxonomy":"category","embeddable":true,"href":"https:\/\/socjolab.pl\/index.php?rest_route=%2Fwp%2Fv2%2Fcategories&post=1425"},{"taxonomy":"post_tag","embeddable":true,"href":"https:\/\/socjolab.pl\/index.php?rest_route=%2Fwp%2Fv2%2Ftags&post=1425"}],"curies":[{"name":"wp","href":"https:\/\/api.w.org\/{rel}","templated":true}]}}